{"id":66024,"date":"2015-08-20T19:15:42","date_gmt":"2015-08-20T22:15:42","guid":{"rendered":"http:\/\/aconteceunovale.com.br\/portal\/?p=66024"},"modified":"2015-08-20T19:15:42","modified_gmt":"2015-08-20T22:15:42","slug":"idoso-e-assassinado-e-homem-de-26-anos-e-vitima-de-emboscada-na-zona-rural-de-teofilo-otoni","status":"publish","type":"post","link":"https:\/\/aconteceunovale.com.br\/portal\/?p=66024","title":{"rendered":"Idoso \u00e9 assassinado e homem de 26 anos \u00e9 v\u00edtima de emboscada na zona rural de Te\u00f3filo Otoni"},"content":{"rendered":"<p>Um homem de 60 anos foi assassinado no final da noite dessa quarta-feira, 19 de agosto, no distrito de Rio Pretinho, em Te\u00f3filo Otoni, no Vale do Mucuri. Segundo informa\u00e7\u00f5es da Pol\u00edcia Militar (PM), testemunhas relataram que Jo\u00e3o Batista Rodrigues de Souza estava em um bar na Rua Jos\u00e9 de Souza Campos, quando foi surpreendido por um indiv\u00edduo, que por motivos desconhecidos, desferiu uma facada contra seu abd\u00f4men.<\/p>\n<p>Jo\u00e3o Batista foi socorrido por populares at\u00e9 um Posto de Sa\u00fade em Catuji, onde j\u00e1 chegou sem sinais vitais. A Per\u00edcia T\u00e9cnica da Pol\u00edcia Civil foi acionada e ap\u00f3s os trabalhos de praxe, o corpo foi removido ao Instituto M\u00e9dico Legal (IML) de Te\u00f3filo Otoni. <\/p>\n<p>O criminoso evadiu do local e at\u00e9 o in\u00edcio da manh\u00e3 desta quinta-feira, n\u00e3o havia sido localizado pela Pol\u00edcia. Chovia no momento do assassinato e devido ao dif\u00edcil acesso, o trabalho de rastreamento da Pol\u00edcia Militar foi prejudicado.<\/p>\n<p><strong>Tentativa de homic\u00eddio<\/strong><\/p>\n<p>A Pol\u00edcia Militar de Te\u00f3filo Otoni tamb\u00e9m registrou uma tentativa de homic\u00eddio na noite dessa quarta-feira. Por volta das 20 horas, um homem de 26 anos foi baleado na Fazenda Alvorada, na zona rural do munic\u00edpio. Conforme a Pol\u00edcia, P.X.S deu entrada na Unidade de Pronto Atendimento (UPA) com uma perfura\u00e7\u00e3o nas costas, proveniente de arma de fogo do tipo chumbeira. <\/p>\n<p>De acordo com a PM, a v\u00edtima relatou que fora alvejada ao abrir uma cancela. Devido a pouca luminosidade, o homem n\u00e3o conseguiu visualizar o autor da emboscada. O autor do crime ainda n\u00e3o foi localizado.<\/p>\n","protected":false},"excerpt":{"rendered":"<p>Um homem de 60 anos foi assassinado no final da noite dessa quarta-feira, 19 de agosto, no distrito de Rio Pretinho, em Te\u00f3filo Otoni, no Vale do Mucuri. Segundo informa\u00e7\u00f5es da Pol\u00edcia Militar (PM), testemunhas relataram que Jo\u00e3o Batista Rodrigues de Souza estava em um bar na Rua Jos\u00e9 de Souza Campos, quando foi surpreendido [&hellip;]<\/p>\n","protected":false},"author":1,"featured_media":32816,"comment_status":"open","ping_status":"closed","sticky":false,"template":"","format":"standard","meta":{"amp_status":"","footnotes":""},"categories":[122],"tags":[29509,55914,55916,9483,19571,55912,55915,38504,38505,55913,29329,164,19572],"class_list":["post-66024","post","type-post","status-publish","format-standard","has-post-thumbnail","hentry","category-mucuri","tag-assassinato-em-teofilo-otoni","tag-distrito-de-rio-pretinho","tag-emboscada-em-teofilo-otoni","tag-homicidio-em-rio-pretinho","tag-homicidio-em-teofilo-otoni","tag-idoso-e-assassinado-e-homem-de-26-anos-e-vitima-de-emboscada-na-zona-rural-de-teofilo-otoni","tag-joao-batista-rodrigues-de-souza","tag-morte-em-teofilo-otoni","tag-morto-em-teofilo-otoni","tag-rio-pretinho","tag-tentativa-de-homicidio-em-teofilo-otoni","tag-teofilo-otoni","tag-violencia-em-teofilo-otoni"],"yoast_head":"<!-- This site is optimized with the Yoast SEO plugin v28.3 - https:\/\/yoast.com\/product\/yoast-seo-wordpress\/ -->\n<title>Idoso \u00e9 assassinado e homem de 26 anos \u00e9 v\u00edtima de emboscada na zona rural de Te\u00f3filo Otoni - Aconteceu no Vale<\/title>\n<meta name=\"robots\" content=\"index, follow, max-snippet:-1, max-image-preview:large, max-video-preview:-1\" \/>\n<link rel=\"canonical\" href=\"https:\/\/aconteceunovale.com.br\/portal\/?p=66024\" \/>\n<meta property=\"og:locale\" content=\"pt_BR\" \/>\n<meta property=\"og:type\" content=\"article\" \/>\n<meta property=\"og:title\" content=\"Idoso \u00e9 assassinado e homem de 26 anos \u00e9 v\u00edtima de emboscada na zona rural de Te\u00f3filo Otoni - Aconteceu no Vale\" \/>\n<meta property=\"og:description\" content=\"Um homem de 60 anos foi assassinado no final da noite dessa quarta-feira, 19 de agosto, no distrito de Rio Pretinho, em Te\u00f3filo Otoni, no Vale do Mucuri. Segundo informa\u00e7\u00f5es da Pol\u00edcia Militar (PM), testemunhas relataram que Jo\u00e3o Batista Rodrigues de Souza estava em um bar na Rua Jos\u00e9 de Souza Campos, quando foi surpreendido [&hellip;]\" \/>\n<meta property=\"og:url\" content=\"https:\/\/aconteceunovale.com.br\/portal\/?p=66024\" \/>\n<meta property=\"og:site_name\" content=\"Aconteceu no Vale\" \/>\n<meta property=\"article:publisher\" content=\"https:\/\/www.facebook.com\/aconteceunovale\/\" \/>\n<meta property=\"article:published_time\" content=\"2015-08-20T22:15:42+00:00\" \/>\n<meta property=\"og:image\" content=\"https:\/\/aconteceunovale.com.br\/portal\/wp-content\/uploads\/2014\/06\/acidente_plantao_pm.jpg\" \/>\n\t<meta property=\"og:image:width\" content=\"570\" \/>\n\t<meta property=\"og:image:height\" content=\"374\" \/>\n\t<meta property=\"og:image:type\" content=\"image\/jpeg\" \/>\n<meta name=\"author\" content=\"Aconteceu no Vale\" \/>\n<meta name=\"twitter:card\" content=\"summary_large_image\" \/>\n<meta name=\"twitter:creator\" content=\"@noticiadosvales\" \/>\n<meta name=\"twitter:site\" content=\"@noticiadosvales\" \/>\n<meta name=\"twitter:label1\" content=\"Escrito por\" \/>\n\t<meta name=\"twitter:data1\" content=\"Aconteceu no Vale\" \/>\n\t<meta name=\"twitter:label2\" content=\"Est. tempo de leitura\" \/>\n\t<meta name=\"twitter:data2\" content=\"1 minuto\" \/>\n<script type=\"application\/ld+json\" class=\"yoast-schema-graph\">{\"@context\":\"https:\\\/\\\/schema.org\",\"@graph\":[{\"@type\":\"Article\",\"@id\":\"https:\\\/\\\/aconteceunovale.com.br\\\/portal\\\/?p=66024#article\",\"isPartOf\":{\"@id\":\"https:\\\/\\\/aconteceunovale.com.br\\\/portal\\\/?p=66024\"},\"author\":{\"name\":\"Aconteceu no Vale\",\"@id\":\"https:\\\/\\\/aconteceunovale.com.br\\\/portal\\\/#\\\/schema\\\/person\\\/633529146f2c94272bef50ac2953d589\"},\"headline\":\"Idoso \u00e9 assassinado e homem de 26 anos \u00e9 v\u00edtima de emboscada na zona rural de Te\u00f3filo Otoni\",\"datePublished\":\"2015-08-20T22:15:42+00:00\",\"mainEntityOfPage\":{\"@id\":\"https:\\\/\\\/aconteceunovale.com.br\\\/portal\\\/?p=66024\"},\"wordCount\":296,\"commentCount\":0,\"image\":{\"@id\":\"https:\\\/\\\/aconteceunovale.com.br\\\/portal\\\/?p=66024#primaryimage\"},\"thumbnailUrl\":\"https:\\\/\\\/aconteceunovale.com.br\\\/portal\\\/wp-content\\\/uploads\\\/2014\\\/06\\\/acidente_plantao_pm.jpg\",\"keywords\":[\"assassinato em te\u00f3filo otoni\",\"distrito de rio pretinho\",\"emboscada em te\u00f3filo otoni\",\"homic\u00eddio em rio pretinho\",\"homicidio em te\u00f3filo otoni\",\"Idoso \u00e9 assassinado e homem de 26 anos \u00e9 v\u00edtima de emboscada na zona rural de Te\u00f3filo Otoni\",\"jo\u00e3o batista rodrigues de souza\",\"morte em te\u00f3filo otoni\",\"morto em te\u00f3filo otoni\",\"rio pretinho\",\"tentativa de homic\u00eddio em te\u00f3filo otoni\",\"Te\u00f3filo Otoni\",\"viol\u00eancia em te\u00f3filo otoni\"],\"articleSection\":[\"Vale do Mucuri\"],\"inLanguage\":\"pt-BR\",\"potentialAction\":[{\"@type\":\"CommentAction\",\"name\":\"Comment\",\"target\":[\"https:\\\/\\\/aconteceunovale.com.br\\\/portal\\\/?p=66024#respond\"]}]},{\"@type\":\"WebPage\",\"@id\":\"https:\\\/\\\/aconteceunovale.com.br\\\/portal\\\/?p=66024\",\"url\":\"https:\\\/\\\/aconteceunovale.com.br\\\/portal\\\/?p=66024\",\"name\":\"Idoso \u00e9 assassinado e homem de 26 anos \u00e9 v\u00edtima de emboscada na zona rural de Te\u00f3filo Otoni - Aconteceu no Vale\",\"isPartOf\":{\"@id\":\"https:\\\/\\\/aconteceunovale.com.br\\\/portal\\\/#website\"},\"primaryImageOfPage\":{\"@id\":\"https:\\\/\\\/aconteceunovale.com.br\\\/portal\\\/?p=66024#primaryimage\"},\"image\":{\"@id\":\"https:\\\/\\\/aconteceunovale.com.br\\\/portal\\\/?p=66024#primaryimage\"},\"thumbnailUrl\":\"https:\\\/\\\/aconteceunovale.com.br\\\/portal\\\/wp-content\\\/uploads\\\/2014\\\/06\\\/acidente_plantao_pm.jpg\",\"datePublished\":\"2015-08-20T22:15:42+00:00\",\"author\":{\"@id\":\"https:\\\/\\\/aconteceunovale.com.br\\\/portal\\\/#\\\/schema\\\/person\\\/633529146f2c94272bef50ac2953d589\"},\"breadcrumb\":{\"@id\":\"https:\\\/\\\/aconteceunovale.com.br\\\/portal\\\/?p=66024#breadcrumb\"},\"inLanguage\":\"pt-BR\",\"potentialAction\":[{\"@type\":\"ReadAction\",\"target\":[\"https:\\\/\\\/aconteceunovale.com.br\\\/portal\\\/?p=66024\"]}]},{\"@type\":\"ImageObject\",\"inLanguage\":\"pt-BR\",\"@id\":\"https:\\\/\\\/aconteceunovale.com.br\\\/portal\\\/?p=66024#primaryimage\",\"url\":\"https:\\\/\\\/aconteceunovale.com.br\\\/portal\\\/wp-content\\\/uploads\\\/2014\\\/06\\\/acidente_plantao_pm.jpg\",\"contentUrl\":\"https:\\\/\\\/aconteceunovale.com.br\\\/portal\\\/wp-content\\\/uploads\\\/2014\\\/06\\\/acidente_plantao_pm.jpg\",\"width\":570,\"height\":374},{\"@type\":\"BreadcrumbList\",\"@id\":\"https:\\\/\\\/aconteceunovale.com.br\\\/portal\\\/?p=66024#breadcrumb\",\"itemListElement\":[{\"@type\":\"ListItem\",\"position\":1,\"name\":\"In\u00edcio\",\"item\":\"https:\\\/\\\/aconteceunovale.com.br\\\/portal\\\/\"},{\"@type\":\"ListItem\",\"position\":2,\"name\":\"Idoso \u00e9 assassinado e homem de 26 anos \u00e9 v\u00edtima de emboscada na zona rural de Te\u00f3filo Otoni\"}]},{\"@type\":\"WebSite\",\"@id\":\"https:\\\/\\\/aconteceunovale.com.br\\\/portal\\\/#website\",\"url\":\"https:\\\/\\\/aconteceunovale.com.br\\\/portal\\\/\",\"name\":\"Aconteceu no Vale\",\"description\":\"Portal de Not\u00edcias\",\"potentialAction\":[{\"@type\":\"SearchAction\",\"target\":{\"@type\":\"EntryPoint\",\"urlTemplate\":\"https:\\\/\\\/aconteceunovale.com.br\\\/portal\\\/?s={search_term_string}\"},\"query-input\":{\"@type\":\"PropertyValueSpecification\",\"valueRequired\":true,\"valueName\":\"search_term_string\"}}],\"inLanguage\":\"pt-BR\"},{\"@type\":\"Person\",\"@id\":\"https:\\\/\\\/aconteceunovale.com.br\\\/portal\\\/#\\\/schema\\\/person\\\/633529146f2c94272bef50ac2953d589\",\"name\":\"Aconteceu no Vale\",\"description\":\"Equipe de reportagem do Aconteceu no Vale, portal de not\u00edcias do Vale do Jequitinhonha, em Minas Gerais. Cobrimos as 51 cidades do Vale desde 2013. Sugest\u00f5es de pauta e pedidos de corre\u00e7\u00e3o: contato@aconteceunovale.com.br\",\"sameAs\":[\"http:\\\/\\\/www.aconteceunovale.com.br\"],\"url\":\"https:\\\/\\\/aconteceunovale.com.br\\\/portal\\\/?author=1\"}]}<\/script>\n<!-- \/ Yoast SEO plugin. -->","yoast_head_json":{"title":"Idoso \u00e9 assassinado e homem de 26 anos \u00e9 v\u00edtima de emboscada na zona rural de Te\u00f3filo Otoni - Aconteceu no Vale","robots":{"index":"index","follow":"follow","max-snippet":"max-snippet:-1","max-image-preview":"max-image-preview:large","max-video-preview":"max-video-preview:-1"},"canonical":"https:\/\/aconteceunovale.com.br\/portal\/?p=66024","og_locale":"pt_BR","og_type":"article","og_title":"Idoso \u00e9 assassinado e homem de 26 anos \u00e9 v\u00edtima de emboscada na zona rural de Te\u00f3filo Otoni - Aconteceu no Vale","og_description":"Um homem de 60 anos foi assassinado no final da noite dessa quarta-feira, 19 de agosto, no distrito de Rio Pretinho, em Te\u00f3filo Otoni, no Vale do Mucuri. Segundo informa\u00e7\u00f5es da Pol\u00edcia Militar (PM), testemunhas relataram que Jo\u00e3o Batista Rodrigues de Souza estava em um bar na Rua Jos\u00e9 de Souza Campos, quando foi surpreendido [&hellip;]","og_url":"https:\/\/aconteceunovale.com.br\/portal\/?p=66024","og_site_name":"Aconteceu no Vale","article_publisher":"https:\/\/www.facebook.com\/aconteceunovale\/","article_published_time":"2015-08-20T22:15:42+00:00","og_image":[{"width":570,"height":374,"url":"https:\/\/aconteceunovale.com.br\/portal\/wp-content\/uploads\/2014\/06\/acidente_plantao_pm.jpg","type":"image\/jpeg"}],"author":"Aconteceu no Vale","twitter_card":"summary_large_image","twitter_creator":"@noticiadosvales","twitter_site":"@noticiadosvales","twitter_misc":{"Escrito por":"Aconteceu no Vale","Est. tempo de leitura":"1 minuto"},"schema":{"@context":"https:\/\/schema.org","@graph":[{"@type":"Article","@id":"https:\/\/aconteceunovale.com.br\/portal\/?p=66024#article","isPartOf":{"@id":"https:\/\/aconteceunovale.com.br\/portal\/?p=66024"},"author":{"name":"Aconteceu no Vale","@id":"https:\/\/aconteceunovale.com.br\/portal\/#\/schema\/person\/633529146f2c94272bef50ac2953d589"},"headline":"Idoso \u00e9 assassinado e homem de 26 anos \u00e9 v\u00edtima de emboscada na zona rural de Te\u00f3filo Otoni","datePublished":"2015-08-20T22:15:42+00:00","mainEntityOfPage":{"@id":"https:\/\/aconteceunovale.com.br\/portal\/?p=66024"},"wordCount":296,"commentCount":0,"image":{"@id":"https:\/\/aconteceunovale.com.br\/portal\/?p=66024#primaryimage"},"thumbnailUrl":"https:\/\/aconteceunovale.com.br\/portal\/wp-content\/uploads\/2014\/06\/acidente_plantao_pm.jpg","keywords":["assassinato em te\u00f3filo otoni","distrito de rio pretinho","emboscada em te\u00f3filo otoni","homic\u00eddio em rio pretinho","homicidio em te\u00f3filo otoni","Idoso \u00e9 assassinado e homem de 26 anos \u00e9 v\u00edtima de emboscada na zona rural de Te\u00f3filo Otoni","jo\u00e3o batista rodrigues de souza","morte em te\u00f3filo otoni","morto em te\u00f3filo otoni","rio pretinho","tentativa de homic\u00eddio em te\u00f3filo otoni","Te\u00f3filo Otoni","viol\u00eancia em te\u00f3filo otoni"],"articleSection":["Vale do Mucuri"],"inLanguage":"pt-BR","potentialAction":[{"@type":"CommentAction","name":"Comment","target":["https:\/\/aconteceunovale.com.br\/portal\/?p=66024#respond"]}]},{"@type":"WebPage","@id":"https:\/\/aconteceunovale.com.br\/portal\/?p=66024","url":"https:\/\/aconteceunovale.com.br\/portal\/?p=66024","name":"Idoso \u00e9 assassinado e homem de 26 anos \u00e9 v\u00edtima de emboscada na zona rural de Te\u00f3filo Otoni - Aconteceu no Vale","isPartOf":{"@id":"https:\/\/aconteceunovale.com.br\/portal\/#website"},"primaryImageOfPage":{"@id":"https:\/\/aconteceunovale.com.br\/portal\/?p=66024#primaryimage"},"image":{"@id":"https:\/\/aconteceunovale.com.br\/portal\/?p=66024#primaryimage"},"thumbnailUrl":"https:\/\/aconteceunovale.com.br\/portal\/wp-content\/uploads\/2014\/06\/acidente_plantao_pm.jpg","datePublished":"2015-08-20T22:15:42+00:00","author":{"@id":"https:\/\/aconteceunovale.com.br\/portal\/#\/schema\/person\/633529146f2c94272bef50ac2953d589"},"breadcrumb":{"@id":"https:\/\/aconteceunovale.com.br\/portal\/?p=66024#breadcrumb"},"inLanguage":"pt-BR","potentialAction":[{"@type":"ReadAction","target":["https:\/\/aconteceunovale.com.br\/portal\/?p=66024"]}]},{"@type":"ImageObject","inLanguage":"pt-BR","@id":"https:\/\/aconteceunovale.com.br\/portal\/?p=66024#primaryimage","url":"https:\/\/aconteceunovale.com.br\/portal\/wp-content\/uploads\/2014\/06\/acidente_plantao_pm.jpg","contentUrl":"https:\/\/aconteceunovale.com.br\/portal\/wp-content\/uploads\/2014\/06\/acidente_plantao_pm.jpg","width":570,"height":374},{"@type":"BreadcrumbList","@id":"https:\/\/aconteceunovale.com.br\/portal\/?p=66024#breadcrumb","itemListElement":[{"@type":"ListItem","position":1,"name":"In\u00edcio","item":"https:\/\/aconteceunovale.com.br\/portal\/"},{"@type":"ListItem","position":2,"name":"Idoso \u00e9 assassinado e homem de 26 anos \u00e9 v\u00edtima de emboscada na zona rural de Te\u00f3filo Otoni"}]},{"@type":"WebSite","@id":"https:\/\/aconteceunovale.com.br\/portal\/#website","url":"https:\/\/aconteceunovale.com.br\/portal\/","name":"Aconteceu no Vale","description":"Portal de Not\u00edcias","potentialAction":[{"@type":"SearchAction","target":{"@type":"EntryPoint","urlTemplate":"https:\/\/aconteceunovale.com.br\/portal\/?s={search_term_string}"},"query-input":{"@type":"PropertyValueSpecification","valueRequired":true,"valueName":"search_term_string"}}],"inLanguage":"pt-BR"},{"@type":"Person","@id":"https:\/\/aconteceunovale.com.br\/portal\/#\/schema\/person\/633529146f2c94272bef50ac2953d589","name":"Aconteceu no Vale","description":"Equipe de reportagem do Aconteceu no Vale, portal de not\u00edcias do Vale do Jequitinhonha, em Minas Gerais. Cobrimos as 51 cidades do Vale desde 2013. Sugest\u00f5es de pauta e pedidos de corre\u00e7\u00e3o: contato@aconteceunovale.com.br","sameAs":["http:\/\/www.aconteceunovale.com.br"],"url":"https:\/\/aconteceunovale.com.br\/portal\/?author=1"}]}},"_links":{"self":[{"href":"https:\/\/aconteceunovale.com.br\/portal\/index.php?rest_route=\/wp\/v2\/posts\/66024","targetHints":{"allow":["GET"]}}],"collection":[{"href":"https:\/\/aconteceunovale.com.br\/portal\/index.php?rest_route=\/wp\/v2\/posts"}],"about":[{"href":"https:\/\/aconteceunovale.com.br\/portal\/index.php?rest_route=\/wp\/v2\/types\/post"}],"author":[{"embeddable":true,"href":"https:\/\/aconteceunovale.com.br\/portal\/index.php?rest_route=\/wp\/v2\/users\/1"}],"replies":[{"embeddable":true,"href":"https:\/\/aconteceunovale.com.br\/portal\/index.php?rest_route=%2Fwp%2Fv2%2Fcomments&post=66024"}],"version-history":[{"count":0,"href":"https:\/\/aconteceunovale.com.br\/portal\/index.php?rest_route=\/wp\/v2\/posts\/66024\/revisions"}],"wp:featuredmedia":[{"embeddable":true,"href":"https:\/\/aconteceunovale.com.br\/portal\/index.php?rest_route=\/wp\/v2\/media\/32816"}],"wp:attachment":[{"href":"https:\/\/aconteceunovale.com.br\/portal\/index.php?rest_route=%2Fwp%2Fv2%2Fmedia&parent=66024"}],"wp:term":[{"taxonomy":"category","embeddable":true,"href":"https:\/\/aconteceunovale.com.br\/portal\/index.php?rest_route=%2Fwp%2Fv2%2Fcategories&post=66024"},{"taxonomy":"post_tag","embeddable":true,"href":"https:\/\/aconteceunovale.com.br\/portal\/index.php?rest_route=%2Fwp%2Fv2%2Ftags&post=66024"}],"curies":[{"name":"wp","href":"https:\/\/api.w.org\/{rel}","templated":true}]}}