{"id":66020,"date":"2015-08-20T18:42:28","date_gmt":"2015-08-20T21:42:28","guid":{"rendered":"http:\/\/aconteceunovale.com.br\/portal\/?p=66020"},"modified":"2015-08-20T18:42:28","modified_gmt":"2015-08-20T21:42:28","slug":"vale-do-rio-doce-recebe-projeto-cultural-da-psicanalista-marli-andrade","status":"publish","type":"post","link":"https:\/\/aconteceunovale.com.br\/portal\/?p=66020","title":{"rendered":"Vale do Rio Doce recebe Projeto Cultural da Psicanalista Marli Andrade"},"content":{"rendered":"<p>O Minist\u00e9rio da Cultura, atrav\u00e9s do Programa Nacional de Apoio \u00e0 Cultura, aprovou o projeto cultural \u201cCrian\u00e7a que l\u00ea constr\u00f3i uma sociedade melhor a cada p\u00e1gina\u201d da Psicanalista Marli Andrade. A escritora capelinhense \u00e9 a proponente junto ao Governo Federal e Coordenadora de Produ\u00e7\u00e3o do projeto.<\/p>\n<p>O projeto ir\u00e1 distribuir gratuitamente a cole\u00e7\u00e3o cultural &#8216;As minhas aventuras com Lili e Tedy&#8217;, de autoria de Marli Andrade, para 3.000 crian\u00e7as da Educa\u00e7\u00e3o Infantil das Redes Municipais de Ensino e APAEs de A\u00e7ucena, Bra\u00fanas, Bom Jesus do Galho, Coluna, Coroaci, Divinol\u00e2ndia de Minas, Ferros, Joan\u00e9sia, Materl\u00e2ndia, Pe\u00e7anha, Rio Vermelho, Santo Ant\u00f4nio do Itamb\u00e9, Senhora do Porto e Virgol\u00e2ndia.<\/p>\n<p>A cole\u00e7\u00e3o cultural &#8211; composta por 10 livros para ler, desenhar e colorir &#8211; possui t\u00e9cnicas psicossociais e fomenta a pr\u00e1tica da Pseudoleitura, proporcionando \u00e0 crian\u00e7a acesso a material cultural espec\u00edfico quanto aos temas de autoconhecimento, equil\u00edbrio emocional e rela\u00e7\u00f5es interpessoais, de forma clara e objetiva, respeitando a cultura de cada um; objetivando tamb\u00e9m auxiliar os pais na educa\u00e7\u00e3o dos filhos quanto ao seu crescimento, contribuindo para o desenvolvimento aut\u00f4nomo, com autoestima e habilidade de intera\u00e7\u00e3o social. <\/p>\n<p>As ilustra\u00e7\u00f5es s\u00e3o de Lu\u00eds Carlos \u00d3liver, jovem talento de Angel\u00e2ndia\/MG, que priorizou tra\u00e7os capazes de incentivar a crian\u00e7a se sentir estimulada a desenhar. A Coordena\u00e7\u00e3o Geral do projeto est\u00e1 a cargo do Administrador e Gestor de Projetos Paulo Henrique Silva.<\/p>\n<p>Com a realiza\u00e7\u00e3o do Minist\u00e9rio da Cultura, a CENIBRA patrocina o projeto atrav\u00e9s da Lei de Incentivo \u00e0 Cultura e o Instituto CENIBRA \u00e9 institui\u00e7\u00e3o apoiadora, refor\u00e7ando o esp\u00edrito de parceria com foco na Educa\u00e7\u00e3o Infantil, inclusive com atividades para Pais e Familiares do alunado benefici\u00e1rio, com v\u00e1rias a\u00e7\u00f5es que ser\u00e3o realizadas nos munic\u00edpios, sendo que o t\u00e9rmino da execu\u00e7\u00e3o do Projeto Cultural \u201cCrian\u00e7a que l\u00ea constr\u00f3i uma sociedade melhor a cada p\u00e1gina\u201d ser\u00e1 em novembro de 2015.<\/p>\n<p>A CENIBRA, fundada em 1973, \u00e9 uma das maiores produtoras de celulose do Brasil e est\u00e1 localizada no leste de Minas Gerais, em Belo Oriente, atuando em 54 munic\u00edpios, onde desenvolve diversos projetos socioambientais, com o objetivo de contribuir para o desenvolvimento da regi\u00e3o.<\/p>\n<p>Fundado em 2002, o Instituto CENIBRA tem como miss\u00e3o promover a\u00e7\u00f5es de apoio \u00e0 cidadania, ao bem-estar coletivo, ao desenvolvimento social, ao crescimento econ\u00f4mico e \u00e0 melhoria da qualidade de vida da popula\u00e7\u00e3o. O Instituto prioriza o desenvolvimento integrado dos 54 munic\u00edpios de atua\u00e7\u00e3o, por meio de a\u00e7\u00f5es determinadas a partir da dispers\u00e3o geogr\u00e1fica da base territorial, o \u00cdndice de Desenvolvimento Humano (IDH), a voca\u00e7\u00e3o econ\u00f4mica e identidade cultural das comunidades.<\/p>\n<p>A parceria entre Governo Federal, a CENIBRA, o Instituto CENIBRA e a escritora e Psicanalista Marli Andrade (<a href=\"http:\/\/www.marliandrade.com.br\" target=\"_blank\">www.marliandrade.com.br<\/a>) est\u00e1 \u201cInvestindo na vida, desde a Primeira Inf\u00e2ncia\u201d.<\/p>\n<p><img decoding=\"async\" src=\"http:\/\/aconteceunovale.com.br\/portal\/wp-content\/uploads\/2015\/08\/projeto_marli_andrade.jpg\" alt=\"\" \/><\/p>\n","protected":false},"excerpt":{"rendered":"<p>O Minist\u00e9rio da Cultura, atrav\u00e9s do Programa Nacional de Apoio \u00e0 Cultura, aprovou o projeto cultural \u201cCrian\u00e7a que l\u00ea constr\u00f3i uma sociedade melhor a cada p\u00e1gina\u201d da Psicanalista Marli Andrade. A escritora capelinhense \u00e9 a proponente junto ao Governo Federal e Coordenadora de Produ\u00e7\u00e3o do projeto. O projeto ir\u00e1 distribuir gratuitamente a cole\u00e7\u00e3o cultural &#8216;As [&hellip;]<\/p>\n","protected":false},"author":1,"featured_media":34086,"comment_status":"open","ping_status":"closed","sticky":false,"template":"","format":"standard","meta":{"amp_status":"","footnotes":""},"categories":[121],"tags":[971,657,55909,1101,276,132,281,283,55907,286,3378,777,55910,55911,634,301,306,55908,445,315,326,55906,333],"class_list":["post-66020","post","type-post","status-publish","format-standard","has-post-thumbnail","hentry","category-leste","tag-acucena","tag-angelandia","tag-as-minhas-aventuras-com-lili-e-tedy","tag-bom-jesus-do-galho","tag-braunas","tag-capelinha","tag-coluna","tag-coroaci","tag-crianca-que-le-constroi-uma-sociedade-melhor-a-cada-pagina","tag-divinolandia-de-minas","tag-ferros","tag-joanesia","tag-livro-marli-andrade","tag-luis-carlos-oliver","tag-marli-andrade","tag-materlandia","tag-pecanha","tag-psicanalista-marli-andrade","tag-rio-vermelho","tag-santo-antonio-do-itambe","tag-senhora-do-porto","tag-vale-do-rio-doce-recebe-projeto-cultural-da-psicanalista-marli-andrade","tag-virgolandia"],"yoast_head":"<!-- This site is optimized with the Yoast SEO plugin v28.3 - https:\/\/yoast.com\/product\/yoast-seo-wordpress\/ -->\n<title>Vale do Rio Doce recebe Projeto Cultural da Psicanalista Marli Andrade - Aconteceu no Vale<\/title>\n<meta name=\"robots\" content=\"index, follow, max-snippet:-1, max-image-preview:large, max-video-preview:-1\" \/>\n<link rel=\"canonical\" href=\"https:\/\/aconteceunovale.com.br\/portal\/?p=66020\" \/>\n<meta property=\"og:locale\" content=\"pt_BR\" \/>\n<meta property=\"og:type\" content=\"article\" \/>\n<meta property=\"og:title\" content=\"Vale do Rio Doce recebe Projeto Cultural da Psicanalista Marli Andrade - Aconteceu no Vale\" \/>\n<meta property=\"og:description\" content=\"O Minist\u00e9rio da Cultura, atrav\u00e9s do Programa Nacional de Apoio \u00e0 Cultura, aprovou o projeto cultural \u201cCrian\u00e7a que l\u00ea constr\u00f3i uma sociedade melhor a cada p\u00e1gina\u201d da Psicanalista Marli Andrade. A escritora capelinhense \u00e9 a proponente junto ao Governo Federal e Coordenadora de Produ\u00e7\u00e3o do projeto. O projeto ir\u00e1 distribuir gratuitamente a cole\u00e7\u00e3o cultural &#8216;As [&hellip;]\" \/>\n<meta property=\"og:url\" content=\"https:\/\/aconteceunovale.com.br\/portal\/?p=66020\" \/>\n<meta property=\"og:site_name\" content=\"Aconteceu no Vale\" \/>\n<meta property=\"article:publisher\" content=\"https:\/\/www.facebook.com\/aconteceunovale\/\" \/>\n<meta property=\"article:published_time\" content=\"2015-08-20T21:42:28+00:00\" \/>\n<meta property=\"og:image\" content=\"https:\/\/aconteceunovale.com.br\/portal\/wp-content\/uploads\/2014\/07\/marli_banner_2.jpg\" \/>\n\t<meta property=\"og:image:width\" content=\"678\" \/>\n\t<meta property=\"og:image:height\" content=\"419\" \/>\n\t<meta property=\"og:image:type\" content=\"image\/jpeg\" \/>\n<meta name=\"author\" content=\"Aconteceu no Vale\" \/>\n<meta name=\"twitter:card\" content=\"summary_large_image\" \/>\n<meta name=\"twitter:creator\" content=\"@noticiadosvales\" \/>\n<meta name=\"twitter:site\" content=\"@noticiadosvales\" \/>\n<meta name=\"twitter:label1\" content=\"Escrito por\" \/>\n\t<meta name=\"twitter:data1\" content=\"Aconteceu no Vale\" \/>\n\t<meta name=\"twitter:label2\" content=\"Est. tempo de leitura\" \/>\n\t<meta name=\"twitter:data2\" content=\"2 minutos\" \/>\n<script type=\"application\/ld+json\" class=\"yoast-schema-graph\">{\"@context\":\"https:\\\/\\\/schema.org\",\"@graph\":[{\"@type\":\"Article\",\"@id\":\"https:\\\/\\\/aconteceunovale.com.br\\\/portal\\\/?p=66020#article\",\"isPartOf\":{\"@id\":\"https:\\\/\\\/aconteceunovale.com.br\\\/portal\\\/?p=66020\"},\"author\":{\"name\":\"Aconteceu no Vale\",\"@id\":\"https:\\\/\\\/aconteceunovale.com.br\\\/portal\\\/#\\\/schema\\\/person\\\/633529146f2c94272bef50ac2953d589\"},\"headline\":\"Vale do Rio Doce recebe Projeto Cultural da Psicanalista Marli Andrade\",\"datePublished\":\"2015-08-20T21:42:28+00:00\",\"mainEntityOfPage\":{\"@id\":\"https:\\\/\\\/aconteceunovale.com.br\\\/portal\\\/?p=66020\"},\"wordCount\":509,\"commentCount\":0,\"image\":{\"@id\":\"https:\\\/\\\/aconteceunovale.com.br\\\/portal\\\/?p=66020#primaryimage\"},\"thumbnailUrl\":\"https:\\\/\\\/aconteceunovale.com.br\\\/portal\\\/wp-content\\\/uploads\\\/2014\\\/07\\\/marli_banner_2.jpg\",\"keywords\":[\"A\u00e7ucena\",\"Angel\u00e2ndia\",\"As minhas aventuras com Lili e Tedy\",\"Bom Jesus do Galho\",\"Bra\u00fanas\",\"Capelinha\",\"Coluna\",\"Coroaci\",\"Crian\u00e7a que l\u00ea constr\u00f3i uma sociedade melhor a cada p\u00e1gina\",\"Divinol\u00e2ndia de Minas\",\"Ferros\",\"Joan\u00e9sia\",\"Livro Marli Andrade\",\"Lu\u00eds Carlos \u00d3liver\",\"Marli Andrade\",\"Materl\u00e2ndia\",\"Pe\u00e7anha\",\"Psicanalista Marli Andrade\",\"Rio Vermelho\",\"Santo Ant\u00f4nio do Itamb\u00e9\",\"Senhora do Porto\",\"Vale do Rio Doce recebe Projeto Cultural da Psicanalista Marli Andrade\",\"Virgol\u00e2ndia\"],\"articleSection\":[\"Leste de Minas\"],\"inLanguage\":\"pt-BR\",\"potentialAction\":[{\"@type\":\"CommentAction\",\"name\":\"Comment\",\"target\":[\"https:\\\/\\\/aconteceunovale.com.br\\\/portal\\\/?p=66020#respond\"]}]},{\"@type\":\"WebPage\",\"@id\":\"https:\\\/\\\/aconteceunovale.com.br\\\/portal\\\/?p=66020\",\"url\":\"https:\\\/\\\/aconteceunovale.com.br\\\/portal\\\/?p=66020\",\"name\":\"Vale do Rio Doce recebe Projeto Cultural da Psicanalista Marli Andrade - Aconteceu no Vale\",\"isPartOf\":{\"@id\":\"https:\\\/\\\/aconteceunovale.com.br\\\/portal\\\/#website\"},\"primaryImageOfPage\":{\"@id\":\"https:\\\/\\\/aconteceunovale.com.br\\\/portal\\\/?p=66020#primaryimage\"},\"image\":{\"@id\":\"https:\\\/\\\/aconteceunovale.com.br\\\/portal\\\/?p=66020#primaryimage\"},\"thumbnailUrl\":\"https:\\\/\\\/aconteceunovale.com.br\\\/portal\\\/wp-content\\\/uploads\\\/2014\\\/07\\\/marli_banner_2.jpg\",\"datePublished\":\"2015-08-20T21:42:28+00:00\",\"author\":{\"@id\":\"https:\\\/\\\/aconteceunovale.com.br\\\/portal\\\/#\\\/schema\\\/person\\\/633529146f2c94272bef50ac2953d589\"},\"breadcrumb\":{\"@id\":\"https:\\\/\\\/aconteceunovale.com.br\\\/portal\\\/?p=66020#breadcrumb\"},\"inLanguage\":\"pt-BR\",\"potentialAction\":[{\"@type\":\"ReadAction\",\"target\":[\"https:\\\/\\\/aconteceunovale.com.br\\\/portal\\\/?p=66020\"]}]},{\"@type\":\"ImageObject\",\"inLanguage\":\"pt-BR\",\"@id\":\"https:\\\/\\\/aconteceunovale.com.br\\\/portal\\\/?p=66020#primaryimage\",\"url\":\"https:\\\/\\\/aconteceunovale.com.br\\\/portal\\\/wp-content\\\/uploads\\\/2014\\\/07\\\/marli_banner_2.jpg\",\"contentUrl\":\"https:\\\/\\\/aconteceunovale.com.br\\\/portal\\\/wp-content\\\/uploads\\\/2014\\\/07\\\/marli_banner_2.jpg\",\"width\":678,\"height\":419},{\"@type\":\"BreadcrumbList\",\"@id\":\"https:\\\/\\\/aconteceunovale.com.br\\\/portal\\\/?p=66020#breadcrumb\",\"itemListElement\":[{\"@type\":\"ListItem\",\"position\":1,\"name\":\"In\u00edcio\",\"item\":\"https:\\\/\\\/aconteceunovale.com.br\\\/portal\\\/\"},{\"@type\":\"ListItem\",\"position\":2,\"name\":\"Vale do Rio Doce recebe Projeto Cultural da Psicanalista Marli Andrade\"}]},{\"@type\":\"WebSite\",\"@id\":\"https:\\\/\\\/aconteceunovale.com.br\\\/portal\\\/#website\",\"url\":\"https:\\\/\\\/aconteceunovale.com.br\\\/portal\\\/\",\"name\":\"Aconteceu no Vale\",\"description\":\"Portal de Not\u00edcias\",\"potentialAction\":[{\"@type\":\"SearchAction\",\"target\":{\"@type\":\"EntryPoint\",\"urlTemplate\":\"https:\\\/\\\/aconteceunovale.com.br\\\/portal\\\/?s={search_term_string}\"},\"query-input\":{\"@type\":\"PropertyValueSpecification\",\"valueRequired\":true,\"valueName\":\"search_term_string\"}}],\"inLanguage\":\"pt-BR\"},{\"@type\":\"Person\",\"@id\":\"https:\\\/\\\/aconteceunovale.com.br\\\/portal\\\/#\\\/schema\\\/person\\\/633529146f2c94272bef50ac2953d589\",\"name\":\"Aconteceu no Vale\",\"description\":\"Equipe de reportagem do Aconteceu no Vale, portal de not\u00edcias do Vale do Jequitinhonha, em Minas Gerais. Cobrimos as 51 cidades do Vale desde 2013. Sugest\u00f5es de pauta e pedidos de corre\u00e7\u00e3o: contato@aconteceunovale.com.br\",\"sameAs\":[\"http:\\\/\\\/www.aconteceunovale.com.br\"],\"url\":\"https:\\\/\\\/aconteceunovale.com.br\\\/portal\\\/?author=1\"}]}<\/script>\n<!-- \/ Yoast SEO plugin. -->","yoast_head_json":{"title":"Vale do Rio Doce recebe Projeto Cultural da Psicanalista Marli Andrade - Aconteceu no Vale","robots":{"index":"index","follow":"follow","max-snippet":"max-snippet:-1","max-image-preview":"max-image-preview:large","max-video-preview":"max-video-preview:-1"},"canonical":"https:\/\/aconteceunovale.com.br\/portal\/?p=66020","og_locale":"pt_BR","og_type":"article","og_title":"Vale do Rio Doce recebe Projeto Cultural da Psicanalista Marli Andrade - Aconteceu no Vale","og_description":"O Minist\u00e9rio da Cultura, atrav\u00e9s do Programa Nacional de Apoio \u00e0 Cultura, aprovou o projeto cultural \u201cCrian\u00e7a que l\u00ea constr\u00f3i uma sociedade melhor a cada p\u00e1gina\u201d da Psicanalista Marli Andrade. A escritora capelinhense \u00e9 a proponente junto ao Governo Federal e Coordenadora de Produ\u00e7\u00e3o do projeto. O projeto ir\u00e1 distribuir gratuitamente a cole\u00e7\u00e3o cultural &#8216;As [&hellip;]","og_url":"https:\/\/aconteceunovale.com.br\/portal\/?p=66020","og_site_name":"Aconteceu no Vale","article_publisher":"https:\/\/www.facebook.com\/aconteceunovale\/","article_published_time":"2015-08-20T21:42:28+00:00","og_image":[{"width":678,"height":419,"url":"https:\/\/aconteceunovale.com.br\/portal\/wp-content\/uploads\/2014\/07\/marli_banner_2.jpg","type":"image\/jpeg"}],"author":"Aconteceu no Vale","twitter_card":"summary_large_image","twitter_creator":"@noticiadosvales","twitter_site":"@noticiadosvales","twitter_misc":{"Escrito por":"Aconteceu no Vale","Est. tempo de leitura":"2 minutos"},"schema":{"@context":"https:\/\/schema.org","@graph":[{"@type":"Article","@id":"https:\/\/aconteceunovale.com.br\/portal\/?p=66020#article","isPartOf":{"@id":"https:\/\/aconteceunovale.com.br\/portal\/?p=66020"},"author":{"name":"Aconteceu no Vale","@id":"https:\/\/aconteceunovale.com.br\/portal\/#\/schema\/person\/633529146f2c94272bef50ac2953d589"},"headline":"Vale do Rio Doce recebe Projeto Cultural da Psicanalista Marli Andrade","datePublished":"2015-08-20T21:42:28+00:00","mainEntityOfPage":{"@id":"https:\/\/aconteceunovale.com.br\/portal\/?p=66020"},"wordCount":509,"commentCount":0,"image":{"@id":"https:\/\/aconteceunovale.com.br\/portal\/?p=66020#primaryimage"},"thumbnailUrl":"https:\/\/aconteceunovale.com.br\/portal\/wp-content\/uploads\/2014\/07\/marli_banner_2.jpg","keywords":["A\u00e7ucena","Angel\u00e2ndia","As minhas aventuras com Lili e Tedy","Bom Jesus do Galho","Bra\u00fanas","Capelinha","Coluna","Coroaci","Crian\u00e7a que l\u00ea constr\u00f3i uma sociedade melhor a cada p\u00e1gina","Divinol\u00e2ndia de Minas","Ferros","Joan\u00e9sia","Livro Marli Andrade","Lu\u00eds Carlos \u00d3liver","Marli Andrade","Materl\u00e2ndia","Pe\u00e7anha","Psicanalista Marli Andrade","Rio Vermelho","Santo Ant\u00f4nio do Itamb\u00e9","Senhora do Porto","Vale do Rio Doce recebe Projeto Cultural da Psicanalista Marli Andrade","Virgol\u00e2ndia"],"articleSection":["Leste de Minas"],"inLanguage":"pt-BR","potentialAction":[{"@type":"CommentAction","name":"Comment","target":["https:\/\/aconteceunovale.com.br\/portal\/?p=66020#respond"]}]},{"@type":"WebPage","@id":"https:\/\/aconteceunovale.com.br\/portal\/?p=66020","url":"https:\/\/aconteceunovale.com.br\/portal\/?p=66020","name":"Vale do Rio Doce recebe Projeto Cultural da Psicanalista Marli Andrade - Aconteceu no Vale","isPartOf":{"@id":"https:\/\/aconteceunovale.com.br\/portal\/#website"},"primaryImageOfPage":{"@id":"https:\/\/aconteceunovale.com.br\/portal\/?p=66020#primaryimage"},"image":{"@id":"https:\/\/aconteceunovale.com.br\/portal\/?p=66020#primaryimage"},"thumbnailUrl":"https:\/\/aconteceunovale.com.br\/portal\/wp-content\/uploads\/2014\/07\/marli_banner_2.jpg","datePublished":"2015-08-20T21:42:28+00:00","author":{"@id":"https:\/\/aconteceunovale.com.br\/portal\/#\/schema\/person\/633529146f2c94272bef50ac2953d589"},"breadcrumb":{"@id":"https:\/\/aconteceunovale.com.br\/portal\/?p=66020#breadcrumb"},"inLanguage":"pt-BR","potentialAction":[{"@type":"ReadAction","target":["https:\/\/aconteceunovale.com.br\/portal\/?p=66020"]}]},{"@type":"ImageObject","inLanguage":"pt-BR","@id":"https:\/\/aconteceunovale.com.br\/portal\/?p=66020#primaryimage","url":"https:\/\/aconteceunovale.com.br\/portal\/wp-content\/uploads\/2014\/07\/marli_banner_2.jpg","contentUrl":"https:\/\/aconteceunovale.com.br\/portal\/wp-content\/uploads\/2014\/07\/marli_banner_2.jpg","width":678,"height":419},{"@type":"BreadcrumbList","@id":"https:\/\/aconteceunovale.com.br\/portal\/?p=66020#breadcrumb","itemListElement":[{"@type":"ListItem","position":1,"name":"In\u00edcio","item":"https:\/\/aconteceunovale.com.br\/portal\/"},{"@type":"ListItem","position":2,"name":"Vale do Rio Doce recebe Projeto Cultural da Psicanalista Marli Andrade"}]},{"@type":"WebSite","@id":"https:\/\/aconteceunovale.com.br\/portal\/#website","url":"https:\/\/aconteceunovale.com.br\/portal\/","name":"Aconteceu no Vale","description":"Portal de Not\u00edcias","potentialAction":[{"@type":"SearchAction","target":{"@type":"EntryPoint","urlTemplate":"https:\/\/aconteceunovale.com.br\/portal\/?s={search_term_string}"},"query-input":{"@type":"PropertyValueSpecification","valueRequired":true,"valueName":"search_term_string"}}],"inLanguage":"pt-BR"},{"@type":"Person","@id":"https:\/\/aconteceunovale.com.br\/portal\/#\/schema\/person\/633529146f2c94272bef50ac2953d589","name":"Aconteceu no Vale","description":"Equipe de reportagem do Aconteceu no Vale, portal de not\u00edcias do Vale do Jequitinhonha, em Minas Gerais. Cobrimos as 51 cidades do Vale desde 2013. Sugest\u00f5es de pauta e pedidos de corre\u00e7\u00e3o: contato@aconteceunovale.com.br","sameAs":["http:\/\/www.aconteceunovale.com.br"],"url":"https:\/\/aconteceunovale.com.br\/portal\/?author=1"}]}},"_links":{"self":[{"href":"https:\/\/aconteceunovale.com.br\/portal\/index.php?rest_route=\/wp\/v2\/posts\/66020","targetHints":{"allow":["GET"]}}],"collection":[{"href":"https:\/\/aconteceunovale.com.br\/portal\/index.php?rest_route=\/wp\/v2\/posts"}],"about":[{"href":"https:\/\/aconteceunovale.com.br\/portal\/index.php?rest_route=\/wp\/v2\/types\/post"}],"author":[{"embeddable":true,"href":"https:\/\/aconteceunovale.com.br\/portal\/index.php?rest_route=\/wp\/v2\/users\/1"}],"replies":[{"embeddable":true,"href":"https:\/\/aconteceunovale.com.br\/portal\/index.php?rest_route=%2Fwp%2Fv2%2Fcomments&post=66020"}],"version-history":[{"count":0,"href":"https:\/\/aconteceunovale.com.br\/portal\/index.php?rest_route=\/wp\/v2\/posts\/66020\/revisions"}],"wp:featuredmedia":[{"embeddable":true,"href":"https:\/\/aconteceunovale.com.br\/portal\/index.php?rest_route=\/wp\/v2\/media\/34086"}],"wp:attachment":[{"href":"https:\/\/aconteceunovale.com.br\/portal\/index.php?rest_route=%2Fwp%2Fv2%2Fmedia&parent=66020"}],"wp:term":[{"taxonomy":"category","embeddable":true,"href":"https:\/\/aconteceunovale.com.br\/portal\/index.php?rest_route=%2Fwp%2Fv2%2Fcategories&post=66020"},{"taxonomy":"post_tag","embeddable":true,"href":"https:\/\/aconteceunovale.com.br\/portal\/index.php?rest_route=%2Fwp%2Fv2%2Ftags&post=66020"}],"curies":[{"name":"wp","href":"https:\/\/api.w.org\/{rel}","templated":true}]}}