{"id":66014,"date":"2015-08-20T17:12:18","date_gmt":"2015-08-20T20:12:18","guid":{"rendered":"http:\/\/aconteceunovale.com.br\/portal\/?p=66014"},"modified":"2015-08-20T17:12:18","modified_gmt":"2015-08-20T20:12:18","slug":"escola-mineira-inicia-participacao-na-ultima-etapa-da-olimpiada-brasileira-de-cartografia","status":"publish","type":"post","link":"https:\/\/aconteceunovale.com.br\/portal\/?p=66014","title":{"rendered":"Escola mineira inicia participa\u00e7\u00e3o na \u00faltima etapa da Olimp\u00edada Brasileira de Cartografia"},"content":{"rendered":"<p>A \u00faltima fase da Olimp\u00edada Brasileira de Cartografia inicia nesta quinta-feira (20\/8), no Rio de Janeiro. Entre as tr\u00eas institui\u00e7\u00f5es finalistas da competi\u00e7\u00e3o est\u00e1 a Escola Estadual Odilon Behrens, de Bar\u00e3o de Cocais, na Regi\u00e3o Metropolitana de Belo Horizonte. O torneio, que est\u00e1 em sua primeira edi\u00e7\u00e3o, vai at\u00e9 o pr\u00f3ximo dia 24.<\/p>\n<p>Na expectativa para o bom desempenho na competi\u00e7\u00e3o, o otimismo \u00e9 um item que n\u00e3o falta na bagagem da estudante Dayane Ponciano, de 17 anos. \u201cEstamos empenhados com a olimp\u00edada e queremos voltar com a medalha de ouro. Fizemos aulas extras e, com isso, deu para entender melhor os temas da cartografia\u201d, destaca.<\/p>\n<p>Tamb\u00e9m membro da equipe, Larissa Grazielle Onilis, de 15 anos, refor\u00e7a o desejo de conquistar a competi\u00e7\u00e3o. \u201cPor mais que a classifica\u00e7\u00e3o tenha vindo como uma surpresa para n\u00f3s, estamos na \u00faltima fase para ganhar. Eu estudei bastante para isso, inclusive nas f\u00e9rias de julho\u201d, conta.<\/p>\n<p>A equipe que representa a escola mineira \u00e9 coordenada pela professora de Geografia Cristina Maria Soares e tamb\u00e9m conta com os alunos Rafael Pena, Dayane Ponciano, \u00cdtalo Dias e Larissa Onilis. Al\u00e9m da institui\u00e7\u00e3o mineira, uma escola da cidade de Presidente M\u00e9dice (Rond\u00f4nia) e uma de Florian\u00f3polis (Santa Catarina) se classificaram para a \u00faltima fase.<\/p>\n<p>Nesta etapa, os alunos realizar\u00e3o um conjunto de atividades te\u00f3ricas e pr\u00e1ticas, inclusive uma corrida de orienta\u00e7\u00e3o. As equipes ainda participar\u00e3o de um minicurso na Universidade Federal Fluminense (UFF). A olimp\u00edada \u00e9 financiada pelo Conselho Nacional de Desenvolvimento Cient\u00edfico e Tecnol\u00f3gico (CNPq).<\/p>\n<p><img decoding=\"async\" src=\"http:\/\/aconteceunovale.com.br\/portal\/wp-content\/uploads\/2015\/08\/escola-mineira-inicia-participacao-na-ultima-etapa-da-olimpiada-brasileira-de-cartografia.jpg\" alt=\"\" \/><em>Alunos da Escola Estadual Odilon Behrens est\u00e3o em Niter\u00f3i &#8211; Foto: Arquivo Pessoal<\/em><\/p>\n","protected":false},"excerpt":{"rendered":"<p>A \u00faltima fase da Olimp\u00edada Brasileira de Cartografia inicia nesta quinta-feira (20\/8), no Rio de Janeiro. Entre as tr\u00eas institui\u00e7\u00f5es finalistas da competi\u00e7\u00e3o est\u00e1 a Escola Estadual Odilon Behrens, de Bar\u00e3o de Cocais, na Regi\u00e3o Metropolitana de Belo Horizonte. O torneio, que est\u00e1 em sua primeira edi\u00e7\u00e3o, vai at\u00e9 o pr\u00f3ximo dia 24. Na expectativa [&hellip;]<\/p>\n","protected":false},"author":1,"featured_media":66015,"comment_status":"open","ping_status":"closed","sticky":false,"template":"","format":"standard","meta":{"amp_status":"","footnotes":""},"categories":[40238,123],"tags":[1525,55898,55896,55892,55893,55895,55894,55891,55900,55897,55901,41001,55899],"class_list":["post-66014","post","type-post","status-publish","format-standard","has-post-thumbnail","hentry","category-educacao-2","category-gerais","tag-barao-de-cocais","tag-cristina-maria-soares","tag-dayane-ponciano","tag-escola-de-barao-de-cocais-inicia-participacao-na-ultima-etapa-da-olimpiada-brasileira-de-cartografia","tag-escola-de-barao-de-cocais-participa-da-olimpiada-brasileira-de-cartografia","tag-escola-estadual-odilon-behrens","tag-escola-estadual-odilon-behrens-de-barao-de-cocais","tag-escola-mineira-inicia-participacao-na-ultima-etapa-da-olimpiada-brasileira-de-cartografia","tag-italo-dias","tag-larissa-grazielle-onilis","tag-larissa-onilis","tag-olimpiada-brasileira-de-cartografia","tag-rafael-pena"],"yoast_head":"<!-- This site is optimized with the Yoast SEO plugin v28.3 - https:\/\/yoast.com\/product\/yoast-seo-wordpress\/ -->\n<title>Escola mineira inicia participa\u00e7\u00e3o na \u00faltima etapa da Olimp\u00edada Brasileira de Cartografia - Aconteceu no Vale<\/title>\n<meta name=\"robots\" content=\"index, follow, max-snippet:-1, max-image-preview:large, max-video-preview:-1\" \/>\n<link rel=\"canonical\" href=\"https:\/\/aconteceunovale.com.br\/portal\/?p=66014\" \/>\n<meta property=\"og:locale\" content=\"pt_BR\" \/>\n<meta property=\"og:type\" content=\"article\" \/>\n<meta property=\"og:title\" content=\"Escola mineira inicia participa\u00e7\u00e3o na \u00faltima etapa da Olimp\u00edada Brasileira de Cartografia - Aconteceu no Vale\" \/>\n<meta property=\"og:description\" content=\"A \u00faltima fase da Olimp\u00edada Brasileira de Cartografia inicia nesta quinta-feira (20\/8), no Rio de Janeiro. Entre as tr\u00eas institui\u00e7\u00f5es finalistas da competi\u00e7\u00e3o est\u00e1 a Escola Estadual Odilon Behrens, de Bar\u00e3o de Cocais, na Regi\u00e3o Metropolitana de Belo Horizonte. O torneio, que est\u00e1 em sua primeira edi\u00e7\u00e3o, vai at\u00e9 o pr\u00f3ximo dia 24. Na expectativa [&hellip;]\" \/>\n<meta property=\"og:url\" content=\"https:\/\/aconteceunovale.com.br\/portal\/?p=66014\" \/>\n<meta property=\"og:site_name\" content=\"Aconteceu no Vale\" \/>\n<meta property=\"article:publisher\" content=\"https:\/\/www.facebook.com\/aconteceunovale\/\" \/>\n<meta property=\"article:published_time\" content=\"2015-08-20T20:12:18+00:00\" \/>\n<meta property=\"og:image\" content=\"https:\/\/aconteceunovale.com.br\/portal\/wp-content\/uploads\/2015\/08\/escola-mineira-inicia-participacao-na-ultima-etapa-da-olimpiada-brasileira-de-cartografia.jpg\" \/>\n\t<meta property=\"og:image:width\" content=\"600\" \/>\n\t<meta property=\"og:image:height\" content=\"450\" \/>\n\t<meta property=\"og:image:type\" content=\"image\/jpeg\" \/>\n<meta name=\"author\" content=\"Aconteceu no Vale\" \/>\n<meta name=\"twitter:card\" content=\"summary_large_image\" \/>\n<meta name=\"twitter:creator\" content=\"@noticiadosvales\" \/>\n<meta name=\"twitter:site\" content=\"@noticiadosvales\" \/>\n<meta name=\"twitter:label1\" content=\"Escrito por\" \/>\n\t<meta name=\"twitter:data1\" content=\"Aconteceu no Vale\" \/>\n\t<meta name=\"twitter:label2\" content=\"Est. tempo de leitura\" \/>\n\t<meta name=\"twitter:data2\" content=\"1 minuto\" \/>\n<script type=\"application\/ld+json\" class=\"yoast-schema-graph\">{\"@context\":\"https:\\\/\\\/schema.org\",\"@graph\":[{\"@type\":\"Article\",\"@id\":\"https:\\\/\\\/aconteceunovale.com.br\\\/portal\\\/?p=66014#article\",\"isPartOf\":{\"@id\":\"https:\\\/\\\/aconteceunovale.com.br\\\/portal\\\/?p=66014\"},\"author\":{\"name\":\"Aconteceu no Vale\",\"@id\":\"https:\\\/\\\/aconteceunovale.com.br\\\/portal\\\/#\\\/schema\\\/person\\\/633529146f2c94272bef50ac2953d589\"},\"headline\":\"Escola mineira inicia participa\u00e7\u00e3o na \u00faltima etapa da Olimp\u00edada Brasileira de Cartografia\",\"datePublished\":\"2015-08-20T20:12:18+00:00\",\"mainEntityOfPage\":{\"@id\":\"https:\\\/\\\/aconteceunovale.com.br\\\/portal\\\/?p=66014\"},\"wordCount\":302,\"commentCount\":0,\"image\":{\"@id\":\"https:\\\/\\\/aconteceunovale.com.br\\\/portal\\\/?p=66014#primaryimage\"},\"thumbnailUrl\":\"https:\\\/\\\/aconteceunovale.com.br\\\/portal\\\/wp-content\\\/uploads\\\/2015\\\/08\\\/escola-mineira-inicia-participacao-na-ultima-etapa-da-olimpiada-brasileira-de-cartografia.jpg\",\"keywords\":[\"Bar\u00e3o de Cocais\",\"Cristina Maria Soares\",\"Dayane Ponciano\",\"Escola de Bar\u00e3o de Cocais inicia participa\u00e7\u00e3o na \u00faltima etapa da Olimp\u00edada Brasileira de Cartografia\",\"Escola de Bar\u00e3o de Cocais participa da Olimp\u00edada Brasileira de Cartografia\",\"Escola Estadual Odilon Behrens\",\"Escola Estadual Odilon Behrens de Bar\u00e3o de Cocais\",\"Escola mineira inicia participa\u00e7\u00e3o na \u00faltima etapa da Olimp\u00edada Brasileira de Cartografia\",\"\u00cdtalo Dias\",\"Larissa Grazielle Onilis\",\"Larissa Onilis\",\"Olimp\u00edada Brasileira de Cartografia\",\"Rafael Pena\"],\"articleSection\":[\"Educa\u00e7\u00e3o\",\"Minas Gerais\"],\"inLanguage\":\"pt-BR\",\"potentialAction\":[{\"@type\":\"CommentAction\",\"name\":\"Comment\",\"target\":[\"https:\\\/\\\/aconteceunovale.com.br\\\/portal\\\/?p=66014#respond\"]}]},{\"@type\":\"WebPage\",\"@id\":\"https:\\\/\\\/aconteceunovale.com.br\\\/portal\\\/?p=66014\",\"url\":\"https:\\\/\\\/aconteceunovale.com.br\\\/portal\\\/?p=66014\",\"name\":\"Escola mineira inicia participa\u00e7\u00e3o na \u00faltima etapa da Olimp\u00edada Brasileira de Cartografia - Aconteceu no Vale\",\"isPartOf\":{\"@id\":\"https:\\\/\\\/aconteceunovale.com.br\\\/portal\\\/#website\"},\"primaryImageOfPage\":{\"@id\":\"https:\\\/\\\/aconteceunovale.com.br\\\/portal\\\/?p=66014#primaryimage\"},\"image\":{\"@id\":\"https:\\\/\\\/aconteceunovale.com.br\\\/portal\\\/?p=66014#primaryimage\"},\"thumbnailUrl\":\"https:\\\/\\\/aconteceunovale.com.br\\\/portal\\\/wp-content\\\/uploads\\\/2015\\\/08\\\/escola-mineira-inicia-participacao-na-ultima-etapa-da-olimpiada-brasileira-de-cartografia.jpg\",\"datePublished\":\"2015-08-20T20:12:18+00:00\",\"author\":{\"@id\":\"https:\\\/\\\/aconteceunovale.com.br\\\/portal\\\/#\\\/schema\\\/person\\\/633529146f2c94272bef50ac2953d589\"},\"breadcrumb\":{\"@id\":\"https:\\\/\\\/aconteceunovale.com.br\\\/portal\\\/?p=66014#breadcrumb\"},\"inLanguage\":\"pt-BR\",\"potentialAction\":[{\"@type\":\"ReadAction\",\"target\":[\"https:\\\/\\\/aconteceunovale.com.br\\\/portal\\\/?p=66014\"]}]},{\"@type\":\"ImageObject\",\"inLanguage\":\"pt-BR\",\"@id\":\"https:\\\/\\\/aconteceunovale.com.br\\\/portal\\\/?p=66014#primaryimage\",\"url\":\"https:\\\/\\\/aconteceunovale.com.br\\\/portal\\\/wp-content\\\/uploads\\\/2015\\\/08\\\/escola-mineira-inicia-participacao-na-ultima-etapa-da-olimpiada-brasileira-de-cartografia.jpg\",\"contentUrl\":\"https:\\\/\\\/aconteceunovale.com.br\\\/portal\\\/wp-content\\\/uploads\\\/2015\\\/08\\\/escola-mineira-inicia-participacao-na-ultima-etapa-da-olimpiada-brasileira-de-cartografia.jpg\",\"width\":600,\"height\":450},{\"@type\":\"BreadcrumbList\",\"@id\":\"https:\\\/\\\/aconteceunovale.com.br\\\/portal\\\/?p=66014#breadcrumb\",\"itemListElement\":[{\"@type\":\"ListItem\",\"position\":1,\"name\":\"In\u00edcio\",\"item\":\"https:\\\/\\\/aconteceunovale.com.br\\\/portal\\\/\"},{\"@type\":\"ListItem\",\"position\":2,\"name\":\"Escola mineira inicia participa\u00e7\u00e3o na \u00faltima etapa da Olimp\u00edada Brasileira de Cartografia\"}]},{\"@type\":\"WebSite\",\"@id\":\"https:\\\/\\\/aconteceunovale.com.br\\\/portal\\\/#website\",\"url\":\"https:\\\/\\\/aconteceunovale.com.br\\\/portal\\\/\",\"name\":\"Aconteceu no Vale\",\"description\":\"Portal de Not\u00edcias\",\"potentialAction\":[{\"@type\":\"SearchAction\",\"target\":{\"@type\":\"EntryPoint\",\"urlTemplate\":\"https:\\\/\\\/aconteceunovale.com.br\\\/portal\\\/?s={search_term_string}\"},\"query-input\":{\"@type\":\"PropertyValueSpecification\",\"valueRequired\":true,\"valueName\":\"search_term_string\"}}],\"inLanguage\":\"pt-BR\"},{\"@type\":\"Person\",\"@id\":\"https:\\\/\\\/aconteceunovale.com.br\\\/portal\\\/#\\\/schema\\\/person\\\/633529146f2c94272bef50ac2953d589\",\"name\":\"Aconteceu no Vale\",\"description\":\"Equipe de reportagem do Aconteceu no Vale, portal de not\u00edcias do Vale do Jequitinhonha, em Minas Gerais. Cobrimos as 51 cidades do Vale desde 2013. Sugest\u00f5es de pauta e pedidos de corre\u00e7\u00e3o: contato@aconteceunovale.com.br\",\"sameAs\":[\"http:\\\/\\\/www.aconteceunovale.com.br\"],\"url\":\"https:\\\/\\\/aconteceunovale.com.br\\\/portal\\\/?author=1\"}]}<\/script>\n<!-- \/ Yoast SEO plugin. -->","yoast_head_json":{"title":"Escola mineira inicia participa\u00e7\u00e3o na \u00faltima etapa da Olimp\u00edada Brasileira de Cartografia - Aconteceu no Vale","robots":{"index":"index","follow":"follow","max-snippet":"max-snippet:-1","max-image-preview":"max-image-preview:large","max-video-preview":"max-video-preview:-1"},"canonical":"https:\/\/aconteceunovale.com.br\/portal\/?p=66014","og_locale":"pt_BR","og_type":"article","og_title":"Escola mineira inicia participa\u00e7\u00e3o na \u00faltima etapa da Olimp\u00edada Brasileira de Cartografia - Aconteceu no Vale","og_description":"A \u00faltima fase da Olimp\u00edada Brasileira de Cartografia inicia nesta quinta-feira (20\/8), no Rio de Janeiro. Entre as tr\u00eas institui\u00e7\u00f5es finalistas da competi\u00e7\u00e3o est\u00e1 a Escola Estadual Odilon Behrens, de Bar\u00e3o de Cocais, na Regi\u00e3o Metropolitana de Belo Horizonte. O torneio, que est\u00e1 em sua primeira edi\u00e7\u00e3o, vai at\u00e9 o pr\u00f3ximo dia 24. Na expectativa [&hellip;]","og_url":"https:\/\/aconteceunovale.com.br\/portal\/?p=66014","og_site_name":"Aconteceu no Vale","article_publisher":"https:\/\/www.facebook.com\/aconteceunovale\/","article_published_time":"2015-08-20T20:12:18+00:00","og_image":[{"width":600,"height":450,"url":"https:\/\/aconteceunovale.com.br\/portal\/wp-content\/uploads\/2015\/08\/escola-mineira-inicia-participacao-na-ultima-etapa-da-olimpiada-brasileira-de-cartografia.jpg","type":"image\/jpeg"}],"author":"Aconteceu no Vale","twitter_card":"summary_large_image","twitter_creator":"@noticiadosvales","twitter_site":"@noticiadosvales","twitter_misc":{"Escrito por":"Aconteceu no Vale","Est. tempo de leitura":"1 minuto"},"schema":{"@context":"https:\/\/schema.org","@graph":[{"@type":"Article","@id":"https:\/\/aconteceunovale.com.br\/portal\/?p=66014#article","isPartOf":{"@id":"https:\/\/aconteceunovale.com.br\/portal\/?p=66014"},"author":{"name":"Aconteceu no Vale","@id":"https:\/\/aconteceunovale.com.br\/portal\/#\/schema\/person\/633529146f2c94272bef50ac2953d589"},"headline":"Escola mineira inicia participa\u00e7\u00e3o na \u00faltima etapa da Olimp\u00edada Brasileira de Cartografia","datePublished":"2015-08-20T20:12:18+00:00","mainEntityOfPage":{"@id":"https:\/\/aconteceunovale.com.br\/portal\/?p=66014"},"wordCount":302,"commentCount":0,"image":{"@id":"https:\/\/aconteceunovale.com.br\/portal\/?p=66014#primaryimage"},"thumbnailUrl":"https:\/\/aconteceunovale.com.br\/portal\/wp-content\/uploads\/2015\/08\/escola-mineira-inicia-participacao-na-ultima-etapa-da-olimpiada-brasileira-de-cartografia.jpg","keywords":["Bar\u00e3o de Cocais","Cristina Maria Soares","Dayane Ponciano","Escola de Bar\u00e3o de Cocais inicia participa\u00e7\u00e3o na \u00faltima etapa da Olimp\u00edada Brasileira de Cartografia","Escola de Bar\u00e3o de Cocais participa da Olimp\u00edada Brasileira de Cartografia","Escola Estadual Odilon Behrens","Escola Estadual Odilon Behrens de Bar\u00e3o de Cocais","Escola mineira inicia participa\u00e7\u00e3o na \u00faltima etapa da Olimp\u00edada Brasileira de Cartografia","\u00cdtalo Dias","Larissa Grazielle Onilis","Larissa Onilis","Olimp\u00edada Brasileira de Cartografia","Rafael Pena"],"articleSection":["Educa\u00e7\u00e3o","Minas Gerais"],"inLanguage":"pt-BR","potentialAction":[{"@type":"CommentAction","name":"Comment","target":["https:\/\/aconteceunovale.com.br\/portal\/?p=66014#respond"]}]},{"@type":"WebPage","@id":"https:\/\/aconteceunovale.com.br\/portal\/?p=66014","url":"https:\/\/aconteceunovale.com.br\/portal\/?p=66014","name":"Escola mineira inicia participa\u00e7\u00e3o na \u00faltima etapa da Olimp\u00edada Brasileira de Cartografia - Aconteceu no Vale","isPartOf":{"@id":"https:\/\/aconteceunovale.com.br\/portal\/#website"},"primaryImageOfPage":{"@id":"https:\/\/aconteceunovale.com.br\/portal\/?p=66014#primaryimage"},"image":{"@id":"https:\/\/aconteceunovale.com.br\/portal\/?p=66014#primaryimage"},"thumbnailUrl":"https:\/\/aconteceunovale.com.br\/portal\/wp-content\/uploads\/2015\/08\/escola-mineira-inicia-participacao-na-ultima-etapa-da-olimpiada-brasileira-de-cartografia.jpg","datePublished":"2015-08-20T20:12:18+00:00","author":{"@id":"https:\/\/aconteceunovale.com.br\/portal\/#\/schema\/person\/633529146f2c94272bef50ac2953d589"},"breadcrumb":{"@id":"https:\/\/aconteceunovale.com.br\/portal\/?p=66014#breadcrumb"},"inLanguage":"pt-BR","potentialAction":[{"@type":"ReadAction","target":["https:\/\/aconteceunovale.com.br\/portal\/?p=66014"]}]},{"@type":"ImageObject","inLanguage":"pt-BR","@id":"https:\/\/aconteceunovale.com.br\/portal\/?p=66014#primaryimage","url":"https:\/\/aconteceunovale.com.br\/portal\/wp-content\/uploads\/2015\/08\/escola-mineira-inicia-participacao-na-ultima-etapa-da-olimpiada-brasileira-de-cartografia.jpg","contentUrl":"https:\/\/aconteceunovale.com.br\/portal\/wp-content\/uploads\/2015\/08\/escola-mineira-inicia-participacao-na-ultima-etapa-da-olimpiada-brasileira-de-cartografia.jpg","width":600,"height":450},{"@type":"BreadcrumbList","@id":"https:\/\/aconteceunovale.com.br\/portal\/?p=66014#breadcrumb","itemListElement":[{"@type":"ListItem","position":1,"name":"In\u00edcio","item":"https:\/\/aconteceunovale.com.br\/portal\/"},{"@type":"ListItem","position":2,"name":"Escola mineira inicia participa\u00e7\u00e3o na \u00faltima etapa da Olimp\u00edada Brasileira de Cartografia"}]},{"@type":"WebSite","@id":"https:\/\/aconteceunovale.com.br\/portal\/#website","url":"https:\/\/aconteceunovale.com.br\/portal\/","name":"Aconteceu no Vale","description":"Portal de Not\u00edcias","potentialAction":[{"@type":"SearchAction","target":{"@type":"EntryPoint","urlTemplate":"https:\/\/aconteceunovale.com.br\/portal\/?s={search_term_string}"},"query-input":{"@type":"PropertyValueSpecification","valueRequired":true,"valueName":"search_term_string"}}],"inLanguage":"pt-BR"},{"@type":"Person","@id":"https:\/\/aconteceunovale.com.br\/portal\/#\/schema\/person\/633529146f2c94272bef50ac2953d589","name":"Aconteceu no Vale","description":"Equipe de reportagem do Aconteceu no Vale, portal de not\u00edcias do Vale do Jequitinhonha, em Minas Gerais. Cobrimos as 51 cidades do Vale desde 2013. Sugest\u00f5es de pauta e pedidos de corre\u00e7\u00e3o: contato@aconteceunovale.com.br","sameAs":["http:\/\/www.aconteceunovale.com.br"],"url":"https:\/\/aconteceunovale.com.br\/portal\/?author=1"}]}},"_links":{"self":[{"href":"https:\/\/aconteceunovale.com.br\/portal\/index.php?rest_route=\/wp\/v2\/posts\/66014","targetHints":{"allow":["GET"]}}],"collection":[{"href":"https:\/\/aconteceunovale.com.br\/portal\/index.php?rest_route=\/wp\/v2\/posts"}],"about":[{"href":"https:\/\/aconteceunovale.com.br\/portal\/index.php?rest_route=\/wp\/v2\/types\/post"}],"author":[{"embeddable":true,"href":"https:\/\/aconteceunovale.com.br\/portal\/index.php?rest_route=\/wp\/v2\/users\/1"}],"replies":[{"embeddable":true,"href":"https:\/\/aconteceunovale.com.br\/portal\/index.php?rest_route=%2Fwp%2Fv2%2Fcomments&post=66014"}],"version-history":[{"count":0,"href":"https:\/\/aconteceunovale.com.br\/portal\/index.php?rest_route=\/wp\/v2\/posts\/66014\/revisions"}],"wp:featuredmedia":[{"embeddable":true,"href":"https:\/\/aconteceunovale.com.br\/portal\/index.php?rest_route=\/wp\/v2\/media\/66015"}],"wp:attachment":[{"href":"https:\/\/aconteceunovale.com.br\/portal\/index.php?rest_route=%2Fwp%2Fv2%2Fmedia&parent=66014"}],"wp:term":[{"taxonomy":"category","embeddable":true,"href":"https:\/\/aconteceunovale.com.br\/portal\/index.php?rest_route=%2Fwp%2Fv2%2Fcategories&post=66014"},{"taxonomy":"post_tag","embeddable":true,"href":"https:\/\/aconteceunovale.com.br\/portal\/index.php?rest_route=%2Fwp%2Fv2%2Ftags&post=66014"}],"curies":[{"name":"wp","href":"https:\/\/api.w.org\/{rel}","templated":true}]}}