{"id":66011,"date":"2015-08-20T17:04:50","date_gmt":"2015-08-20T20:04:50","guid":{"rendered":"http:\/\/aconteceunovale.com.br\/portal\/?p=66011"},"modified":"2026-09-02T13:06:46","modified_gmt":"2026-09-02T16:06:46","slug":"projeto-envolve-comunidades-e-da-bom-exemplo-na-recuperacao-de-corrego-no-municipio-de-itamarandiba","status":"publish","type":"post","link":"https:\/\/aconteceunovale.com.br\/portal\/?p=66011","title":{"rendered":"Projeto envolve comunidades e d\u00e1 bom exemplo na recupera\u00e7\u00e3o de c\u00f3rrego no munic\u00edpio de Itamarandiba"},"content":{"rendered":"<p>Um trabalho para recupera\u00e7\u00e3o do C\u00f3rrego Itapirapu\u00e3 est\u00e1 dando bons frutos no munic\u00edpio de Itamarandiba, no Alto Jequitinhonha. A equipe do Instituto Estadual de Florestas (IEF) e as comunidades ribeirinhas est\u00e3o trabalhando em conjunto na recupera\u00e7\u00e3o das \u00e1reas de preserva\u00e7\u00e3o permanente ao longo do curso d\u00b4\u00e1gua.<\/p>\n<p>A primeira etapa foi sensibilizar os propriet\u00e1rios das \u00e1reas onde est\u00e3o as nascentes que formam o Itapirapu\u00e3 a aderirem ao projeto. Os t\u00e9cnicos do est\u00e3o visitando os locais, realizando um pr\u00e9-cadastramento das nascentes e propriedades para realizar um trabalho de recupera\u00e7\u00e3o destas \u00e1reas degradadas. <\/p>\n<p>O segundo passo ser\u00e1 a implanta\u00e7\u00e3o de um viveiro na comunidade de Penha de Fran\u00e7a, em Itamarandiba que fornecer\u00e1 as mudas que ser\u00e3o utilizadas na recupera\u00e7\u00e3o das \u00e1reas. Tamb\u00e9m ser\u00e3o constru\u00eddas fossas s\u00e9pticas para a retirada dos efluentes dom\u00e9sticos e res\u00edduos s\u00f3lidos que s\u00e3o despejados na bacia do c\u00f3rrego.<\/p>\n<p>\u201cAs nascentes localizadas nas propriedades que aderem ao projeto recebem os cuidados necess\u00e1rios sendo cercadas e tratadas\u201d, explica o gerente da Esta\u00e7\u00e3o Ecol\u00f3gica Mata dos Ausentes, Clemente Francisco de Brito, unidade de conserva\u00e7\u00e3o administrada pelo IEF que fica no munic\u00edpio vizinho de Senador Modestino Gon\u00e7alves e local onde nasceu o projeto.<\/p>\n<p>\u201cA terceira etapa \u00e9 de acompanhamento da situa\u00e7\u00e3o das nascentes e da manuten\u00e7\u00e3o do trabalho nas propriedades que ser\u00e1 feito por, pelo menos, 36 meses\u201d, explica Brito. \u201cUm dos pr\u00e9-requisitos para a participa\u00e7\u00e3o \u00e9 o comprometimento com o projeto, o que \u00e9 ess\u00eancia para o sucesso do trabalho\u201d, completa.<\/p>\n<p><strong>O Itapirapu\u00e3<\/strong><\/p>\n<p>O C\u00f3rrego Itapirapu\u00e3 nasce na regi\u00e3o pr\u00f3xima \u00e0 Serra do Ambr\u00f3sio e \u00e0 Serra dos Martins, nos povoados Salgadinho, Amaros e Penha de Fran\u00e7a. Ele \u00e9 um dos mais importantes afluente do Rio Itangu\u00e1.<\/p>\n<p>Nos \u00faltimos 20 anos, o C\u00f3rrego Itapirapu\u00e3 diminuiu seu volume significativamente e a as \u00e1guas se tornaram turvas. Isso se deve \u00e0 forma como as pessoas utilizam o solo, deixando animais soltos que pisoteiam as margens dos cursos d\u00b4\u00e1gua, retirando as matas ciliares para produ\u00e7\u00e3o carv\u00e3o e realizando atividades de forma descontrolada, como garimpo, extra\u00e7\u00e3o da areia e silvicultura.<\/p>\n<p><img decoding=\"async\" src=\"http:\/\/aconteceunovale.com.br\/portal\/wp-content\/uploads\/2015\/08\/projeto-envolve-comunidades-e-da-bom-exemplo-na-recuperacao-do-corrego-itapirapua.jpg\" alt=\"\" \/><em>C\u00f3rrego Itapirapu\u00e3 ser\u00e1 recuperado &#8211; Foto: Divulga\u00e7\u00e3o \/ IEF<\/em><\/p>\n","protected":false},"excerpt":{"rendered":"<p>Um trabalho para recupera\u00e7\u00e3o do C\u00f3rrego Itapirapu\u00e3 est\u00e1 dando bons frutos no munic\u00edpio de Itamarandiba, no Alto Jequitinhonha. A equipe do Instituto Estadual de Florestas (IEF) e as comunidades ribeirinhas est\u00e3o trabalhando em conjunto na recupera\u00e7\u00e3o das \u00e1reas de preserva\u00e7\u00e3o permanente ao longo do curso d\u00b4\u00e1gua. A primeira etapa foi sensibilizar os propriet\u00e1rios das \u00e1reas [&hellip;]<\/p>\n","protected":false},"author":1,"featured_media":66012,"comment_status":"open","ping_status":"closed","sticky":false,"template":"","format":"standard","meta":{"amp_status":"","footnotes":""},"categories":[272549,120],"tags":[55889,55885,55882,55884,149,55883,55890,55879,55880,55881,55888,55886,55887],"class_list":["post-66011","post","type-post","status-publish","format-standard","has-post-thumbnail","hentry","category-itamarandiba","category-jequi","tag-amaros","tag-clemente-francisco-de-brito","tag-corrego-itapirapua","tag-estacao-ecologica-mata-dos-ausentes","tag-itamarandiba","tag-penha-de-franc","tag-penha-de-franca","tag-projeto-envolve-comunidades-e-da-bom-exemplo-na-recuperacao-de-corrego-no-municipio-de-itamarandiba","tag-recuperacao-de-corrego-no-municipio-de-itamarandiba","tag-recuperacao-do-corrego-itapirapua","tag-salgadinho","tag-serra-do-ambrosio","tag-serra-dos-martins"],"yoast_head":"<!-- This site is optimized with the Yoast SEO plugin v28.3 - https:\/\/yoast.com\/product\/yoast-seo-wordpress\/ -->\n<title>Projeto envolve comunidades e d\u00e1 bom exemplo na recupera\u00e7\u00e3o de c\u00f3rrego no munic\u00edpio de Itamarandiba - Aconteceu no Vale<\/title>\n<meta name=\"robots\" content=\"index, follow, max-snippet:-1, max-image-preview:large, max-video-preview:-1\" \/>\n<link rel=\"canonical\" href=\"https:\/\/aconteceunovale.com.br\/portal\/?p=66011\" \/>\n<meta property=\"og:locale\" content=\"pt_BR\" \/>\n<meta property=\"og:type\" content=\"article\" \/>\n<meta property=\"og:title\" content=\"Projeto envolve comunidades e d\u00e1 bom exemplo na recupera\u00e7\u00e3o de c\u00f3rrego no munic\u00edpio de Itamarandiba - Aconteceu no Vale\" \/>\n<meta property=\"og:description\" content=\"Um trabalho para recupera\u00e7\u00e3o do C\u00f3rrego Itapirapu\u00e3 est\u00e1 dando bons frutos no munic\u00edpio de Itamarandiba, no Alto Jequitinhonha. A equipe do Instituto Estadual de Florestas (IEF) e as comunidades ribeirinhas est\u00e3o trabalhando em conjunto na recupera\u00e7\u00e3o das \u00e1reas de preserva\u00e7\u00e3o permanente ao longo do curso d\u00b4\u00e1gua. A primeira etapa foi sensibilizar os propriet\u00e1rios das \u00e1reas [&hellip;]\" \/>\n<meta property=\"og:url\" content=\"https:\/\/aconteceunovale.com.br\/portal\/?p=66011\" \/>\n<meta property=\"og:site_name\" content=\"Aconteceu no Vale\" \/>\n<meta property=\"article:publisher\" content=\"https:\/\/www.facebook.com\/aconteceunovale\/\" \/>\n<meta property=\"article:published_time\" content=\"2015-08-20T20:04:50+00:00\" \/>\n<meta property=\"article:modified_time\" content=\"2026-09-02T16:06:46+00:00\" \/>\n<meta property=\"og:image\" content=\"https:\/\/aconteceunovale.com.br\/portal\/wp-content\/uploads\/2015\/08\/projeto-envolve-comunidades-e-da-bom-exemplo-na-recuperacao-do-corrego-itapirapua.jpg\" \/>\n\t<meta property=\"og:image:width\" content=\"600\" \/>\n\t<meta property=\"og:image:height\" content=\"450\" \/>\n\t<meta property=\"og:image:type\" content=\"image\/jpeg\" \/>\n<meta name=\"author\" content=\"Aconteceu no Vale\" \/>\n<meta name=\"twitter:card\" content=\"summary_large_image\" \/>\n<meta name=\"twitter:creator\" content=\"@noticiadosvales\" \/>\n<meta name=\"twitter:site\" content=\"@noticiadosvales\" \/>\n<meta name=\"twitter:label1\" content=\"Escrito por\" \/>\n\t<meta name=\"twitter:data1\" content=\"Aconteceu no Vale\" \/>\n\t<meta name=\"twitter:label2\" content=\"Est. tempo de leitura\" \/>\n\t<meta name=\"twitter:data2\" content=\"2 minutos\" \/>\n<script type=\"application\/ld+json\" class=\"yoast-schema-graph\">{\"@context\":\"https:\\\/\\\/schema.org\",\"@graph\":[{\"@type\":\"Article\",\"@id\":\"https:\\\/\\\/aconteceunovale.com.br\\\/portal\\\/?p=66011#article\",\"isPartOf\":{\"@id\":\"https:\\\/\\\/aconteceunovale.com.br\\\/portal\\\/?p=66011\"},\"author\":{\"name\":\"Aconteceu no Vale\",\"@id\":\"https:\\\/\\\/aconteceunovale.com.br\\\/portal\\\/#\\\/schema\\\/person\\\/633529146f2c94272bef50ac2953d589\"},\"headline\":\"Projeto envolve comunidades e d\u00e1 bom exemplo na recupera\u00e7\u00e3o de c\u00f3rrego no munic\u00edpio de Itamarandiba\",\"datePublished\":\"2015-08-20T20:04:50+00:00\",\"dateModified\":\"2026-09-02T16:06:46+00:00\",\"mainEntityOfPage\":{\"@id\":\"https:\\\/\\\/aconteceunovale.com.br\\\/portal\\\/?p=66011\"},\"wordCount\":400,\"commentCount\":0,\"image\":{\"@id\":\"https:\\\/\\\/aconteceunovale.com.br\\\/portal\\\/?p=66011#primaryimage\"},\"thumbnailUrl\":\"https:\\\/\\\/aconteceunovale.com.br\\\/portal\\\/wp-content\\\/uploads\\\/2015\\\/08\\\/projeto-envolve-comunidades-e-da-bom-exemplo-na-recuperacao-do-corrego-itapirapua.jpg\",\"keywords\":[\"Amaros\",\"Clemente Francisco de Brito\",\"C\u00f3rrego Itapirapu\u00e3\",\"Esta\u00e7\u00e3o Ecol\u00f3gica Mata dos Ausentes\",\"Itamarandiba\",\"Penha de Fran\u00e7\",\"Penha de Fran\u00e7a\",\"Projeto envolve comunidades e d\u00e1 bom exemplo na recupera\u00e7\u00e3o de c\u00f3rrego no munic\u00edpio de Itamarandiba\",\"recupera\u00e7\u00e3o de c\u00f3rrego no munic\u00edpio de Itamarandiba\",\"recupera\u00e7\u00e3o do C\u00f3rrego Itapirapu\u00e3\",\"Salgadinho\",\"Serra do Ambr\u00f3sio\",\"Serra dos Martins\"],\"articleSection\":[\"Itamarandiba\",\"Vale do Jequitinhonha\"],\"inLanguage\":\"pt-BR\",\"potentialAction\":[{\"@type\":\"CommentAction\",\"name\":\"Comment\",\"target\":[\"https:\\\/\\\/aconteceunovale.com.br\\\/portal\\\/?p=66011#respond\"]}]},{\"@type\":\"WebPage\",\"@id\":\"https:\\\/\\\/aconteceunovale.com.br\\\/portal\\\/?p=66011\",\"url\":\"https:\\\/\\\/aconteceunovale.com.br\\\/portal\\\/?p=66011\",\"name\":\"Projeto envolve comunidades e d\u00e1 bom exemplo na recupera\u00e7\u00e3o de c\u00f3rrego no munic\u00edpio de Itamarandiba - Aconteceu no Vale\",\"isPartOf\":{\"@id\":\"https:\\\/\\\/aconteceunovale.com.br\\\/portal\\\/#website\"},\"primaryImageOfPage\":{\"@id\":\"https:\\\/\\\/aconteceunovale.com.br\\\/portal\\\/?p=66011#primaryimage\"},\"image\":{\"@id\":\"https:\\\/\\\/aconteceunovale.com.br\\\/portal\\\/?p=66011#primaryimage\"},\"thumbnailUrl\":\"https:\\\/\\\/aconteceunovale.com.br\\\/portal\\\/wp-content\\\/uploads\\\/2015\\\/08\\\/projeto-envolve-comunidades-e-da-bom-exemplo-na-recuperacao-do-corrego-itapirapua.jpg\",\"datePublished\":\"2015-08-20T20:04:50+00:00\",\"dateModified\":\"2026-09-02T16:06:46+00:00\",\"author\":{\"@id\":\"https:\\\/\\\/aconteceunovale.com.br\\\/portal\\\/#\\\/schema\\\/person\\\/633529146f2c94272bef50ac2953d589\"},\"breadcrumb\":{\"@id\":\"https:\\\/\\\/aconteceunovale.com.br\\\/portal\\\/?p=66011#breadcrumb\"},\"inLanguage\":\"pt-BR\",\"potentialAction\":[{\"@type\":\"ReadAction\",\"target\":[\"https:\\\/\\\/aconteceunovale.com.br\\\/portal\\\/?p=66011\"]}]},{\"@type\":\"ImageObject\",\"inLanguage\":\"pt-BR\",\"@id\":\"https:\\\/\\\/aconteceunovale.com.br\\\/portal\\\/?p=66011#primaryimage\",\"url\":\"https:\\\/\\\/aconteceunovale.com.br\\\/portal\\\/wp-content\\\/uploads\\\/2015\\\/08\\\/projeto-envolve-comunidades-e-da-bom-exemplo-na-recuperacao-do-corrego-itapirapua.jpg\",\"contentUrl\":\"https:\\\/\\\/aconteceunovale.com.br\\\/portal\\\/wp-content\\\/uploads\\\/2015\\\/08\\\/projeto-envolve-comunidades-e-da-bom-exemplo-na-recuperacao-do-corrego-itapirapua.jpg\",\"width\":600,\"height\":450},{\"@type\":\"BreadcrumbList\",\"@id\":\"https:\\\/\\\/aconteceunovale.com.br\\\/portal\\\/?p=66011#breadcrumb\",\"itemListElement\":[{\"@type\":\"ListItem\",\"position\":1,\"name\":\"In\u00edcio\",\"item\":\"https:\\\/\\\/aconteceunovale.com.br\\\/portal\\\/\"},{\"@type\":\"ListItem\",\"position\":2,\"name\":\"Projeto envolve comunidades e d\u00e1 bom exemplo na recupera\u00e7\u00e3o de c\u00f3rrego no munic\u00edpio de Itamarandiba\"}]},{\"@type\":\"WebSite\",\"@id\":\"https:\\\/\\\/aconteceunovale.com.br\\\/portal\\\/#website\",\"url\":\"https:\\\/\\\/aconteceunovale.com.br\\\/portal\\\/\",\"name\":\"Aconteceu no Vale\",\"description\":\"Portal de Not\u00edcias\",\"potentialAction\":[{\"@type\":\"SearchAction\",\"target\":{\"@type\":\"EntryPoint\",\"urlTemplate\":\"https:\\\/\\\/aconteceunovale.com.br\\\/portal\\\/?s={search_term_string}\"},\"query-input\":{\"@type\":\"PropertyValueSpecification\",\"valueRequired\":true,\"valueName\":\"search_term_string\"}}],\"inLanguage\":\"pt-BR\"},{\"@type\":\"Person\",\"@id\":\"https:\\\/\\\/aconteceunovale.com.br\\\/portal\\\/#\\\/schema\\\/person\\\/633529146f2c94272bef50ac2953d589\",\"name\":\"Aconteceu no Vale\",\"description\":\"Equipe de reportagem do Aconteceu no Vale, portal de not\u00edcias do Vale do Jequitinhonha, em Minas Gerais. Cobrimos as 51 cidades do Vale desde 2013. Sugest\u00f5es de pauta e pedidos de corre\u00e7\u00e3o: contato@aconteceunovale.com.br\",\"sameAs\":[\"http:\\\/\\\/www.aconteceunovale.com.br\"],\"url\":\"https:\\\/\\\/aconteceunovale.com.br\\\/portal\\\/?author=1\"}]}<\/script>\n<!-- \/ Yoast SEO plugin. -->","yoast_head_json":{"title":"Projeto envolve comunidades e d\u00e1 bom exemplo na recupera\u00e7\u00e3o de c\u00f3rrego no munic\u00edpio de Itamarandiba - Aconteceu no Vale","robots":{"index":"index","follow":"follow","max-snippet":"max-snippet:-1","max-image-preview":"max-image-preview:large","max-video-preview":"max-video-preview:-1"},"canonical":"https:\/\/aconteceunovale.com.br\/portal\/?p=66011","og_locale":"pt_BR","og_type":"article","og_title":"Projeto envolve comunidades e d\u00e1 bom exemplo na recupera\u00e7\u00e3o de c\u00f3rrego no munic\u00edpio de Itamarandiba - Aconteceu no Vale","og_description":"Um trabalho para recupera\u00e7\u00e3o do C\u00f3rrego Itapirapu\u00e3 est\u00e1 dando bons frutos no munic\u00edpio de Itamarandiba, no Alto Jequitinhonha. A equipe do Instituto Estadual de Florestas (IEF) e as comunidades ribeirinhas est\u00e3o trabalhando em conjunto na recupera\u00e7\u00e3o das \u00e1reas de preserva\u00e7\u00e3o permanente ao longo do curso d\u00b4\u00e1gua. A primeira etapa foi sensibilizar os propriet\u00e1rios das \u00e1reas [&hellip;]","og_url":"https:\/\/aconteceunovale.com.br\/portal\/?p=66011","og_site_name":"Aconteceu no Vale","article_publisher":"https:\/\/www.facebook.com\/aconteceunovale\/","article_published_time":"2015-08-20T20:04:50+00:00","article_modified_time":"2026-09-02T16:06:46+00:00","og_image":[{"width":600,"height":450,"url":"https:\/\/aconteceunovale.com.br\/portal\/wp-content\/uploads\/2015\/08\/projeto-envolve-comunidades-e-da-bom-exemplo-na-recuperacao-do-corrego-itapirapua.jpg","type":"image\/jpeg"}],"author":"Aconteceu no Vale","twitter_card":"summary_large_image","twitter_creator":"@noticiadosvales","twitter_site":"@noticiadosvales","twitter_misc":{"Escrito por":"Aconteceu no Vale","Est. tempo de leitura":"2 minutos"},"schema":{"@context":"https:\/\/schema.org","@graph":[{"@type":"Article","@id":"https:\/\/aconteceunovale.com.br\/portal\/?p=66011#article","isPartOf":{"@id":"https:\/\/aconteceunovale.com.br\/portal\/?p=66011"},"author":{"name":"Aconteceu no Vale","@id":"https:\/\/aconteceunovale.com.br\/portal\/#\/schema\/person\/633529146f2c94272bef50ac2953d589"},"headline":"Projeto envolve comunidades e d\u00e1 bom exemplo na recupera\u00e7\u00e3o de c\u00f3rrego no munic\u00edpio de Itamarandiba","datePublished":"2015-08-20T20:04:50+00:00","dateModified":"2026-09-02T16:06:46+00:00","mainEntityOfPage":{"@id":"https:\/\/aconteceunovale.com.br\/portal\/?p=66011"},"wordCount":400,"commentCount":0,"image":{"@id":"https:\/\/aconteceunovale.com.br\/portal\/?p=66011#primaryimage"},"thumbnailUrl":"https:\/\/aconteceunovale.com.br\/portal\/wp-content\/uploads\/2015\/08\/projeto-envolve-comunidades-e-da-bom-exemplo-na-recuperacao-do-corrego-itapirapua.jpg","keywords":["Amaros","Clemente Francisco de Brito","C\u00f3rrego Itapirapu\u00e3","Esta\u00e7\u00e3o Ecol\u00f3gica Mata dos Ausentes","Itamarandiba","Penha de Fran\u00e7","Penha de Fran\u00e7a","Projeto envolve comunidades e d\u00e1 bom exemplo na recupera\u00e7\u00e3o de c\u00f3rrego no munic\u00edpio de Itamarandiba","recupera\u00e7\u00e3o de c\u00f3rrego no munic\u00edpio de Itamarandiba","recupera\u00e7\u00e3o do C\u00f3rrego Itapirapu\u00e3","Salgadinho","Serra do Ambr\u00f3sio","Serra dos Martins"],"articleSection":["Itamarandiba","Vale do Jequitinhonha"],"inLanguage":"pt-BR","potentialAction":[{"@type":"CommentAction","name":"Comment","target":["https:\/\/aconteceunovale.com.br\/portal\/?p=66011#respond"]}]},{"@type":"WebPage","@id":"https:\/\/aconteceunovale.com.br\/portal\/?p=66011","url":"https:\/\/aconteceunovale.com.br\/portal\/?p=66011","name":"Projeto envolve comunidades e d\u00e1 bom exemplo na recupera\u00e7\u00e3o de c\u00f3rrego no munic\u00edpio de Itamarandiba - Aconteceu no Vale","isPartOf":{"@id":"https:\/\/aconteceunovale.com.br\/portal\/#website"},"primaryImageOfPage":{"@id":"https:\/\/aconteceunovale.com.br\/portal\/?p=66011#primaryimage"},"image":{"@id":"https:\/\/aconteceunovale.com.br\/portal\/?p=66011#primaryimage"},"thumbnailUrl":"https:\/\/aconteceunovale.com.br\/portal\/wp-content\/uploads\/2015\/08\/projeto-envolve-comunidades-e-da-bom-exemplo-na-recuperacao-do-corrego-itapirapua.jpg","datePublished":"2015-08-20T20:04:50+00:00","dateModified":"2026-09-02T16:06:46+00:00","author":{"@id":"https:\/\/aconteceunovale.com.br\/portal\/#\/schema\/person\/633529146f2c94272bef50ac2953d589"},"breadcrumb":{"@id":"https:\/\/aconteceunovale.com.br\/portal\/?p=66011#breadcrumb"},"inLanguage":"pt-BR","potentialAction":[{"@type":"ReadAction","target":["https:\/\/aconteceunovale.com.br\/portal\/?p=66011"]}]},{"@type":"ImageObject","inLanguage":"pt-BR","@id":"https:\/\/aconteceunovale.com.br\/portal\/?p=66011#primaryimage","url":"https:\/\/aconteceunovale.com.br\/portal\/wp-content\/uploads\/2015\/08\/projeto-envolve-comunidades-e-da-bom-exemplo-na-recuperacao-do-corrego-itapirapua.jpg","contentUrl":"https:\/\/aconteceunovale.com.br\/portal\/wp-content\/uploads\/2015\/08\/projeto-envolve-comunidades-e-da-bom-exemplo-na-recuperacao-do-corrego-itapirapua.jpg","width":600,"height":450},{"@type":"BreadcrumbList","@id":"https:\/\/aconteceunovale.com.br\/portal\/?p=66011#breadcrumb","itemListElement":[{"@type":"ListItem","position":1,"name":"In\u00edcio","item":"https:\/\/aconteceunovale.com.br\/portal\/"},{"@type":"ListItem","position":2,"name":"Projeto envolve comunidades e d\u00e1 bom exemplo na recupera\u00e7\u00e3o de c\u00f3rrego no munic\u00edpio de Itamarandiba"}]},{"@type":"WebSite","@id":"https:\/\/aconteceunovale.com.br\/portal\/#website","url":"https:\/\/aconteceunovale.com.br\/portal\/","name":"Aconteceu no Vale","description":"Portal de Not\u00edcias","potentialAction":[{"@type":"SearchAction","target":{"@type":"EntryPoint","urlTemplate":"https:\/\/aconteceunovale.com.br\/portal\/?s={search_term_string}"},"query-input":{"@type":"PropertyValueSpecification","valueRequired":true,"valueName":"search_term_string"}}],"inLanguage":"pt-BR"},{"@type":"Person","@id":"https:\/\/aconteceunovale.com.br\/portal\/#\/schema\/person\/633529146f2c94272bef50ac2953d589","name":"Aconteceu no Vale","description":"Equipe de reportagem do Aconteceu no Vale, portal de not\u00edcias do Vale do Jequitinhonha, em Minas Gerais. Cobrimos as 51 cidades do Vale desde 2013. Sugest\u00f5es de pauta e pedidos de corre\u00e7\u00e3o: contato@aconteceunovale.com.br","sameAs":["http:\/\/www.aconteceunovale.com.br"],"url":"https:\/\/aconteceunovale.com.br\/portal\/?author=1"}]}},"_links":{"self":[{"href":"https:\/\/aconteceunovale.com.br\/portal\/index.php?rest_route=\/wp\/v2\/posts\/66011","targetHints":{"allow":["GET"]}}],"collection":[{"href":"https:\/\/aconteceunovale.com.br\/portal\/index.php?rest_route=\/wp\/v2\/posts"}],"about":[{"href":"https:\/\/aconteceunovale.com.br\/portal\/index.php?rest_route=\/wp\/v2\/types\/post"}],"author":[{"embeddable":true,"href":"https:\/\/aconteceunovale.com.br\/portal\/index.php?rest_route=\/wp\/v2\/users\/1"}],"replies":[{"embeddable":true,"href":"https:\/\/aconteceunovale.com.br\/portal\/index.php?rest_route=%2Fwp%2Fv2%2Fcomments&post=66011"}],"version-history":[{"count":1,"href":"https:\/\/aconteceunovale.com.br\/portal\/index.php?rest_route=\/wp\/v2\/posts\/66011\/revisions"}],"predecessor-version":[{"id":200839,"href":"https:\/\/aconteceunovale.com.br\/portal\/index.php?rest_route=\/wp\/v2\/posts\/66011\/revisions\/200839"}],"wp:featuredmedia":[{"embeddable":true,"href":"https:\/\/aconteceunovale.com.br\/portal\/index.php?rest_route=\/wp\/v2\/media\/66012"}],"wp:attachment":[{"href":"https:\/\/aconteceunovale.com.br\/portal\/index.php?rest_route=%2Fwp%2Fv2%2Fmedia&parent=66011"}],"wp:term":[{"taxonomy":"category","embeddable":true,"href":"https:\/\/aconteceunovale.com.br\/portal\/index.php?rest_route=%2Fwp%2Fv2%2Fcategories&post=66011"},{"taxonomy":"post_tag","embeddable":true,"href":"https:\/\/aconteceunovale.com.br\/portal\/index.php?rest_route=%2Fwp%2Fv2%2Ftags&post=66011"}],"curies":[{"name":"wp","href":"https:\/\/api.w.org\/{rel}","templated":true}]}}