{"id":66003,"date":"2015-08-20T15:33:47","date_gmt":"2015-08-20T18:33:47","guid":{"rendered":"http:\/\/aconteceunovale.com.br\/portal\/?p=66003"},"modified":"2015-08-20T15:33:47","modified_gmt":"2015-08-20T18:33:47","slug":"fabricante-de-produtos-automotivos-devera-indenizar-cliente-mineiro-que-se-feriu-ao-abrir-embalagem","status":"publish","type":"post","link":"https:\/\/aconteceunovale.com.br\/portal\/?p=66003","title":{"rendered":"Fabricante de produtos automotivos dever\u00e1 indenizar cliente mineiro que se feriu ao abrir embalagem"},"content":{"rendered":"<p>A empresa Radnaq Produtos Automotivos foi condenada a pagar R$ 16 mil de indeniza\u00e7\u00e3o por danos morais e est\u00e9ticos a um cliente. A decis\u00e3o \u00e9 da 9\u00aa C\u00e2mara C\u00edvel do Tribunal de Justi\u00e7a de Minas Gerais, que manteve senten\u00e7a proferida pela 2\u00aa Vara C\u00edvel da comarca de Ipatinga.<\/p>\n<p>O cliente informou na a\u00e7\u00e3o que sofreu acidente de consumo com a graxa em spray branca Radnaq, fabricada pela empresa. De acordo com ele, a embalagem estourou quando foi manuseada, o que causou um profundo corte em seu rosto. Ele alegou ainda que, na instru\u00e7\u00e3o de uso presente na embalagem, a graxa deveria ser agitada, o que exclui a possibilidade de mau uso do consumidor.<\/p>\n<p>Em sua defesa, a empresa afirmou que sua culpa n\u00e3o foi demonstrada e que o acidente ocorreu por causa do manuseio equivocado do produto por parte do cliente.<\/p>\n<p>Na avalia\u00e7\u00e3o do relator, desembargador Amorim Siqueira, as provas produzidas nos autos indicam a veracidade dos fatos narrados pelo consumidor e \u00e9 objetiva a responsabilidade do fabricante. Portanto, a senten\u00e7a deve ser mantida em todos os seus termos. Os desembargadores Jos\u00e9 Arthur Filho e Luiz Artur Hil\u00e1rio votaram de acordo com o relator.<\/p>\n<p><em>(Fonte: Tribunal de Justi\u00e7a de Minas Gerais)<\/em><\/p>\n","protected":false},"excerpt":{"rendered":"<p>A empresa Radnaq Produtos Automotivos foi condenada a pagar R$ 16 mil de indeniza\u00e7\u00e3o por danos morais e est\u00e9ticos a um cliente. A decis\u00e3o \u00e9 da 9\u00aa C\u00e2mara C\u00edvel do Tribunal de Justi\u00e7a de Minas Gerais, que manteve senten\u00e7a proferida pela 2\u00aa Vara C\u00edvel da comarca de Ipatinga. O cliente informou na a\u00e7\u00e3o que sofreu [&hellip;]<\/p>\n","protected":false},"author":1,"featured_media":66004,"comment_status":"open","ping_status":"closed","sticky":false,"template":"","format":"standard","meta":{"amp_status":"","footnotes":""},"categories":[121],"tags":[55869,55872,55875,55873,55871,55874,201,55870,55867,55868],"class_list":["post-66003","post","type-post","status-publish","format-standard","has-post-thumbnail","hentry","category-leste","tag-condenacao-da-radnaq-produtos-automotivos","tag-fabricante-de-produtos-automotivos-devera-indenizar-cliente","tag-fabricante-de-produtos-automotivos-devera-indenizar-cliente-mineiro-que-se-feriu-ao-abrir-embalagem","tag-fabricante-de-produtos-automotivos-devera-indenizar-cliente-que-se-feriu-ao-abrir-embalagem","tag-fabricante-de-produtos-automotivos-devera-indenizar-cliente-que-se-feriu-ao-abrir-embalagem-em-ipatinga","tag-fabricante-de-produtos-automotivos-devera-indenizar-cliente-que-se-feriu-ao-abrir-embalagem-em-minas","tag-ipatinga","tag-problemas-com-produtos-da-radnaq-produtos-automotivos","tag-radnaq-produtos-automotivos","tag-radnaq-produtos-automotivos-e-condenada"],"yoast_head":"<!-- This site is optimized with the Yoast SEO plugin v28.3 - https:\/\/yoast.com\/product\/yoast-seo-wordpress\/ -->\n<title>Fabricante de produtos automotivos dever\u00e1 indenizar cliente mineiro que se feriu ao abrir embalagem - Aconteceu no Vale<\/title>\n<meta name=\"robots\" content=\"index, follow, max-snippet:-1, max-image-preview:large, max-video-preview:-1\" \/>\n<link rel=\"canonical\" href=\"https:\/\/aconteceunovale.com.br\/portal\/?p=66003\" \/>\n<meta property=\"og:locale\" content=\"pt_BR\" \/>\n<meta property=\"og:type\" content=\"article\" \/>\n<meta property=\"og:title\" content=\"Fabricante de produtos automotivos dever\u00e1 indenizar cliente mineiro que se feriu ao abrir embalagem - Aconteceu no Vale\" \/>\n<meta property=\"og:description\" content=\"A empresa Radnaq Produtos Automotivos foi condenada a pagar R$ 16 mil de indeniza\u00e7\u00e3o por danos morais e est\u00e9ticos a um cliente. A decis\u00e3o \u00e9 da 9\u00aa C\u00e2mara C\u00edvel do Tribunal de Justi\u00e7a de Minas Gerais, que manteve senten\u00e7a proferida pela 2\u00aa Vara C\u00edvel da comarca de Ipatinga. O cliente informou na a\u00e7\u00e3o que sofreu [&hellip;]\" \/>\n<meta property=\"og:url\" content=\"https:\/\/aconteceunovale.com.br\/portal\/?p=66003\" \/>\n<meta property=\"og:site_name\" content=\"Aconteceu no Vale\" \/>\n<meta property=\"article:publisher\" content=\"https:\/\/www.facebook.com\/aconteceunovale\/\" \/>\n<meta property=\"article:published_time\" content=\"2015-08-20T18:33:47+00:00\" \/>\n<meta property=\"og:image\" content=\"https:\/\/aconteceunovale.com.br\/portal\/wp-content\/uploads\/2015\/08\/produtos_automotivos.jpg\" \/>\n\t<meta property=\"og:image:width\" content=\"678\" \/>\n\t<meta property=\"og:image:height\" content=\"309\" \/>\n\t<meta property=\"og:image:type\" content=\"image\/jpeg\" \/>\n<meta name=\"author\" content=\"Aconteceu no Vale\" \/>\n<meta name=\"twitter:card\" content=\"summary_large_image\" \/>\n<meta name=\"twitter:creator\" content=\"@noticiadosvales\" \/>\n<meta name=\"twitter:site\" content=\"@noticiadosvales\" \/>\n<meta name=\"twitter:label1\" content=\"Escrito por\" \/>\n\t<meta name=\"twitter:data1\" content=\"Aconteceu no Vale\" \/>\n\t<meta name=\"twitter:label2\" content=\"Est. tempo de leitura\" \/>\n\t<meta name=\"twitter:data2\" content=\"1 minuto\" \/>\n<script type=\"application\/ld+json\" class=\"yoast-schema-graph\">{\"@context\":\"https:\\\/\\\/schema.org\",\"@graph\":[{\"@type\":\"Article\",\"@id\":\"https:\\\/\\\/aconteceunovale.com.br\\\/portal\\\/?p=66003#article\",\"isPartOf\":{\"@id\":\"https:\\\/\\\/aconteceunovale.com.br\\\/portal\\\/?p=66003\"},\"author\":{\"name\":\"Aconteceu no Vale\",\"@id\":\"https:\\\/\\\/aconteceunovale.com.br\\\/portal\\\/#\\\/schema\\\/person\\\/633529146f2c94272bef50ac2953d589\"},\"headline\":\"Fabricante de produtos automotivos dever\u00e1 indenizar cliente mineiro que se feriu ao abrir embalagem\",\"datePublished\":\"2015-08-20T18:33:47+00:00\",\"mainEntityOfPage\":{\"@id\":\"https:\\\/\\\/aconteceunovale.com.br\\\/portal\\\/?p=66003\"},\"wordCount\":225,\"commentCount\":0,\"image\":{\"@id\":\"https:\\\/\\\/aconteceunovale.com.br\\\/portal\\\/?p=66003#primaryimage\"},\"thumbnailUrl\":\"https:\\\/\\\/aconteceunovale.com.br\\\/portal\\\/wp-content\\\/uploads\\\/2015\\\/08\\\/produtos_automotivos.jpg\",\"keywords\":[\"condena\u00e7\u00e3o da Radnaq Produtos Automotivos\",\"Fabricante de produtos automotivos dever\u00e1 indenizar cliente\",\"Fabricante de produtos automotivos dever\u00e1 indenizar cliente mineiro que se feriu ao abrir embalagem\",\"Fabricante de produtos automotivos dever\u00e1 indenizar cliente que se feriu ao abrir embalagem\",\"Fabricante de produtos automotivos dever\u00e1 indenizar cliente que se feriu ao abrir embalagem em Ipatinga\",\"Fabricante de produtos automotivos dever\u00e1 indenizar cliente que se feriu ao abrir embalagem em Minas\",\"Ipatinga\",\"problemas com produtos da Radnaq Produtos Automotivos\",\"Radnaq Produtos Automotivos\",\"Radnaq Produtos Automotivos \u00e9 condenada\"],\"articleSection\":[\"Leste de Minas\"],\"inLanguage\":\"pt-BR\",\"potentialAction\":[{\"@type\":\"CommentAction\",\"name\":\"Comment\",\"target\":[\"https:\\\/\\\/aconteceunovale.com.br\\\/portal\\\/?p=66003#respond\"]}]},{\"@type\":\"WebPage\",\"@id\":\"https:\\\/\\\/aconteceunovale.com.br\\\/portal\\\/?p=66003\",\"url\":\"https:\\\/\\\/aconteceunovale.com.br\\\/portal\\\/?p=66003\",\"name\":\"Fabricante de produtos automotivos dever\u00e1 indenizar cliente mineiro que se feriu ao abrir embalagem - Aconteceu no Vale\",\"isPartOf\":{\"@id\":\"https:\\\/\\\/aconteceunovale.com.br\\\/portal\\\/#website\"},\"primaryImageOfPage\":{\"@id\":\"https:\\\/\\\/aconteceunovale.com.br\\\/portal\\\/?p=66003#primaryimage\"},\"image\":{\"@id\":\"https:\\\/\\\/aconteceunovale.com.br\\\/portal\\\/?p=66003#primaryimage\"},\"thumbnailUrl\":\"https:\\\/\\\/aconteceunovale.com.br\\\/portal\\\/wp-content\\\/uploads\\\/2015\\\/08\\\/produtos_automotivos.jpg\",\"datePublished\":\"2015-08-20T18:33:47+00:00\",\"author\":{\"@id\":\"https:\\\/\\\/aconteceunovale.com.br\\\/portal\\\/#\\\/schema\\\/person\\\/633529146f2c94272bef50ac2953d589\"},\"breadcrumb\":{\"@id\":\"https:\\\/\\\/aconteceunovale.com.br\\\/portal\\\/?p=66003#breadcrumb\"},\"inLanguage\":\"pt-BR\",\"potentialAction\":[{\"@type\":\"ReadAction\",\"target\":[\"https:\\\/\\\/aconteceunovale.com.br\\\/portal\\\/?p=66003\"]}]},{\"@type\":\"ImageObject\",\"inLanguage\":\"pt-BR\",\"@id\":\"https:\\\/\\\/aconteceunovale.com.br\\\/portal\\\/?p=66003#primaryimage\",\"url\":\"https:\\\/\\\/aconteceunovale.com.br\\\/portal\\\/wp-content\\\/uploads\\\/2015\\\/08\\\/produtos_automotivos.jpg\",\"contentUrl\":\"https:\\\/\\\/aconteceunovale.com.br\\\/portal\\\/wp-content\\\/uploads\\\/2015\\\/08\\\/produtos_automotivos.jpg\",\"width\":678,\"height\":309},{\"@type\":\"BreadcrumbList\",\"@id\":\"https:\\\/\\\/aconteceunovale.com.br\\\/portal\\\/?p=66003#breadcrumb\",\"itemListElement\":[{\"@type\":\"ListItem\",\"position\":1,\"name\":\"In\u00edcio\",\"item\":\"https:\\\/\\\/aconteceunovale.com.br\\\/portal\\\/\"},{\"@type\":\"ListItem\",\"position\":2,\"name\":\"Fabricante de produtos automotivos dever\u00e1 indenizar cliente mineiro que se feriu ao abrir embalagem\"}]},{\"@type\":\"WebSite\",\"@id\":\"https:\\\/\\\/aconteceunovale.com.br\\\/portal\\\/#website\",\"url\":\"https:\\\/\\\/aconteceunovale.com.br\\\/portal\\\/\",\"name\":\"Aconteceu no Vale\",\"description\":\"Portal de Not\u00edcias\",\"potentialAction\":[{\"@type\":\"SearchAction\",\"target\":{\"@type\":\"EntryPoint\",\"urlTemplate\":\"https:\\\/\\\/aconteceunovale.com.br\\\/portal\\\/?s={search_term_string}\"},\"query-input\":{\"@type\":\"PropertyValueSpecification\",\"valueRequired\":true,\"valueName\":\"search_term_string\"}}],\"inLanguage\":\"pt-BR\"},{\"@type\":\"Person\",\"@id\":\"https:\\\/\\\/aconteceunovale.com.br\\\/portal\\\/#\\\/schema\\\/person\\\/633529146f2c94272bef50ac2953d589\",\"name\":\"Aconteceu no Vale\",\"description\":\"Equipe de reportagem do Aconteceu no Vale, portal de not\u00edcias do Vale do Jequitinhonha, em Minas Gerais. Cobrimos as 51 cidades do Vale desde 2013. Sugest\u00f5es de pauta e pedidos de corre\u00e7\u00e3o: contato@aconteceunovale.com.br\",\"sameAs\":[\"http:\\\/\\\/www.aconteceunovale.com.br\"],\"url\":\"https:\\\/\\\/aconteceunovale.com.br\\\/portal\\\/?author=1\"}]}<\/script>\n<!-- \/ Yoast SEO plugin. -->","yoast_head_json":{"title":"Fabricante de produtos automotivos dever\u00e1 indenizar cliente mineiro que se feriu ao abrir embalagem - Aconteceu no Vale","robots":{"index":"index","follow":"follow","max-snippet":"max-snippet:-1","max-image-preview":"max-image-preview:large","max-video-preview":"max-video-preview:-1"},"canonical":"https:\/\/aconteceunovale.com.br\/portal\/?p=66003","og_locale":"pt_BR","og_type":"article","og_title":"Fabricante de produtos automotivos dever\u00e1 indenizar cliente mineiro que se feriu ao abrir embalagem - Aconteceu no Vale","og_description":"A empresa Radnaq Produtos Automotivos foi condenada a pagar R$ 16 mil de indeniza\u00e7\u00e3o por danos morais e est\u00e9ticos a um cliente. A decis\u00e3o \u00e9 da 9\u00aa C\u00e2mara C\u00edvel do Tribunal de Justi\u00e7a de Minas Gerais, que manteve senten\u00e7a proferida pela 2\u00aa Vara C\u00edvel da comarca de Ipatinga. O cliente informou na a\u00e7\u00e3o que sofreu [&hellip;]","og_url":"https:\/\/aconteceunovale.com.br\/portal\/?p=66003","og_site_name":"Aconteceu no Vale","article_publisher":"https:\/\/www.facebook.com\/aconteceunovale\/","article_published_time":"2015-08-20T18:33:47+00:00","og_image":[{"width":678,"height":309,"url":"https:\/\/aconteceunovale.com.br\/portal\/wp-content\/uploads\/2015\/08\/produtos_automotivos.jpg","type":"image\/jpeg"}],"author":"Aconteceu no Vale","twitter_card":"summary_large_image","twitter_creator":"@noticiadosvales","twitter_site":"@noticiadosvales","twitter_misc":{"Escrito por":"Aconteceu no Vale","Est. tempo de leitura":"1 minuto"},"schema":{"@context":"https:\/\/schema.org","@graph":[{"@type":"Article","@id":"https:\/\/aconteceunovale.com.br\/portal\/?p=66003#article","isPartOf":{"@id":"https:\/\/aconteceunovale.com.br\/portal\/?p=66003"},"author":{"name":"Aconteceu no Vale","@id":"https:\/\/aconteceunovale.com.br\/portal\/#\/schema\/person\/633529146f2c94272bef50ac2953d589"},"headline":"Fabricante de produtos automotivos dever\u00e1 indenizar cliente mineiro que se feriu ao abrir embalagem","datePublished":"2015-08-20T18:33:47+00:00","mainEntityOfPage":{"@id":"https:\/\/aconteceunovale.com.br\/portal\/?p=66003"},"wordCount":225,"commentCount":0,"image":{"@id":"https:\/\/aconteceunovale.com.br\/portal\/?p=66003#primaryimage"},"thumbnailUrl":"https:\/\/aconteceunovale.com.br\/portal\/wp-content\/uploads\/2015\/08\/produtos_automotivos.jpg","keywords":["condena\u00e7\u00e3o da Radnaq Produtos Automotivos","Fabricante de produtos automotivos dever\u00e1 indenizar cliente","Fabricante de produtos automotivos dever\u00e1 indenizar cliente mineiro que se feriu ao abrir embalagem","Fabricante de produtos automotivos dever\u00e1 indenizar cliente que se feriu ao abrir embalagem","Fabricante de produtos automotivos dever\u00e1 indenizar cliente que se feriu ao abrir embalagem em Ipatinga","Fabricante de produtos automotivos dever\u00e1 indenizar cliente que se feriu ao abrir embalagem em Minas","Ipatinga","problemas com produtos da Radnaq Produtos Automotivos","Radnaq Produtos Automotivos","Radnaq Produtos Automotivos \u00e9 condenada"],"articleSection":["Leste de Minas"],"inLanguage":"pt-BR","potentialAction":[{"@type":"CommentAction","name":"Comment","target":["https:\/\/aconteceunovale.com.br\/portal\/?p=66003#respond"]}]},{"@type":"WebPage","@id":"https:\/\/aconteceunovale.com.br\/portal\/?p=66003","url":"https:\/\/aconteceunovale.com.br\/portal\/?p=66003","name":"Fabricante de produtos automotivos dever\u00e1 indenizar cliente mineiro que se feriu ao abrir embalagem - Aconteceu no Vale","isPartOf":{"@id":"https:\/\/aconteceunovale.com.br\/portal\/#website"},"primaryImageOfPage":{"@id":"https:\/\/aconteceunovale.com.br\/portal\/?p=66003#primaryimage"},"image":{"@id":"https:\/\/aconteceunovale.com.br\/portal\/?p=66003#primaryimage"},"thumbnailUrl":"https:\/\/aconteceunovale.com.br\/portal\/wp-content\/uploads\/2015\/08\/produtos_automotivos.jpg","datePublished":"2015-08-20T18:33:47+00:00","author":{"@id":"https:\/\/aconteceunovale.com.br\/portal\/#\/schema\/person\/633529146f2c94272bef50ac2953d589"},"breadcrumb":{"@id":"https:\/\/aconteceunovale.com.br\/portal\/?p=66003#breadcrumb"},"inLanguage":"pt-BR","potentialAction":[{"@type":"ReadAction","target":["https:\/\/aconteceunovale.com.br\/portal\/?p=66003"]}]},{"@type":"ImageObject","inLanguage":"pt-BR","@id":"https:\/\/aconteceunovale.com.br\/portal\/?p=66003#primaryimage","url":"https:\/\/aconteceunovale.com.br\/portal\/wp-content\/uploads\/2015\/08\/produtos_automotivos.jpg","contentUrl":"https:\/\/aconteceunovale.com.br\/portal\/wp-content\/uploads\/2015\/08\/produtos_automotivos.jpg","width":678,"height":309},{"@type":"BreadcrumbList","@id":"https:\/\/aconteceunovale.com.br\/portal\/?p=66003#breadcrumb","itemListElement":[{"@type":"ListItem","position":1,"name":"In\u00edcio","item":"https:\/\/aconteceunovale.com.br\/portal\/"},{"@type":"ListItem","position":2,"name":"Fabricante de produtos automotivos dever\u00e1 indenizar cliente mineiro que se feriu ao abrir embalagem"}]},{"@type":"WebSite","@id":"https:\/\/aconteceunovale.com.br\/portal\/#website","url":"https:\/\/aconteceunovale.com.br\/portal\/","name":"Aconteceu no Vale","description":"Portal de Not\u00edcias","potentialAction":[{"@type":"SearchAction","target":{"@type":"EntryPoint","urlTemplate":"https:\/\/aconteceunovale.com.br\/portal\/?s={search_term_string}"},"query-input":{"@type":"PropertyValueSpecification","valueRequired":true,"valueName":"search_term_string"}}],"inLanguage":"pt-BR"},{"@type":"Person","@id":"https:\/\/aconteceunovale.com.br\/portal\/#\/schema\/person\/633529146f2c94272bef50ac2953d589","name":"Aconteceu no Vale","description":"Equipe de reportagem do Aconteceu no Vale, portal de not\u00edcias do Vale do Jequitinhonha, em Minas Gerais. Cobrimos as 51 cidades do Vale desde 2013. Sugest\u00f5es de pauta e pedidos de corre\u00e7\u00e3o: contato@aconteceunovale.com.br","sameAs":["http:\/\/www.aconteceunovale.com.br"],"url":"https:\/\/aconteceunovale.com.br\/portal\/?author=1"}]}},"_links":{"self":[{"href":"https:\/\/aconteceunovale.com.br\/portal\/index.php?rest_route=\/wp\/v2\/posts\/66003","targetHints":{"allow":["GET"]}}],"collection":[{"href":"https:\/\/aconteceunovale.com.br\/portal\/index.php?rest_route=\/wp\/v2\/posts"}],"about":[{"href":"https:\/\/aconteceunovale.com.br\/portal\/index.php?rest_route=\/wp\/v2\/types\/post"}],"author":[{"embeddable":true,"href":"https:\/\/aconteceunovale.com.br\/portal\/index.php?rest_route=\/wp\/v2\/users\/1"}],"replies":[{"embeddable":true,"href":"https:\/\/aconteceunovale.com.br\/portal\/index.php?rest_route=%2Fwp%2Fv2%2Fcomments&post=66003"}],"version-history":[{"count":0,"href":"https:\/\/aconteceunovale.com.br\/portal\/index.php?rest_route=\/wp\/v2\/posts\/66003\/revisions"}],"wp:featuredmedia":[{"embeddable":true,"href":"https:\/\/aconteceunovale.com.br\/portal\/index.php?rest_route=\/wp\/v2\/media\/66004"}],"wp:attachment":[{"href":"https:\/\/aconteceunovale.com.br\/portal\/index.php?rest_route=%2Fwp%2Fv2%2Fmedia&parent=66003"}],"wp:term":[{"taxonomy":"category","embeddable":true,"href":"https:\/\/aconteceunovale.com.br\/portal\/index.php?rest_route=%2Fwp%2Fv2%2Fcategories&post=66003"},{"taxonomy":"post_tag","embeddable":true,"href":"https:\/\/aconteceunovale.com.br\/portal\/index.php?rest_route=%2Fwp%2Fv2%2Ftags&post=66003"}],"curies":[{"name":"wp","href":"https:\/\/api.w.org\/{rel}","templated":true}]}}