{"id":65997,"date":"2015-08-20T15:05:56","date_gmt":"2015-08-20T18:05:56","guid":{"rendered":"http:\/\/aconteceunovale.com.br\/portal\/?p=65997"},"modified":"2015-08-20T15:05:56","modified_gmt":"2015-08-20T18:05:56","slug":"acordo-milionario-intermediado-pelo-cejus-de-governador-valadares-poe-fim-a-oito-processos","status":"publish","type":"post","link":"https:\/\/aconteceunovale.com.br\/portal\/?p=65997","title":{"rendered":"Acordo milion\u00e1rio intermediado pelo Cejus de Governador Valadares p\u00f5e fim a oito processos"},"content":{"rendered":"<p>At\u00e9 mesmo em processo dif\u00edceis, aparentemente sem possibilidade de acordo, a concilia\u00e7\u00e3o \u00e9 poss\u00edvel. \u00c9 o que comprovou audi\u00eancia realizada, neste m\u00eas de agosto, no Centro de Solu\u00e7\u00e3o de Conflitos e Cidadania (Cejus) de Governador de Valadares, envolvendo a Unimed Governador Valadares e o hospital S\u00e3o Lucas. Com a homologa\u00e7\u00e3o do acordo, oito processos foram extintos.<\/p>\n<p>Conforme explicou o juiz coordenador do Cejus de Governador Valadares, Roberto Apolin\u00e1rio de Castro, os oito processos extintos envolviam a cobran\u00e7a de valores retidos pela Unimed, desde 2011, referentes a dieta enteral e medicamentos. Dieta enteral \u00e9 a dieta l\u00edquida que, com o aux\u00edlio de uma sonda, \u00e9 introduzida no est\u00f4mago ou no intestino do paciente. O conflito entre as empresas surgiu devido \u00e0 diverg\u00eancia na interpreta\u00e7\u00e3o de uma cl\u00e1usula contratual relativa aos valores atribu\u00eddos pelo hospital para recebimento dos produtos gastos nos atendimentos aos cooperados da Unimed.<\/p>\n<p>Em raz\u00e3o do acordo, a Unimed concordou em pagar 60% do valor cobrado nas a\u00e7\u00f5es ajuizadas at\u00e9 o momento da audi\u00eancia, cerca de R$ 4,8 milh\u00f5es. Desse valor foram deduzidas as import\u00e2ncias incontroversas j\u00e1 depositadas judicialmente. A Unimed dever\u00e1 pagar ainda 60% dos valores a serem apurados at\u00e9 agosto de 2015, aproximadamente R$ 3 milh\u00f5es. O valor total apurado ser\u00e1 pago em seis parcelas iguais e mensais, sendo a primeira com vencimento em 15 de setembro pr\u00f3ximo.<\/p>\n<p>Ainda de acordo com o juiz, ficou tamb\u00e9m ajustado na audi\u00eancia que as partes revisar\u00e3o as cl\u00e1usulas do contrato at\u00e9 30 de setembro, e este deve ser apresentado nos autos da a\u00e7\u00e3o revisional que tramita na 7\u00aa Vara C\u00edvel. Foi acordado ainda que ser\u00e1 pago pela dieta enteral o valor da nota fiscal acrescido de 50% at\u00e9 que haja a revis\u00e3o, inclusive e principalmente no que se refere ao valor a ser atribu\u00eddo a tal dieta. As altera\u00e7\u00f5es contratuais ser\u00e3o relativas ao ajustamento do pre\u00e7o de di\u00e1rias e do valor das dietas enterais.<\/p>\n<p>Os processos j\u00e1 estavam em curso na comarca havia mais de quatro anos, e a audi\u00eancia, conduzida pela conciliadora Lu\u00edza Pena Balarini, durou aproximadamente cinco horas, diante da complexidade das mat\u00e9rias tratadas nos v\u00e1rios processos em tramita\u00e7\u00e3o em ju\u00edzos distintos.<\/p>\n<p>A cultura da concilia\u00e7\u00e3o em Governador Valadares vem sendo praticada desde quando foi instalado o primeiro n\u00facleo do Juizado de Concilia\u00e7\u00e3o, em 2002, com a participa\u00e7\u00e3o de diversos parceiros. Com a cria\u00e7\u00e3o e a implanta\u00e7\u00e3o do Cejus, novas parcerias foram firmadas. Atualmente, trabalham no Cejus cerca de 60 conciliadores devidamente qualificados.<\/p>\n<p><em>(Fonte: Tribunal de Justi\u00e7a de Minas Gerais)<\/em><\/p>\n","protected":false},"excerpt":{"rendered":"<p>At\u00e9 mesmo em processo dif\u00edceis, aparentemente sem possibilidade de acordo, a concilia\u00e7\u00e3o \u00e9 poss\u00edvel. \u00c9 o que comprovou audi\u00eancia realizada, neste m\u00eas de agosto, no Centro de Solu\u00e7\u00e3o de Conflitos e Cidadania (Cejus) de Governador de Valadares, envolvendo a Unimed Governador Valadares e o hospital S\u00e3o Lucas. Com a homologa\u00e7\u00e3o do acordo, oito processos foram [&hellip;]<\/p>\n","protected":false},"author":1,"featured_media":56976,"comment_status":"open","ping_status":"closed","sticky":false,"template":"","format":"standard","meta":{"amp_status":"","footnotes":""},"categories":[121],"tags":[55862,32688,26570,247,55860,55863,55861,37665,55859],"class_list":["post-65997","post","type-post","status-publish","format-standard","has-post-thumbnail","hentry","category-leste","tag-acordo-entre-unimed-governador-valadares-e-o-hospital-sao-lucas","tag-cejus","tag-cejus-de-governador-valadares","tag-governador-valadares","tag-hospital-sao-lucas","tag-juiz-coordenador-do-cejus-de-governador-valadares","tag-processos-entre-unimed-governador-valadares-e-o-hospital-sao-lucas","tag-roberto-apolinario-de-castro","tag-unimed-governador-valadares"],"yoast_head":"<!-- This site is optimized with the Yoast SEO plugin v28.3 - https:\/\/yoast.com\/product\/yoast-seo-wordpress\/ -->\n<title>Acordo milion\u00e1rio intermediado pelo Cejus de Governador Valadares p\u00f5e fim a oito processos - Aconteceu no Vale<\/title>\n<meta name=\"robots\" content=\"index, follow, max-snippet:-1, max-image-preview:large, max-video-preview:-1\" \/>\n<link rel=\"canonical\" href=\"https:\/\/aconteceunovale.com.br\/portal\/?p=65997\" \/>\n<meta property=\"og:locale\" content=\"pt_BR\" \/>\n<meta property=\"og:type\" content=\"article\" \/>\n<meta property=\"og:title\" content=\"Acordo milion\u00e1rio intermediado pelo Cejus de Governador Valadares p\u00f5e fim a oito processos - Aconteceu no Vale\" \/>\n<meta property=\"og:description\" content=\"At\u00e9 mesmo em processo dif\u00edceis, aparentemente sem possibilidade de acordo, a concilia\u00e7\u00e3o \u00e9 poss\u00edvel. \u00c9 o que comprovou audi\u00eancia realizada, neste m\u00eas de agosto, no Centro de Solu\u00e7\u00e3o de Conflitos e Cidadania (Cejus) de Governador de Valadares, envolvendo a Unimed Governador Valadares e o hospital S\u00e3o Lucas. Com a homologa\u00e7\u00e3o do acordo, oito processos foram [&hellip;]\" \/>\n<meta property=\"og:url\" content=\"https:\/\/aconteceunovale.com.br\/portal\/?p=65997\" \/>\n<meta property=\"og:site_name\" content=\"Aconteceu no Vale\" \/>\n<meta property=\"article:publisher\" content=\"https:\/\/www.facebook.com\/aconteceunovale\/\" \/>\n<meta property=\"article:published_time\" content=\"2015-08-20T18:05:56+00:00\" \/>\n<meta property=\"og:image\" content=\"https:\/\/aconteceunovale.com.br\/portal\/wp-content\/uploads\/2015\/04\/cejus_gv.jpg\" \/>\n\t<meta property=\"og:image:width\" content=\"678\" \/>\n\t<meta property=\"og:image:height\" content=\"429\" \/>\n\t<meta property=\"og:image:type\" content=\"image\/jpeg\" \/>\n<meta name=\"author\" content=\"Aconteceu no Vale\" \/>\n<meta name=\"twitter:card\" content=\"summary_large_image\" \/>\n<meta name=\"twitter:creator\" content=\"@noticiadosvales\" \/>\n<meta name=\"twitter:site\" content=\"@noticiadosvales\" \/>\n<meta name=\"twitter:label1\" content=\"Escrito por\" \/>\n\t<meta name=\"twitter:data1\" content=\"Aconteceu no Vale\" \/>\n\t<meta name=\"twitter:label2\" content=\"Est. tempo de leitura\" \/>\n\t<meta name=\"twitter:data2\" content=\"2 minutos\" \/>\n<script type=\"application\/ld+json\" class=\"yoast-schema-graph\">{\"@context\":\"https:\\\/\\\/schema.org\",\"@graph\":[{\"@type\":\"Article\",\"@id\":\"https:\\\/\\\/aconteceunovale.com.br\\\/portal\\\/?p=65997#article\",\"isPartOf\":{\"@id\":\"https:\\\/\\\/aconteceunovale.com.br\\\/portal\\\/?p=65997\"},\"author\":{\"name\":\"Aconteceu no Vale\",\"@id\":\"https:\\\/\\\/aconteceunovale.com.br\\\/portal\\\/#\\\/schema\\\/person\\\/633529146f2c94272bef50ac2953d589\"},\"headline\":\"Acordo milion\u00e1rio intermediado pelo Cejus de Governador Valadares p\u00f5e fim a oito processos\",\"datePublished\":\"2015-08-20T18:05:56+00:00\",\"mainEntityOfPage\":{\"@id\":\"https:\\\/\\\/aconteceunovale.com.br\\\/portal\\\/?p=65997\"},\"wordCount\":459,\"commentCount\":0,\"image\":{\"@id\":\"https:\\\/\\\/aconteceunovale.com.br\\\/portal\\\/?p=65997#primaryimage\"},\"thumbnailUrl\":\"https:\\\/\\\/aconteceunovale.com.br\\\/portal\\\/wp-content\\\/uploads\\\/2015\\\/04\\\/cejus_gv.jpg\",\"keywords\":[\"acordo entre Unimed Governador Valadares e o hospital S\u00e3o Lucas\",\"Cejus\",\"Cejus de Governador Valadares\",\"Governador Valadares\",\"hospital S\u00e3o Lucas\",\"juiz coordenador do Cejus de Governador Valadares\",\"processos entre Unimed Governador Valadares e o hospital S\u00e3o Lucas\",\"Roberto Apolin\u00e1rio de Castro\",\"Unimed Governador Valadares\"],\"articleSection\":[\"Leste de Minas\"],\"inLanguage\":\"pt-BR\",\"potentialAction\":[{\"@type\":\"CommentAction\",\"name\":\"Comment\",\"target\":[\"https:\\\/\\\/aconteceunovale.com.br\\\/portal\\\/?p=65997#respond\"]}]},{\"@type\":\"WebPage\",\"@id\":\"https:\\\/\\\/aconteceunovale.com.br\\\/portal\\\/?p=65997\",\"url\":\"https:\\\/\\\/aconteceunovale.com.br\\\/portal\\\/?p=65997\",\"name\":\"Acordo milion\u00e1rio intermediado pelo Cejus de Governador Valadares p\u00f5e fim a oito processos - Aconteceu no Vale\",\"isPartOf\":{\"@id\":\"https:\\\/\\\/aconteceunovale.com.br\\\/portal\\\/#website\"},\"primaryImageOfPage\":{\"@id\":\"https:\\\/\\\/aconteceunovale.com.br\\\/portal\\\/?p=65997#primaryimage\"},\"image\":{\"@id\":\"https:\\\/\\\/aconteceunovale.com.br\\\/portal\\\/?p=65997#primaryimage\"},\"thumbnailUrl\":\"https:\\\/\\\/aconteceunovale.com.br\\\/portal\\\/wp-content\\\/uploads\\\/2015\\\/04\\\/cejus_gv.jpg\",\"datePublished\":\"2015-08-20T18:05:56+00:00\",\"author\":{\"@id\":\"https:\\\/\\\/aconteceunovale.com.br\\\/portal\\\/#\\\/schema\\\/person\\\/633529146f2c94272bef50ac2953d589\"},\"breadcrumb\":{\"@id\":\"https:\\\/\\\/aconteceunovale.com.br\\\/portal\\\/?p=65997#breadcrumb\"},\"inLanguage\":\"pt-BR\",\"potentialAction\":[{\"@type\":\"ReadAction\",\"target\":[\"https:\\\/\\\/aconteceunovale.com.br\\\/portal\\\/?p=65997\"]}]},{\"@type\":\"ImageObject\",\"inLanguage\":\"pt-BR\",\"@id\":\"https:\\\/\\\/aconteceunovale.com.br\\\/portal\\\/?p=65997#primaryimage\",\"url\":\"https:\\\/\\\/aconteceunovale.com.br\\\/portal\\\/wp-content\\\/uploads\\\/2015\\\/04\\\/cejus_gv.jpg\",\"contentUrl\":\"https:\\\/\\\/aconteceunovale.com.br\\\/portal\\\/wp-content\\\/uploads\\\/2015\\\/04\\\/cejus_gv.jpg\",\"width\":678,\"height\":429},{\"@type\":\"BreadcrumbList\",\"@id\":\"https:\\\/\\\/aconteceunovale.com.br\\\/portal\\\/?p=65997#breadcrumb\",\"itemListElement\":[{\"@type\":\"ListItem\",\"position\":1,\"name\":\"In\u00edcio\",\"item\":\"https:\\\/\\\/aconteceunovale.com.br\\\/portal\\\/\"},{\"@type\":\"ListItem\",\"position\":2,\"name\":\"Acordo milion\u00e1rio intermediado pelo Cejus de Governador Valadares p\u00f5e fim a oito processos\"}]},{\"@type\":\"WebSite\",\"@id\":\"https:\\\/\\\/aconteceunovale.com.br\\\/portal\\\/#website\",\"url\":\"https:\\\/\\\/aconteceunovale.com.br\\\/portal\\\/\",\"name\":\"Aconteceu no Vale\",\"description\":\"Portal de Not\u00edcias\",\"potentialAction\":[{\"@type\":\"SearchAction\",\"target\":{\"@type\":\"EntryPoint\",\"urlTemplate\":\"https:\\\/\\\/aconteceunovale.com.br\\\/portal\\\/?s={search_term_string}\"},\"query-input\":{\"@type\":\"PropertyValueSpecification\",\"valueRequired\":true,\"valueName\":\"search_term_string\"}}],\"inLanguage\":\"pt-BR\"},{\"@type\":\"Person\",\"@id\":\"https:\\\/\\\/aconteceunovale.com.br\\\/portal\\\/#\\\/schema\\\/person\\\/633529146f2c94272bef50ac2953d589\",\"name\":\"Aconteceu no Vale\",\"description\":\"Equipe de reportagem do Aconteceu no Vale, portal de not\u00edcias do Vale do Jequitinhonha, em Minas Gerais. Cobrimos as 51 cidades do Vale desde 2013. Sugest\u00f5es de pauta e pedidos de corre\u00e7\u00e3o: contato@aconteceunovale.com.br\",\"sameAs\":[\"http:\\\/\\\/www.aconteceunovale.com.br\"],\"url\":\"https:\\\/\\\/aconteceunovale.com.br\\\/portal\\\/?author=1\"}]}<\/script>\n<!-- \/ Yoast SEO plugin. -->","yoast_head_json":{"title":"Acordo milion\u00e1rio intermediado pelo Cejus de Governador Valadares p\u00f5e fim a oito processos - Aconteceu no Vale","robots":{"index":"index","follow":"follow","max-snippet":"max-snippet:-1","max-image-preview":"max-image-preview:large","max-video-preview":"max-video-preview:-1"},"canonical":"https:\/\/aconteceunovale.com.br\/portal\/?p=65997","og_locale":"pt_BR","og_type":"article","og_title":"Acordo milion\u00e1rio intermediado pelo Cejus de Governador Valadares p\u00f5e fim a oito processos - Aconteceu no Vale","og_description":"At\u00e9 mesmo em processo dif\u00edceis, aparentemente sem possibilidade de acordo, a concilia\u00e7\u00e3o \u00e9 poss\u00edvel. \u00c9 o que comprovou audi\u00eancia realizada, neste m\u00eas de agosto, no Centro de Solu\u00e7\u00e3o de Conflitos e Cidadania (Cejus) de Governador de Valadares, envolvendo a Unimed Governador Valadares e o hospital S\u00e3o Lucas. Com a homologa\u00e7\u00e3o do acordo, oito processos foram [&hellip;]","og_url":"https:\/\/aconteceunovale.com.br\/portal\/?p=65997","og_site_name":"Aconteceu no Vale","article_publisher":"https:\/\/www.facebook.com\/aconteceunovale\/","article_published_time":"2015-08-20T18:05:56+00:00","og_image":[{"width":678,"height":429,"url":"https:\/\/aconteceunovale.com.br\/portal\/wp-content\/uploads\/2015\/04\/cejus_gv.jpg","type":"image\/jpeg"}],"author":"Aconteceu no Vale","twitter_card":"summary_large_image","twitter_creator":"@noticiadosvales","twitter_site":"@noticiadosvales","twitter_misc":{"Escrito por":"Aconteceu no Vale","Est. tempo de leitura":"2 minutos"},"schema":{"@context":"https:\/\/schema.org","@graph":[{"@type":"Article","@id":"https:\/\/aconteceunovale.com.br\/portal\/?p=65997#article","isPartOf":{"@id":"https:\/\/aconteceunovale.com.br\/portal\/?p=65997"},"author":{"name":"Aconteceu no Vale","@id":"https:\/\/aconteceunovale.com.br\/portal\/#\/schema\/person\/633529146f2c94272bef50ac2953d589"},"headline":"Acordo milion\u00e1rio intermediado pelo Cejus de Governador Valadares p\u00f5e fim a oito processos","datePublished":"2015-08-20T18:05:56+00:00","mainEntityOfPage":{"@id":"https:\/\/aconteceunovale.com.br\/portal\/?p=65997"},"wordCount":459,"commentCount":0,"image":{"@id":"https:\/\/aconteceunovale.com.br\/portal\/?p=65997#primaryimage"},"thumbnailUrl":"https:\/\/aconteceunovale.com.br\/portal\/wp-content\/uploads\/2015\/04\/cejus_gv.jpg","keywords":["acordo entre Unimed Governador Valadares e o hospital S\u00e3o Lucas","Cejus","Cejus de Governador Valadares","Governador Valadares","hospital S\u00e3o Lucas","juiz coordenador do Cejus de Governador Valadares","processos entre Unimed Governador Valadares e o hospital S\u00e3o Lucas","Roberto Apolin\u00e1rio de Castro","Unimed Governador Valadares"],"articleSection":["Leste de Minas"],"inLanguage":"pt-BR","potentialAction":[{"@type":"CommentAction","name":"Comment","target":["https:\/\/aconteceunovale.com.br\/portal\/?p=65997#respond"]}]},{"@type":"WebPage","@id":"https:\/\/aconteceunovale.com.br\/portal\/?p=65997","url":"https:\/\/aconteceunovale.com.br\/portal\/?p=65997","name":"Acordo milion\u00e1rio intermediado pelo Cejus de Governador Valadares p\u00f5e fim a oito processos - Aconteceu no Vale","isPartOf":{"@id":"https:\/\/aconteceunovale.com.br\/portal\/#website"},"primaryImageOfPage":{"@id":"https:\/\/aconteceunovale.com.br\/portal\/?p=65997#primaryimage"},"image":{"@id":"https:\/\/aconteceunovale.com.br\/portal\/?p=65997#primaryimage"},"thumbnailUrl":"https:\/\/aconteceunovale.com.br\/portal\/wp-content\/uploads\/2015\/04\/cejus_gv.jpg","datePublished":"2015-08-20T18:05:56+00:00","author":{"@id":"https:\/\/aconteceunovale.com.br\/portal\/#\/schema\/person\/633529146f2c94272bef50ac2953d589"},"breadcrumb":{"@id":"https:\/\/aconteceunovale.com.br\/portal\/?p=65997#breadcrumb"},"inLanguage":"pt-BR","potentialAction":[{"@type":"ReadAction","target":["https:\/\/aconteceunovale.com.br\/portal\/?p=65997"]}]},{"@type":"ImageObject","inLanguage":"pt-BR","@id":"https:\/\/aconteceunovale.com.br\/portal\/?p=65997#primaryimage","url":"https:\/\/aconteceunovale.com.br\/portal\/wp-content\/uploads\/2015\/04\/cejus_gv.jpg","contentUrl":"https:\/\/aconteceunovale.com.br\/portal\/wp-content\/uploads\/2015\/04\/cejus_gv.jpg","width":678,"height":429},{"@type":"BreadcrumbList","@id":"https:\/\/aconteceunovale.com.br\/portal\/?p=65997#breadcrumb","itemListElement":[{"@type":"ListItem","position":1,"name":"In\u00edcio","item":"https:\/\/aconteceunovale.com.br\/portal\/"},{"@type":"ListItem","position":2,"name":"Acordo milion\u00e1rio intermediado pelo Cejus de Governador Valadares p\u00f5e fim a oito processos"}]},{"@type":"WebSite","@id":"https:\/\/aconteceunovale.com.br\/portal\/#website","url":"https:\/\/aconteceunovale.com.br\/portal\/","name":"Aconteceu no Vale","description":"Portal de Not\u00edcias","potentialAction":[{"@type":"SearchAction","target":{"@type":"EntryPoint","urlTemplate":"https:\/\/aconteceunovale.com.br\/portal\/?s={search_term_string}"},"query-input":{"@type":"PropertyValueSpecification","valueRequired":true,"valueName":"search_term_string"}}],"inLanguage":"pt-BR"},{"@type":"Person","@id":"https:\/\/aconteceunovale.com.br\/portal\/#\/schema\/person\/633529146f2c94272bef50ac2953d589","name":"Aconteceu no Vale","description":"Equipe de reportagem do Aconteceu no Vale, portal de not\u00edcias do Vale do Jequitinhonha, em Minas Gerais. Cobrimos as 51 cidades do Vale desde 2013. Sugest\u00f5es de pauta e pedidos de corre\u00e7\u00e3o: contato@aconteceunovale.com.br","sameAs":["http:\/\/www.aconteceunovale.com.br"],"url":"https:\/\/aconteceunovale.com.br\/portal\/?author=1"}]}},"_links":{"self":[{"href":"https:\/\/aconteceunovale.com.br\/portal\/index.php?rest_route=\/wp\/v2\/posts\/65997","targetHints":{"allow":["GET"]}}],"collection":[{"href":"https:\/\/aconteceunovale.com.br\/portal\/index.php?rest_route=\/wp\/v2\/posts"}],"about":[{"href":"https:\/\/aconteceunovale.com.br\/portal\/index.php?rest_route=\/wp\/v2\/types\/post"}],"author":[{"embeddable":true,"href":"https:\/\/aconteceunovale.com.br\/portal\/index.php?rest_route=\/wp\/v2\/users\/1"}],"replies":[{"embeddable":true,"href":"https:\/\/aconteceunovale.com.br\/portal\/index.php?rest_route=%2Fwp%2Fv2%2Fcomments&post=65997"}],"version-history":[{"count":0,"href":"https:\/\/aconteceunovale.com.br\/portal\/index.php?rest_route=\/wp\/v2\/posts\/65997\/revisions"}],"wp:featuredmedia":[{"embeddable":true,"href":"https:\/\/aconteceunovale.com.br\/portal\/index.php?rest_route=\/wp\/v2\/media\/56976"}],"wp:attachment":[{"href":"https:\/\/aconteceunovale.com.br\/portal\/index.php?rest_route=%2Fwp%2Fv2%2Fmedia&parent=65997"}],"wp:term":[{"taxonomy":"category","embeddable":true,"href":"https:\/\/aconteceunovale.com.br\/portal\/index.php?rest_route=%2Fwp%2Fv2%2Fcategories&post=65997"},{"taxonomy":"post_tag","embeddable":true,"href":"https:\/\/aconteceunovale.com.br\/portal\/index.php?rest_route=%2Fwp%2Fv2%2Ftags&post=65997"}],"curies":[{"name":"wp","href":"https:\/\/api.w.org\/{rel}","templated":true}]}}