{"id":65804,"date":"2015-08-17T20:32:09","date_gmt":"2015-08-17T23:32:09","guid":{"rendered":"http:\/\/aconteceunovale.com.br\/portal\/?p=65804"},"modified":"2015-08-17T20:32:09","modified_gmt":"2015-08-17T23:32:09","slug":"terceiro-homicidio-e-registrado-em-tres-dias-em-salto-da-divisa-no-vale-do-jequitinhonha","status":"publish","type":"post","link":"https:\/\/aconteceunovale.com.br\/portal\/?p=65804","title":{"rendered":"Terceiro homic\u00eddio \u00e9 registrado em tr\u00eas dias em Salto da Divisa, no Vale do Jequitinhonha"},"content":{"rendered":"<p>O corpo de um jovem de 18 anos foi encontrado na manh\u00e3 desta segunda-feira, 17 de agosto, no bairro Cansan\u00e7\u00e3o, em Salto da Divisa, no Vale do Jequitinhonha. A Pol\u00edcia Militar (PM) foi acionada por volta das 6h30 por uma moradora que relatou ter ouvido disparos de arma de fogo.<\/p>\n<p>A Per\u00edcia T\u00e9cnica da Pol\u00edcia Civil compareceu ao local e constatou quatro perfura\u00e7\u00f5es no corpo de M.H.C.T, sendo duas na cabe\u00e7a e duas na regi\u00e3o do t\u00f3rax. Seis buchas de maconha, dez pedras de crack e R$ 130,40 em dinheiro foram encontrados nas vestes da v\u00edtima. Ap\u00f3s os trabalhos de praxe, o corpo foi removido ao Instituto M\u00e9dico Legal (IML).  <\/p>\n<p>A Pol\u00edcia realiza dilig\u00eancias com intuito de esclarecer o crime. A motiva\u00e7\u00e3o possivelmente seria uma repres\u00e1lia aos dois \u00faltimos homic\u00eddios ocorridos nos dias 14 e 15 deste m\u00eas (<a href=\"http:\/\/aconteceunovale.com.br\/portal\/?p=65652\" target=\"_blank\"><strong><em>Clique aqui<\/em><\/strong><\/a>).<\/p>\n","protected":false},"excerpt":{"rendered":"<p>O corpo de um jovem de 18 anos foi encontrado na manh\u00e3 desta segunda-feira, 17 de agosto, no bairro Cansan\u00e7\u00e3o, em Salto da Divisa, no Vale do Jequitinhonha. A Pol\u00edcia Militar (PM) foi acionada por volta das 6h30 por uma moradora que relatou ter ouvido disparos de arma de fogo. A Per\u00edcia T\u00e9cnica da Pol\u00edcia [&hellip;]<\/p>\n","protected":false},"author":1,"featured_media":32816,"comment_status":"open","ping_status":"closed","sticky":false,"template":"","format":"standard","meta":{"amp_status":"","footnotes":""},"categories":[120],"tags":[55562,2390,55561,55560,55559,55563,409,55557,55558],"class_list":["post-65804","post","type-post","status-publish","format-standard","has-post-thumbnail","hentry","category-jequi","tag-assassinado-em-salto-da-divisa","tag-assassinato-em-salto-da-divisa","tag-homicidio-em-salto-da-divisa","tag-morte-em-salto-da-divisa","tag-morto-em-salto-da-divisa","tag-murilo-henrique-costa-torres","tag-salto-da-divisa","tag-terceiro-homicidio-e-registrado-em-tres-dias-em-salto-da-divisa","tag-violencia-em-salto-da-divisa"],"_links":{"self":[{"href":"https:\/\/aconteceunovale.com.br\/portal\/index.php?rest_route=\/wp\/v2\/posts\/65804","targetHints":{"allow":["GET"]}}],"collection":[{"href":"https:\/\/aconteceunovale.com.br\/portal\/index.php?rest_route=\/wp\/v2\/posts"}],"about":[{"href":"https:\/\/aconteceunovale.com.br\/portal\/index.php?rest_route=\/wp\/v2\/types\/post"}],"author":[{"embeddable":true,"href":"https:\/\/aconteceunovale.com.br\/portal\/index.php?rest_route=\/wp\/v2\/users\/1"}],"replies":[{"embeddable":true,"href":"https:\/\/aconteceunovale.com.br\/portal\/index.php?rest_route=%2Fwp%2Fv2%2Fcomments&post=65804"}],"version-history":[{"count":0,"href":"https:\/\/aconteceunovale.com.br\/portal\/index.php?rest_route=\/wp\/v2\/posts\/65804\/revisions"}],"wp:featuredmedia":[{"embeddable":true,"href":"https:\/\/aconteceunovale.com.br\/portal\/index.php?rest_route=\/wp\/v2\/media\/32816"}],"wp:attachment":[{"href":"https:\/\/aconteceunovale.com.br\/portal\/index.php?rest_route=%2Fwp%2Fv2%2Fmedia&parent=65804"}],"wp:term":[{"taxonomy":"category","embeddable":true,"href":"https:\/\/aconteceunovale.com.br\/portal\/index.php?rest_route=%2Fwp%2Fv2%2Fcategories&post=65804"},{"taxonomy":"post_tag","embeddable":true,"href":"https:\/\/aconteceunovale.com.br\/portal\/index.php?rest_route=%2Fwp%2Fv2%2Ftags&post=65804"}],"curies":[{"name":"wp","href":"https:\/\/api.w.org\/{rel}","templated":true}]}}