{"id":65802,"date":"2015-08-17T20:10:32","date_gmt":"2015-08-17T23:10:32","guid":{"rendered":"http:\/\/aconteceunovale.com.br\/portal\/?p=65802"},"modified":"2015-08-17T20:10:32","modified_gmt":"2015-08-17T23:10:32","slug":"jovem-diz-ter-sido-estuprado-por-homem-de-23-anos-em-joaima","status":"publish","type":"post","link":"https:\/\/aconteceunovale.com.br\/portal\/?p=65802","title":{"rendered":"Jovem diz ter sido estuprado por homem de 23 anos em Joa\u00edma"},"content":{"rendered":"<p>Um jovem de 18 anos procurou a Pol\u00edcia Militar (PM) na noite do dia 16 de agosto e relatou ter sido estuprado em Joa\u00edma, no Vale do Jequitinhonha. A v\u00edtima disse aos militares que transitava pela Avenida Geraldo Magela Rosa, quando foi abordada por um cidad\u00e3o desconhecido em um ve\u00edculo Fiat Uno de cor verde. O suspeito obrigou o jovem a entrar no carro e em seguida o levou para uma \u00e1rea fora do per\u00edmetro urbano. <\/p>\n<p>No local, o suspeito obrigou o jovem a ter rela\u00e7\u00e3o sexual com ele. Ainda segundo o relato da v\u00edtima, posteriormente eles se deslocaram at\u00e9 a resid\u00eancia em que mora com a irm\u00e3, momento que o estuprador ordenou que chamasse a mulher para pagar a d\u00edvida que tinha com ele com sexo e se caso n\u00e3o comparecesse ao local marcado, retornaria a resid\u00eancia, pularia o muro, a estupraria e em seguida iria mata-la.<\/p>\n<p>A Pol\u00edcia Militar iniciou rastreamentos e localizou o ve\u00edculo com caracter\u00edsticas relatadas pela v\u00edtima na Pra\u00e7a Paulo Resende Costa. O carro pertence a um homem de 23 anos. Ele n\u00e3o foi localizado para prestar esclarecimentos.<\/p>\n<p>Ainda segundo a PM, a v\u00edtima foi levada para o hospital municipal e foi atendida pelo m\u00e9dico de plant\u00e3o, mas n\u00e3o foi poss\u00edvel constatar se houve consuma\u00e7\u00e3o do estupro, j\u00e1 que n\u00e3o havia nenhuma les\u00e3o. O m\u00e9dico informou que precisaria fazer exames mais detalhados.<\/p>\n","protected":false},"excerpt":{"rendered":"<p>Um jovem de 18 anos procurou a Pol\u00edcia Militar (PM) na noite do dia 16 de agosto e relatou ter sido estuprado em Joa\u00edma, no Vale do Jequitinhonha. A v\u00edtima disse aos militares que transitava pela Avenida Geraldo Magela Rosa, quando foi abordada por um cidad\u00e3o desconhecido em um ve\u00edculo Fiat Uno de cor verde. [&hellip;]<\/p>\n","protected":false},"author":1,"featured_media":52775,"comment_status":"open","ping_status":"closed","sticky":false,"template":"","format":"standard","meta":{"amp_status":"","footnotes":""},"categories":[120],"tags":[55555,55554,611,55553,55556],"class_list":["post-65802","post","type-post","status-publish","format-standard","has-post-thumbnail","hentry","category-jequi","tag-estuprado-em-joaima","tag-estupro-em-joaima","tag-joaima","tag-jovem-diz-ter-sido-estuprado-por-homem-de-23-anos-em-joaima","tag-jovem-estuprado-em-joaima"],"_links":{"self":[{"href":"https:\/\/aconteceunovale.com.br\/portal\/index.php?rest_route=\/wp\/v2\/posts\/65802","targetHints":{"allow":["GET"]}}],"collection":[{"href":"https:\/\/aconteceunovale.com.br\/portal\/index.php?rest_route=\/wp\/v2\/posts"}],"about":[{"href":"https:\/\/aconteceunovale.com.br\/portal\/index.php?rest_route=\/wp\/v2\/types\/post"}],"author":[{"embeddable":true,"href":"https:\/\/aconteceunovale.com.br\/portal\/index.php?rest_route=\/wp\/v2\/users\/1"}],"replies":[{"embeddable":true,"href":"https:\/\/aconteceunovale.com.br\/portal\/index.php?rest_route=%2Fwp%2Fv2%2Fcomments&post=65802"}],"version-history":[{"count":0,"href":"https:\/\/aconteceunovale.com.br\/portal\/index.php?rest_route=\/wp\/v2\/posts\/65802\/revisions"}],"wp:featuredmedia":[{"embeddable":true,"href":"https:\/\/aconteceunovale.com.br\/portal\/index.php?rest_route=\/wp\/v2\/media\/52775"}],"wp:attachment":[{"href":"https:\/\/aconteceunovale.com.br\/portal\/index.php?rest_route=%2Fwp%2Fv2%2Fmedia&parent=65802"}],"wp:term":[{"taxonomy":"category","embeddable":true,"href":"https:\/\/aconteceunovale.com.br\/portal\/index.php?rest_route=%2Fwp%2Fv2%2Fcategories&post=65802"},{"taxonomy":"post_tag","embeddable":true,"href":"https:\/\/aconteceunovale.com.br\/portal\/index.php?rest_route=%2Fwp%2Fv2%2Ftags&post=65802"}],"curies":[{"name":"wp","href":"https:\/\/api.w.org\/{rel}","templated":true}]}}