{"id":65798,"date":"2015-08-17T19:22:23","date_gmt":"2015-08-17T22:22:23","guid":{"rendered":"http:\/\/aconteceunovale.com.br\/portal\/?p=65798"},"modified":"2015-08-17T19:22:23","modified_gmt":"2015-08-17T22:22:23","slug":"policia-registra-assalto-apreende-menores-com-armas-de-fogo-e-recupera-moto-furtada-em-medina","status":"publish","type":"post","link":"https:\/\/aconteceunovale.com.br\/portal\/?p=65798","title":{"rendered":"Pol\u00edcia registra assalto, apreende menores com armas de fogo e recupera moto furtada em Medina"},"content":{"rendered":"<p>Um posto de combust\u00edveis foi alvo de dois indiv\u00edduos armados na madrugada do \u00faltimo dia 15 de agosto, em Medina, no Vale do Jequitinhonha. De acordo com a Pol\u00edcia Militar (PM), um funcion\u00e1rio do estabelecimento relatou que havia realizado o abastecimento de um ve\u00edculo, quando os assaltantes o abordaram com uma arma de fogo, ordenando que entregasse todo o dinheiro que tinha. <\/p>\n<p>Assustado, o frentista pegou uma quantia de aproximadamente R$ 300,00 e entregou aos bandidos, que levaram um aparelho de telefone celular da marca Samsung. Ap\u00f3s a a\u00e7\u00e3o criminosa, os indiv\u00edduos fugiram sentido ao bairro Alian\u00e7a. A Pol\u00edcia Militar realizou intenso rastreamento, por\u00e9m n\u00e3o obteve \u00eaxito na localiza\u00e7\u00e3o dos autores.<\/p>\n<p><strong>Menores apreendidos com armas de fogo<\/strong><\/p>\n<p>No final da manh\u00e3 do dia 16 de agosto, durante patrulhamento na Avenida Luiz Tanure, militares abordaram um grupo de rapazes que se encontravam em atitude suspeita. Durante realiza\u00e7\u00e3o de buscas, foi encontrado um rev\u00f3lver calibre 32 municiado com seis cartuchos intactos. A arma estava na cintura do menor M.S.P, de 17 anos. Ele foi apreendido e conduzido \u00e0 Delegacia de Pol\u00edcia Civil, acompanhado de sua genitora.<\/p>\n<p>No in\u00edcio da noite do dia 14 de agosto, outro menor infrator foi apreendido com arma de fogo no munic\u00edpio. De acordo com a Pol\u00edcia Militar, J.M foi avistado em atitude suspeita na Rua Francisco Figueiredo, pois deslocava com a m\u00e3o direita na cintura, aparentemente encobrindo algum objeto. Ao notar a aproxima\u00e7\u00e3o da viatura, o menor evadiu sentido a Rua Vinte e Dois de Maio, mas foi al\u00e7ado e abordado. Durante busca pessoal, foi encontrado um rev\u00f3lver calibre 32 municiado com seis cartuchos intactos do mesmo calibre. O adolescente assumiu a propriedade da arma e foi conduzido \u00e0 Delegacia de Pol\u00edcia Civil na companhia de seu representante legal.<\/p>\n<p><strong>Motocicleta recuperada<\/strong><\/p>\n<p>No \u00faltimo fim de semana, a Pol\u00edcia Militar de Medina tamb\u00e9m recuperou uma moto furtada. No final da tarde do dia 16 de agosto, militares foram acionados a comparecer na Fazenda Saudade, onde fora localizada estacionada em um matagal a motocicleta Honda CG 125 Fan ES, placa final 2746. O ve\u00edculo foi apreendido e encaminhado \u00e0 Delegacia de Pol\u00edcia Civil para demais provid\u00eancias.<\/p>\n","protected":false},"excerpt":{"rendered":"<p>Um posto de combust\u00edveis foi alvo de dois indiv\u00edduos armados na madrugada do \u00faltimo dia 15 de agosto, em Medina, no Vale do Jequitinhonha. De acordo com a Pol\u00edcia Militar (PM), um funcion\u00e1rio do estabelecimento relatou que havia realizado o abastecimento de um ve\u00edculo, quando os assaltantes o abordaram com uma arma de fogo, ordenando [&hellip;]<\/p>\n","protected":false},"author":1,"featured_media":25521,"comment_status":"open","ping_status":"closed","sticky":false,"template":"","format":"standard","meta":{"amp_status":"","footnotes":""},"categories":[120],"tags":[13313,55547,55550,55548,55549],"class_list":["post-65798","post","type-post","status-publish","format-standard","has-post-thumbnail","hentry","category-jequi","tag-assalto-em-medina","tag-assalto-no-posto-gabriela-em-medina","tag-policia-registra-assalto-apreende-menores-com-armas-de-fogo-e-recupera-moto-furtada-em-medina","tag-posto-gabriela-em-medina","tag-roubo-em-posto-de-combustiveis-de-medina"],"_links":{"self":[{"href":"https:\/\/aconteceunovale.com.br\/portal\/index.php?rest_route=\/wp\/v2\/posts\/65798","targetHints":{"allow":["GET"]}}],"collection":[{"href":"https:\/\/aconteceunovale.com.br\/portal\/index.php?rest_route=\/wp\/v2\/posts"}],"about":[{"href":"https:\/\/aconteceunovale.com.br\/portal\/index.php?rest_route=\/wp\/v2\/types\/post"}],"author":[{"embeddable":true,"href":"https:\/\/aconteceunovale.com.br\/portal\/index.php?rest_route=\/wp\/v2\/users\/1"}],"replies":[{"embeddable":true,"href":"https:\/\/aconteceunovale.com.br\/portal\/index.php?rest_route=%2Fwp%2Fv2%2Fcomments&post=65798"}],"version-history":[{"count":0,"href":"https:\/\/aconteceunovale.com.br\/portal\/index.php?rest_route=\/wp\/v2\/posts\/65798\/revisions"}],"wp:featuredmedia":[{"embeddable":true,"href":"https:\/\/aconteceunovale.com.br\/portal\/index.php?rest_route=\/wp\/v2\/media\/25521"}],"wp:attachment":[{"href":"https:\/\/aconteceunovale.com.br\/portal\/index.php?rest_route=%2Fwp%2Fv2%2Fmedia&parent=65798"}],"wp:term":[{"taxonomy":"category","embeddable":true,"href":"https:\/\/aconteceunovale.com.br\/portal\/index.php?rest_route=%2Fwp%2Fv2%2Fcategories&post=65798"},{"taxonomy":"post_tag","embeddable":true,"href":"https:\/\/aconteceunovale.com.br\/portal\/index.php?rest_route=%2Fwp%2Fv2%2Ftags&post=65798"}],"curies":[{"name":"wp","href":"https:\/\/api.w.org\/{rel}","templated":true}]}}