{"id":65779,"date":"2015-08-17T12:37:54","date_gmt":"2015-08-17T15:37:54","guid":{"rendered":"http:\/\/aconteceunovale.com.br\/portal\/?p=65779"},"modified":"2015-08-17T12:37:54","modified_gmt":"2015-08-17T15:37:54","slug":"blitz-educativa-orienta-usuarios-da-br-040-sobre-incendios-florestais","status":"publish","type":"post","link":"https:\/\/aconteceunovale.com.br\/portal\/?p=65779","title":{"rendered":"Blitz educativa orienta usu\u00e1rios da BR 040 sobre inc\u00eandios florestais"},"content":{"rendered":"<p>Uma blitz educativa, prevista esta ter\u00e7a-feira (18\/8), pretende orientar os usu\u00e1rios da BR 040 quanto aos perigos ocasionados pelos inc\u00eandios na beira das rodovias. O objetivo \u00e9 alertar motoristas e pedestres que utilizam a via quanto aos perigos ocasionados por atitudes que podem causar inc\u00eandios florestais.<\/p>\n<p>A a\u00e7\u00e3o acontecer\u00e1 das 9h \u00e0s 11h, no km 554 da Rodovia BR 040, no Posto da Pol\u00edcia Rodovi\u00e1ria Federal de Nova Lima. A regi\u00e3o onde ser\u00e1 realizada a blitz \u00e9 considerada de alta relev\u00e2ncia por abrigar importantes unidades de conserva\u00e7\u00e3o como: o Parque Estadual do Rola-Mo\u00e7a; o Monumento Natural da Serra da Moeda; a \u00c1rea de Prote\u00e7\u00e3o Ambiental (APA) Sul da RMBH, as Esta\u00e7\u00f5es Ecol\u00f3gicas de Fechos e Ar\u00eades, al\u00e9m das \u00c1reas de Preserva\u00e7\u00e3o Permanentes (APPs) e Reservas Legais de propriedades ao longo da BR 040.<\/p>\n<p>Os usu\u00e1rios ser\u00e3o orientados na preven\u00e7\u00e3o de a\u00e7\u00f5es como, por exemplo, n\u00e3o jogar pontas de cigarro ao longo da rodovia, bem como n\u00e3o colocar fogo nas margens de rodovias; tomar cuidado com restos de fogueira; n\u00e3o deixar velas acesas pr\u00f3ximo \u00e0s \u00e1reas verdes; n\u00e3o queimar lixo; n\u00e3o fazer queimadas sem autoriza\u00e7\u00e3o e denunciar qualquer a\u00e7\u00e3o suspeita que possa provocar risco de inc\u00eandio florestal. <\/p>\n<p>A blitz \u00e9 uma iniciativa do Programa de Preven\u00e7\u00e3o e Combate a Inc\u00eandios Florestais do Estado (Previnc\u00eandio); do Instituto Estadual de Florestas (IEF);  CSul Desenvolvimento Urbano; Vale S\/A, Via 040, Servi\u00e7o de Abastecimento de \u00c1gua e Esgoto de Itabirito (SAAE), Prefeitura Municipal de Itabirito,  Gerdau, Associa\u00e7\u00e3o Mineira de Defesa do Ambiente (Amda) e Pol\u00edcia Rodovi\u00e1ria Federal (PRF), Corpo de Bombeiros Militar e Pol\u00edcia Militar Ambiental.<\/p>\n<p><img decoding=\"async\" src=\"http:\/\/aconteceunovale.com.br\/portal\/wp-content\/uploads\/2015\/08\/blitz-educativa-orienta-usuarios-da-br-040-sobre-incendios-florestais.jpg\" alt=\"\" \/><em>Inc\u00eandio em uma das unidades de conserva\u00e7\u00e3o &#8211; Foto: Evandro Rodney \/ Ag\u00eancia Minas<\/em><br \/>\n<\/br><\/p>\n<p><strong>For\u00e7a Tarefa Previnc\u00eandio<\/strong><\/p>\n<p>A For\u00e7a Tarefa Previnc\u00eandio \u00e9 formada, conforme Decreto 45.960 de 2012, pelas Pol\u00edcias Militar e Civil, Corpo de Bombeiros Militar, Coordenadoria Estadual de Defesa Civil, IEF e Secretaria de Estado de Meio Ambiente e Desenvolvimento Sustent\u00e1vel de Minas Gerais (Semad). Al\u00e9m destas institui\u00e7\u00f5es a For\u00e7a Tarefa conta com o apoio de combatentes e apoiadores.<\/p>\n<p>Em 2015 foram abertas 408 vagas para contrata\u00e7\u00e3o tempor\u00e1ria de brigadistas, aproximadamente 20% a mais que em 2014. Os brigadistas est\u00e3o distribu\u00eddos em 44 unidades de conserva\u00e7\u00e3o estaduais. Al\u00e9m disso, existem em todo o Estado cerca de 3 mil pessoas que receberam capacita\u00e7\u00e3o do Sistema Estadual de Meio Ambiente (Sisema) para atuarem como brigadistas volunt\u00e1rios.<\/p>\n<p>O Sisema conta, tamb\u00e9m, com tr\u00eas avi\u00f5es para monitoramento e transporte de pessoal, al\u00e9m da previs\u00e3o de contrata\u00e7\u00e3o de at\u00e9 10 avi\u00f5es Air Tractor para lan\u00e7amento de \u00e1gua, com capacidade de 1,5, 2,3 a 3 mil litros. (Ag\u00eancia Minas)<\/p>\n","protected":false},"excerpt":{"rendered":"<p>Uma blitz educativa, prevista esta ter\u00e7a-feira (18\/8), pretende orientar os usu\u00e1rios da BR 040 quanto aos perigos ocasionados pelos inc\u00eandios na beira das rodovias. O objetivo \u00e9 alertar motoristas e pedestres que utilizam a via quanto aos perigos ocasionados por atitudes que podem causar inc\u00eandios florestais. A a\u00e7\u00e3o acontecer\u00e1 das 9h \u00e0s 11h, no km [&hellip;]<\/p>\n","protected":false},"author":1,"featured_media":65780,"comment_status":"open","ping_status":"closed","sticky":false,"template":"","format":"standard","meta":{"amp_status":"","footnotes":""},"categories":[123],"tags":[55519,55518,55517,55523,55522,55521,55524,55520],"class_list":["post-65779","post","type-post","status-publish","format-standard","has-post-thumbnail","hentry","category-gerais","tag-blitz-educativa-na-br-040","tag-blitz-educativa-orienta-usuarios-da-br-040","tag-blitz-educativa-orienta-usuarios-da-br-040-sobre-incendios-florestais","tag-forca-tarefa-previncendio","tag-incendios-florestais","tag-incendios-florestais-na-br-040","tag-incendios-na-beira-das-rodovias","tag-na-br-040"],"_links":{"self":[{"href":"https:\/\/aconteceunovale.com.br\/portal\/index.php?rest_route=\/wp\/v2\/posts\/65779","targetHints":{"allow":["GET"]}}],"collection":[{"href":"https:\/\/aconteceunovale.com.br\/portal\/index.php?rest_route=\/wp\/v2\/posts"}],"about":[{"href":"https:\/\/aconteceunovale.com.br\/portal\/index.php?rest_route=\/wp\/v2\/types\/post"}],"author":[{"embeddable":true,"href":"https:\/\/aconteceunovale.com.br\/portal\/index.php?rest_route=\/wp\/v2\/users\/1"}],"replies":[{"embeddable":true,"href":"https:\/\/aconteceunovale.com.br\/portal\/index.php?rest_route=%2Fwp%2Fv2%2Fcomments&post=65779"}],"version-history":[{"count":0,"href":"https:\/\/aconteceunovale.com.br\/portal\/index.php?rest_route=\/wp\/v2\/posts\/65779\/revisions"}],"wp:featuredmedia":[{"embeddable":true,"href":"https:\/\/aconteceunovale.com.br\/portal\/index.php?rest_route=\/wp\/v2\/media\/65780"}],"wp:attachment":[{"href":"https:\/\/aconteceunovale.com.br\/portal\/index.php?rest_route=%2Fwp%2Fv2%2Fmedia&parent=65779"}],"wp:term":[{"taxonomy":"category","embeddable":true,"href":"https:\/\/aconteceunovale.com.br\/portal\/index.php?rest_route=%2Fwp%2Fv2%2Fcategories&post=65779"},{"taxonomy":"post_tag","embeddable":true,"href":"https:\/\/aconteceunovale.com.br\/portal\/index.php?rest_route=%2Fwp%2Fv2%2Ftags&post=65779"}],"curies":[{"name":"wp","href":"https:\/\/api.w.org\/{rel}","templated":true}]}}