{"id":65772,"date":"2015-08-17T12:22:47","date_gmt":"2015-08-17T15:22:47","guid":{"rendered":"http:\/\/aconteceunovale.com.br\/portal\/?p=65772"},"modified":"2015-08-17T12:22:47","modified_gmt":"2015-08-17T15:22:47","slug":"mae-e-filho-morrem-em-grave-acidente-na-rodovia-entre-janauba-e-verdelandia","status":"publish","type":"post","link":"https:\/\/aconteceunovale.com.br\/portal\/?p=65772","title":{"rendered":"M\u00e3e e filho morrem em grave acidente na rodovia entre Jana\u00faba e Verdel\u00e2ndia"},"content":{"rendered":"<p>M\u00e3e e filho morreram em um grave acidente no in\u00edcio da noite desse domingo, 16 de agosto, na altura do quil\u00f4metro 18 da MGC-401, entre as cidades de Jana\u00faba e Verdel\u00e2ndia, na regi\u00e3o Norte de Minas Gerais. Segundo informa\u00e7\u00f5es do Corpo de Bombeiros, Ant\u00f4nio Jos\u00e9 Nogueira De Souza, de 47 anos, e a m\u00e3e dele, Maria Gl\u00f3ria de Souza, de 72, estavam em um Corcel, placa KCU-5248 de Jana\u00faba, quando se envolveram em uma batida com um Gol, placa KOK-7473 de Bocaiuva. Com o impacto do acidente, Ant\u00f4nio e Maria Gl\u00f3ria ficaram gravemente feridos e vieram a \u00f3bito.<\/p>\n<p>No Gol havia um beb\u00ea e tr\u00eas adultos. A crian\u00e7a n\u00e3o se feriu gra\u00e7as \u00e0 cadeirinha e os airbags ajudaram a amortecer o impacto nos demais passageiros. Armando Bicalho Filho, de 49 anos, Edileusa Pereira Bicalho, de 44 anos, e Kelly Oliveira Bicalho, de 22 anos, foram socorridos por equipes do Samu e do 6\u00ba Pelot\u00e3o do Corpo de Bombeiros e encaminhados para atendimento m\u00e9dico no Hospital Regional de Jana\u00faba.<\/p>\n<p>As causas do acidente ainda n\u00e3o foram esclarecidas. A Per\u00edcia T\u00e9cnica da Pol\u00edcia Civil compareceu ao local e ap\u00f3s os trabalhos de praxe, os corpos dos ocupantes do Corcel foram removidos ao Instituto M\u00e9dico Legal (IML) da regi\u00e3o.<\/p>\n<p><img decoding=\"async\" src=\"http:\/\/aconteceunovale.com.br\/portal\/wp-content\/uploads\/2015\/08\/acidente_janauba_1.jpg\" alt=\"\" \/><em>Acidente aconteceu no KM 18 da MGC-401 &#8211; Foto: Blog Oliveira J\u00fanior<\/em><br \/>\n<\/br><\/p>\n<p><img decoding=\"async\" src=\"http:\/\/aconteceunovale.com.br\/portal\/wp-content\/uploads\/2015\/08\/acidente_janauba_2.jpg\" alt=\"\" \/><em>Acidente aconteceu no KM 18 da MGC-401 &#8211; Foto: Blog Oliveira J\u00fanior<\/em><br \/>\n<\/br><\/p>\n<p><img decoding=\"async\" src=\"http:\/\/aconteceunovale.com.br\/portal\/wp-content\/uploads\/2015\/08\/acidente_janauba_3.jpg\" alt=\"\" \/><em>Acidente aconteceu no KM 18 da MGC-401 &#8211; Foto: Blog Oliveira J\u00fanior<\/em><br \/>\n<\/br><\/p>\n<p><img decoding=\"async\" src=\"http:\/\/aconteceunovale.com.br\/portal\/wp-content\/uploads\/2015\/08\/acidente_janauba_4.jpg\" alt=\"\" \/><em>Acidente aconteceu no KM 18 da MGC-401 &#8211; Foto: Blog Oliveira J\u00fanior<\/em><\/p>\n","protected":false},"excerpt":{"rendered":"<p>M\u00e3e e filho morreram em um grave acidente no in\u00edcio da noite desse domingo, 16 de agosto, na altura do quil\u00f4metro 18 da MGC-401, entre as cidades de Jana\u00faba e Verdel\u00e2ndia, na regi\u00e3o Norte de Minas Gerais. Segundo informa\u00e7\u00f5es do Corpo de Bombeiros, Ant\u00f4nio Jos\u00e9 Nogueira De Souza, de 47 anos, e a m\u00e3e dele, [&hellip;]<\/p>\n","protected":false},"author":1,"featured_media":65773,"comment_status":"open","ping_status":"closed","sticky":false,"template":"","format":"standard","meta":{"amp_status":"","footnotes":""},"categories":[1236],"tags":[55511,55512,55514,645,1018,55515,55510,204,55516,55509,55513,1814],"class_list":["post-65772","post","type-post","status-publish","format-standard","has-post-thumbnail","hentry","category-norte_de_minas","tag-acidente-na-rodovia-entre-janauba-e-verdelandia","tag-antonio-jose-nogueira-de-souza","tag-armando-bicalho-filho","tag-bocaiuva","tag-destaque","tag-edileusa-pereira-bicalho","tag-grave-acidente-na-rodovia-entre-janauba-e-verdelandia","tag-janauba","tag-kelly-oliveira-bicalho","tag-mae-e-filho-morrem-em-grave-acidente-na-rodovia-entre-janauba-e-verdelandia","tag-maria-gloria-de-souza","tag-verdelandia"],"_links":{"self":[{"href":"https:\/\/aconteceunovale.com.br\/portal\/index.php?rest_route=\/wp\/v2\/posts\/65772","targetHints":{"allow":["GET"]}}],"collection":[{"href":"https:\/\/aconteceunovale.com.br\/portal\/index.php?rest_route=\/wp\/v2\/posts"}],"about":[{"href":"https:\/\/aconteceunovale.com.br\/portal\/index.php?rest_route=\/wp\/v2\/types\/post"}],"author":[{"embeddable":true,"href":"https:\/\/aconteceunovale.com.br\/portal\/index.php?rest_route=\/wp\/v2\/users\/1"}],"replies":[{"embeddable":true,"href":"https:\/\/aconteceunovale.com.br\/portal\/index.php?rest_route=%2Fwp%2Fv2%2Fcomments&post=65772"}],"version-history":[{"count":0,"href":"https:\/\/aconteceunovale.com.br\/portal\/index.php?rest_route=\/wp\/v2\/posts\/65772\/revisions"}],"wp:featuredmedia":[{"embeddable":true,"href":"https:\/\/aconteceunovale.com.br\/portal\/index.php?rest_route=\/wp\/v2\/media\/65773"}],"wp:attachment":[{"href":"https:\/\/aconteceunovale.com.br\/portal\/index.php?rest_route=%2Fwp%2Fv2%2Fmedia&parent=65772"}],"wp:term":[{"taxonomy":"category","embeddable":true,"href":"https:\/\/aconteceunovale.com.br\/portal\/index.php?rest_route=%2Fwp%2Fv2%2Fcategories&post=65772"},{"taxonomy":"post_tag","embeddable":true,"href":"https:\/\/aconteceunovale.com.br\/portal\/index.php?rest_route=%2Fwp%2Fv2%2Ftags&post=65772"}],"curies":[{"name":"wp","href":"https:\/\/api.w.org\/{rel}","templated":true}]}}