{"id":65770,"date":"2015-08-17T12:01:46","date_gmt":"2015-08-17T15:01:46","guid":{"rendered":"http:\/\/aconteceunovale.com.br\/portal\/?p=65770"},"modified":"2015-08-17T12:01:46","modified_gmt":"2015-08-17T15:01:46","slug":"vizinho-mata-colega-a-facadas-e-e-amarrado-por-testemunhas-em-jaiba","status":"publish","type":"post","link":"https:\/\/aconteceunovale.com.br\/portal\/?p=65770","title":{"rendered":"Vizinho mata colega a facadas e \u00e9 amarrado por testemunhas em Ja\u00edba"},"content":{"rendered":"<p>Uma briga entre dois vizinhos terminou em morte na tarde de domingo, 16 de agosto, em Ja\u00edba, na regi\u00e3o Norte de Minas Gerais. Testemunhas relataram a Pol\u00edcia Militar (PM) que os colegas, de 27 e 48 anos, estavam em um bar na comunidade do do N\u00facleo Habitacional 2 (NH2) quando come\u00e7aram a discutir. O mais novo, ent\u00e3o, puxou uma faca que estava no balc\u00e3o e golpeou o vizinho por v\u00e1rias vezes. <\/p>\n<p>Ele foi contido por outros frequentadores, mas n\u00e3o houve tempo para o socorro \u00e0 v\u00edtima. Quando perceberam que o homem de 48 anos, identificado como Enecino de Oliveira, havia sido morto, as testemunhas se revoltaram e bateram no suspeito. Ele foi amarrado pelos p\u00e9s e pelas m\u00e3os at\u00e9 a chegada da Pol\u00edcia Militar. <\/p>\n<p>Antes de ser levado para a delegacia, em Jana\u00faba, o suspeito precisou receber atendimento m\u00e9dico.  A faca usada no crime tamb\u00e9m foi apreendida. (R7)<\/p>\n","protected":false},"excerpt":{"rendered":"<p>Uma briga entre dois vizinhos terminou em morte na tarde de domingo, 16 de agosto, em Ja\u00edba, na regi\u00e3o Norte de Minas Gerais. Testemunhas relataram a Pol\u00edcia Militar (PM) que os colegas, de 27 e 48 anos, estavam em um bar na comunidade do do N\u00facleo Habitacional 2 (NH2) quando come\u00e7aram a discutir. O mais [&hellip;]<\/p>\n","protected":false},"author":1,"featured_media":32816,"comment_status":"open","ping_status":"closed","sticky":false,"template":"","format":"standard","meta":{"amp_status":"","footnotes":""},"categories":[1236],"tags":[44784,22487,55508,36591,1058,36590,55507,44501,55506],"class_list":["post-65770","post","type-post","status-publish","format-standard","has-post-thumbnail","hentry","category-norte_de_minas","tag-assassinado-em-jaiba","tag-assassinato-em-jaiba","tag-enecino-de-oliveira","tag-homicidio-em-jaiba","tag-jaiba","tag-morte-em-jaiba","tag-uma-briga-entre-dois-vizinhos-terminou-em-morte-em-jaiba","tag-violencia-em-jaiba","tag-vizinho-mata-colega-a-facadas-e-e-amarrado-por-testemunhas-em-jaiba"],"_links":{"self":[{"href":"https:\/\/aconteceunovale.com.br\/portal\/index.php?rest_route=\/wp\/v2\/posts\/65770","targetHints":{"allow":["GET"]}}],"collection":[{"href":"https:\/\/aconteceunovale.com.br\/portal\/index.php?rest_route=\/wp\/v2\/posts"}],"about":[{"href":"https:\/\/aconteceunovale.com.br\/portal\/index.php?rest_route=\/wp\/v2\/types\/post"}],"author":[{"embeddable":true,"href":"https:\/\/aconteceunovale.com.br\/portal\/index.php?rest_route=\/wp\/v2\/users\/1"}],"replies":[{"embeddable":true,"href":"https:\/\/aconteceunovale.com.br\/portal\/index.php?rest_route=%2Fwp%2Fv2%2Fcomments&post=65770"}],"version-history":[{"count":0,"href":"https:\/\/aconteceunovale.com.br\/portal\/index.php?rest_route=\/wp\/v2\/posts\/65770\/revisions"}],"wp:featuredmedia":[{"embeddable":true,"href":"https:\/\/aconteceunovale.com.br\/portal\/index.php?rest_route=\/wp\/v2\/media\/32816"}],"wp:attachment":[{"href":"https:\/\/aconteceunovale.com.br\/portal\/index.php?rest_route=%2Fwp%2Fv2%2Fmedia&parent=65770"}],"wp:term":[{"taxonomy":"category","embeddable":true,"href":"https:\/\/aconteceunovale.com.br\/portal\/index.php?rest_route=%2Fwp%2Fv2%2Fcategories&post=65770"},{"taxonomy":"post_tag","embeddable":true,"href":"https:\/\/aconteceunovale.com.br\/portal\/index.php?rest_route=%2Fwp%2Fv2%2Ftags&post=65770"}],"curies":[{"name":"wp","href":"https:\/\/api.w.org\/{rel}","templated":true}]}}