{"id":65713,"date":"2015-08-16T20:25:25","date_gmt":"2015-08-16T23:25:25","guid":{"rendered":"http:\/\/aconteceunovale.com.br\/portal\/?p=65713"},"modified":"2015-08-16T20:26:58","modified_gmt":"2015-08-16T23:26:58","slug":"acidentes-deixam-tres-mortos-e-cinco-feridos-no-norte-de-minas","status":"publish","type":"post","link":"https:\/\/aconteceunovale.com.br\/portal\/?p=65713","title":{"rendered":"Acidentes deixam tr\u00eas mortos e cinco feridos no Norte de Minas"},"content":{"rendered":"<p>Um rapaz de 26 anos morreu em um acidente na noite de s\u00e1bado, 15 de agosto, na Vila Bras\u00edlia, em Montes Claros. Segundo a pol\u00edcia, o motociclista Thiago Reis bateu em um carro que seguia em alta velocidade pela Rua Professor Monteiro Fonseca. O motorista do carro fugiu sem prestar socorro e a v\u00edtima morreu no local.<\/p>\n<p>Na manh\u00e3 deste domingo (16) um homem morreu em um acidente na BR-365, pr\u00f3ximo a Barra do Guaicu\u00ed. Segundo informa\u00e7\u00f5es da PRF, o radialista Geraldo S\u00e1 perdeu o controle do ve\u00edculo em uma curva, entrou na contram\u00e3o e bateu de frente com uma carreta. Ele morreu no local.<\/p>\n<p>Ainda neste domingo, duas jovens, de 19 e 24 anos, ficaram feridas em um acidente de moto no Bairro S\u00e3o Jos\u00e9, pr\u00f3ximo ao col\u00e9gio Marista. Segundo as informa\u00e7\u00f5es do Samu, as duas estavam em uma motocicleta e colidiram com um carro. Elas foram encaminhadas para a Santa Casa de Montes Claros.<\/p>\n<p>Tamb\u00e9m neste domingo, um homem ficou ferido ap\u00f3s perder o controle do carro na Avenida Governador Magalh\u00e3es Pinto, pr\u00f3ximo ao Interlagos. Segundo os bombeiros, o carro teria sa\u00eddo da pista, batido em uma mureta de prote\u00e7\u00e3o e ca\u00eddo na rua debaixo. O condutor foi socorrido a um hospital do munic\u00edpio.<\/p>\n<p><img decoding=\"async\" src=\"http:\/\/aconteceunovale.com.br\/portal\/wp-content\/uploads\/2015\/08\/acidente_norte_de_minas_1.jpg\" alt=\"\" \/><em>Motociclista morreu em acidente na Vila Bras\u00edlia &#8211; Foto: P\u00e1gina Eventos MOC<\/em><br \/>\n<\/br><\/p>\n<p><strong>Acidente na manh\u00e3 de s\u00e1bado<\/strong><\/p>\n<p>Uma pessoa morreu e tr\u00eas ficaram feridas ap\u00f3s um carro capotar na manh\u00e3 de s\u00e1bado (15) na BR-365, pr\u00f3ximo a Buritizeiro, no Norte de Minas. Segundo a Pol\u00edcia Rodovi\u00e1ria Federal, a v\u00edtima era uma mulher de 49 anos.<\/p>\n<p>Segundo a PRF, a suspeita \u00e9 que o carro tenha batido em um buraco, quando o condutor do ve\u00edculo perdeu o controle da dire\u00e7\u00e3o e capotou. A pol\u00edcia informou que o ve\u00edculo estava indo sentido Uberl\u00e2ndia.<\/p>\n<p>Um dos feridos foi levado para o hospital de Patos de Minas, os outros dois foram encaminhados para o hospital e Pirapora.<\/p>\n<p><img decoding=\"async\" src=\"http:\/\/aconteceunovale.com.br\/portal\/wp-content\/uploads\/2015\/08\/acidente_norte_de_minas_2.jpg\" alt=\"\" \/><em>Duas mulheres ficaram feridas no bairro S\u00e3o Jos\u00e9 &#8211; Foto: F\u00e1bio Alexsandro \/ Via WhatsApp<\/em><br \/>\n<\/br><\/p>\n<p><img decoding=\"async\" src=\"http:\/\/aconteceunovale.com.br\/portal\/wp-content\/uploads\/2015\/08\/acidente_norte_de_minas_3.jpg\" alt=\"\" \/><em>Duas mulheres ficaram feridas no bairro S\u00e3o Jos\u00e9 &#8211; Foto: F\u00e1bio Alexsandro \/ Via WhatsApp<\/em><br \/>\n<\/br><\/p>\n<p><img decoding=\"async\" src=\"http:\/\/aconteceunovale.com.br\/portal\/wp-content\/uploads\/2015\/08\/acidente_norte_de_minas_4.jpg\" alt=\"\" \/><em>Acidente pr\u00f3ximo ao Interlagos &#8211; Foto: Manuel Motta \/ Via WhatsApp<\/em><br \/>\n<\/br><\/p>\n<p><em>(Fonte: Inter TV Grande Minas \/ G1)<\/em><\/p>\n","protected":false},"excerpt":{"rendered":"<p>Um rapaz de 26 anos morreu em um acidente na noite de s\u00e1bado, 15 de agosto, na Vila Bras\u00edlia, em Montes Claros. Segundo a pol\u00edcia, o motociclista Thiago Reis bateu em um carro que seguia em alta velocidade pela Rua Professor Monteiro Fonseca. O motorista do carro fugiu sem prestar socorro e a v\u00edtima morreu [&hellip;]<\/p>\n","protected":false},"author":1,"featured_media":65716,"comment_status":"open","ping_status":"closed","sticky":false,"template":"","format":"standard","meta":{"amp_status":"","footnotes":""},"categories":[1236],"tags":[55424,55431,55429,55426,48127,16673,55425,55434,1535,55430,55428,55433,55432,2448,55427,55435],"class_list":["post-65713","post","type-post","status-publish","format-standard","has-post-thumbnail","hentry","category-norte_de_minas","tag-acidente-com-carro-de-uberlandia","tag-acidente-com-geraldo-sa","tag-acidente-com-o-radialista-geraldo-sa","tag-acidente-com-thiago-reis","tag-acidente-em-buritizeiro","tag-acidente-em-montes-claros","tag-acidente-na-vila-brasilia-em-montes-claros","tag-acidentes-deixam-tres-mortos-e-cinco-feridos-no-norte-de-minas","tag-buritizeiro","tag-morre-geraldo-sa","tag-morte-de-thiago-reis","tag-morte-do-radialista-geraldo-sa","tag-radialista-geraldo-sa","tag-sao-joao-da-ponte","tag-thiago-reis","tag-tiago-lima-de-sao-joao-da-ponte"],"_links":{"self":[{"href":"https:\/\/aconteceunovale.com.br\/portal\/index.php?rest_route=\/wp\/v2\/posts\/65713","targetHints":{"allow":["GET"]}}],"collection":[{"href":"https:\/\/aconteceunovale.com.br\/portal\/index.php?rest_route=\/wp\/v2\/posts"}],"about":[{"href":"https:\/\/aconteceunovale.com.br\/portal\/index.php?rest_route=\/wp\/v2\/types\/post"}],"author":[{"embeddable":true,"href":"https:\/\/aconteceunovale.com.br\/portal\/index.php?rest_route=\/wp\/v2\/users\/1"}],"replies":[{"embeddable":true,"href":"https:\/\/aconteceunovale.com.br\/portal\/index.php?rest_route=%2Fwp%2Fv2%2Fcomments&post=65713"}],"version-history":[{"count":0,"href":"https:\/\/aconteceunovale.com.br\/portal\/index.php?rest_route=\/wp\/v2\/posts\/65713\/revisions"}],"wp:featuredmedia":[{"embeddable":true,"href":"https:\/\/aconteceunovale.com.br\/portal\/index.php?rest_route=\/wp\/v2\/media\/65716"}],"wp:attachment":[{"href":"https:\/\/aconteceunovale.com.br\/portal\/index.php?rest_route=%2Fwp%2Fv2%2Fmedia&parent=65713"}],"wp:term":[{"taxonomy":"category","embeddable":true,"href":"https:\/\/aconteceunovale.com.br\/portal\/index.php?rest_route=%2Fwp%2Fv2%2Fcategories&post=65713"},{"taxonomy":"post_tag","embeddable":true,"href":"https:\/\/aconteceunovale.com.br\/portal\/index.php?rest_route=%2Fwp%2Fv2%2Ftags&post=65713"}],"curies":[{"name":"wp","href":"https:\/\/api.w.org\/{rel}","templated":true}]}}