{"id":65547,"date":"2015-08-13T19:59:04","date_gmt":"2015-08-13T22:59:04","guid":{"rendered":"http:\/\/aconteceunovale.com.br\/portal\/?p=65547"},"modified":"2015-08-13T19:59:04","modified_gmt":"2015-08-13T22:59:04","slug":"com-escala-em-confins-governador-valadares-tera-voo-para-os-estados-unidos","status":"publish","type":"post","link":"https:\/\/aconteceunovale.com.br\/portal\/?p=65547","title":{"rendered":"Com escala em Confins, Governador Valadares ter\u00e1 voo para os Estados Unidos"},"content":{"rendered":"<p>A Azul Linhas A\u00e9reas Brasileiras ampliar\u00e1 a conectividade para os Estados Unidos aos clientes que partem de Governador Valadares, no Leste do Estado. A partir do dia 16 de novembro ser\u00e1 poss\u00edvel agendar voos para Orlando decolando de Valadares, com apenas uma conex\u00e3o em Belo Horizonte (Confins). Para isso os hor\u00e1rios dos voos entre Valadares e Confins ser\u00e3o alterados j\u00e1 a partir de  de 14 de setembro.<\/p>\n<p>De acordo com informa\u00e7\u00f5es da empresa, as tarifas de ida e volta entre Valadares e Orlando, com uma conex\u00e3o no aeroporto de Confins, est\u00e3o dispon\u00edveis a partir de dez parcelas de R$ 158,00 ou 40.000 pontos do TudoAzul. As partidas devem ser realizadas de 16 de novembro a 11 de dezembro ou de 15 de fevereiro a 27 de mar\u00e7o, com retornos de 20 de novembro a 15 de dezembro ou de 19 de fevereiro a 31 de mar\u00e7o.<\/p>\n<p>Quem desembarca em Confins conta, ainda, com a conectividade da Azul para voos dom\u00e9sticos, uma vez que a capital mineira \u00e9 o segundo maior \u201chub\u201d de opera\u00e7\u00f5es da companhia, com mais de 80 voos di\u00e1rios para dezenas de destinos em todo o Brasil. Entre eles Altamira, Bel\u00e9m, Bahia Porto Seguro, Bras\u00edlia, Cabo Frio, Cuiab\u00e1 e S\u00e3o Paulo (Congonhas e Guarulhos).<\/p>\n<p>A Azul anunciou tamb\u00e9m nesta quinta-feira (13) que em breve iniciar\u00e1 voos sem escalas para Rio de Janeiro (Gale\u00e3o), Barreiras, Palmas e Teresina, ap\u00f3s aprova\u00e7\u00e3o da Ag\u00eancia Nacional de Avia\u00e7\u00e3o Civil (Anac). Em \u00e2mbito estadual a empresa tamb\u00e9m conta com a maior malha \u00e1rea: s\u00e3o, ao todo, mais de 100 voos di\u00e1rios entre as dez cidades atendidas em solo mineiro.<\/p>\n<p>Valadares \u00e9 pioneira na emigra\u00e7\u00e3o de brasileiros para o exterior. Cerca de 40 mil dos 260 mil habitantes vivem hoje em terras estrangeiras.<\/p>\n<p><strong>Azul em Valadares<\/strong><\/p>\n<p>A Azul chegou em Valadares em 1\u00ba de janeiro de 2008, em opera\u00e7\u00e3o da Trip. \u00c9 a \u00fanica empresa operando na cidade com at\u00e9 tr\u00eas voos di\u00e1rios, todos com destino ao aeroporto de Confins.<\/p>\n<p><img decoding=\"async\" src=\"http:\/\/aconteceunovale.com.br\/portal\/wp-content\/uploads\/2015\/08\/azul_gv.jpg\" alt=\"\" \/><em>Governador Valadares ter\u00e1 voo para os Estados Unidos &#8211; Foto: Divulga\u00e7\u00e3o \/ Azul<\/em><br \/>\n<\/br><\/p>\n<p><em>(Fonte: Hoje em Dia)<\/em><\/p>\n","protected":false},"excerpt":{"rendered":"<p>A Azul Linhas A\u00e9reas Brasileiras ampliar\u00e1 a conectividade para os Estados Unidos aos clientes que partem de Governador Valadares, no Leste do Estado. A partir do dia 16 de novembro ser\u00e1 poss\u00edvel agendar voos para Orlando decolando de Valadares, com apenas uma conex\u00e3o em Belo Horizonte (Confins). Para isso os hor\u00e1rios dos voos entre Valadares [&hellip;]<\/p>\n","protected":false},"author":1,"featured_media":65548,"comment_status":"open","ping_status":"closed","sticky":false,"template":"","format":"standard","meta":{"amp_status":"","footnotes":""},"categories":[121],"tags":[55206,55200,55202,19963,55199,55198,55201,55203,55204,55205],"class_list":["post-65547","post","type-post","status-publish","format-standard","has-post-thumbnail","hentry","category-leste","tag-azul-vai-ofertar-voo-entre-governador-valadares-e-para-orlando","tag-com-escala-em-confins","tag-com-escala-em-confins-governador-valadares-tera-voo-para-os-estados-unidos","tag-detaque","tag-governador-valadares-tera-voo-para-orlando","tag-governador-valadares-tera-voo-para-orlando-nos-estados-unidos","tag-governador-valadares-tera-voo-para-os-estados-unidos","tag-voo-de-governador-valadares-para-orlando","tag-voo-de-governador-valadares-para-os-estados-unidos","tag-voo-de-governador-valadares-para-os-eua"],"_links":{"self":[{"href":"https:\/\/aconteceunovale.com.br\/portal\/index.php?rest_route=\/wp\/v2\/posts\/65547","targetHints":{"allow":["GET"]}}],"collection":[{"href":"https:\/\/aconteceunovale.com.br\/portal\/index.php?rest_route=\/wp\/v2\/posts"}],"about":[{"href":"https:\/\/aconteceunovale.com.br\/portal\/index.php?rest_route=\/wp\/v2\/types\/post"}],"author":[{"embeddable":true,"href":"https:\/\/aconteceunovale.com.br\/portal\/index.php?rest_route=\/wp\/v2\/users\/1"}],"replies":[{"embeddable":true,"href":"https:\/\/aconteceunovale.com.br\/portal\/index.php?rest_route=%2Fwp%2Fv2%2Fcomments&post=65547"}],"version-history":[{"count":0,"href":"https:\/\/aconteceunovale.com.br\/portal\/index.php?rest_route=\/wp\/v2\/posts\/65547\/revisions"}],"wp:featuredmedia":[{"embeddable":true,"href":"https:\/\/aconteceunovale.com.br\/portal\/index.php?rest_route=\/wp\/v2\/media\/65548"}],"wp:attachment":[{"href":"https:\/\/aconteceunovale.com.br\/portal\/index.php?rest_route=%2Fwp%2Fv2%2Fmedia&parent=65547"}],"wp:term":[{"taxonomy":"category","embeddable":true,"href":"https:\/\/aconteceunovale.com.br\/portal\/index.php?rest_route=%2Fwp%2Fv2%2Fcategories&post=65547"},{"taxonomy":"post_tag","embeddable":true,"href":"https:\/\/aconteceunovale.com.br\/portal\/index.php?rest_route=%2Fwp%2Fv2%2Ftags&post=65547"}],"curies":[{"name":"wp","href":"https:\/\/api.w.org\/{rel}","templated":true}]}}