{"id":65544,"date":"2015-08-13T19:31:35","date_gmt":"2015-08-13T22:31:35","guid":{"rendered":"http:\/\/aconteceunovale.com.br\/portal\/?p=65544"},"modified":"2015-08-13T19:31:35","modified_gmt":"2015-08-13T22:31:35","slug":"baixa-quente-realiza-cavalgada-e-leilao-de-bezerros-no-proximo-sabado-1508","status":"publish","type":"post","link":"https:\/\/aconteceunovale.com.br\/portal\/?p=65544","title":{"rendered":"Baixa Quente realiza cavalgada e leil\u00e3o de bezerros no pr\u00f3ximo s\u00e1bado (15\/08)"},"content":{"rendered":"<p>No pr\u00f3ximo s\u00e1bado, dia 15 de Agosto, o distrito de Baixa Quente recebe os minasnovenses e pessoas de v\u00e1rios munic\u00edpios da regi\u00e3o para a Cavalgada da 19\u00aa Festa de Nossa Senhora Aparecida. A programa\u00e7\u00e3o inclui ainda um leil\u00e3o de bezerros e show com a dupla Pedro &#038; Jonas. Abaixo o cartaz original.<\/p>\n<p>A festa come\u00e7ar\u00e1 \u00e0s 9 horas da manh\u00e3, com sa\u00edda da cavalgada. A chegada dos participantes est\u00e1 prevista para o meio dia. Os cavaleiros e amazonas ser\u00e3o recepcionados com churrasco. J\u00e1 o leil\u00e3o est\u00e1 previsto para come\u00e7ar \u00e0s 15 horas. \u00c0s 18 horas haver\u00e1 show com os irm\u00e3os Pedro &#038; Jonas.<\/p>\n<p>Os festeiros Ci &#038; Fabiana agradecem os colaboradores. O leil\u00e3o de bezerros e a cavalgada de Nossa Senhora Aparecida conta com o apoio do clube de cavaleiros \u201cRoseta de Prata\u201d. <\/p>\n<p><img decoding=\"async\" src=\"http:\/\/aconteceunovale.com.br\/portal\/wp-content\/uploads\/2015\/08\/cavalgada_baixa_quente.jpg\" alt=\"\" \/><em>(Via R\u00e1dio Turmalina.com \/ Ailton Santanna)<\/em><\/p>\n","protected":false},"excerpt":{"rendered":"<p>No pr\u00f3ximo s\u00e1bado, dia 15 de Agosto, o distrito de Baixa Quente recebe os minasnovenses e pessoas de v\u00e1rios munic\u00edpios da regi\u00e3o para a Cavalgada da 19\u00aa Festa de Nossa Senhora Aparecida. A programa\u00e7\u00e3o inclui ainda um leil\u00e3o de bezerros e show com a dupla Pedro &#038; Jonas. Abaixo o cartaz original. A festa come\u00e7ar\u00e1 [&hellip;]<\/p>\n","protected":false},"author":1,"featured_media":65545,"comment_status":"open","ping_status":"closed","sticky":false,"template":"","format":"standard","meta":{"amp_status":"","footnotes":""},"categories":[125],"tags":[140,55196,55197,137],"class_list":["post-65544","post","type-post","status-publish","format-standard","has-post-thumbnail","hentry","category-noticias","tag-baixa-quente","tag-baixa-quente-realiza-cavalgada-e-leilao-de-bezerros-no-proximo-sabado","tag-cavalgada-e-leilao-de-bezerros-da-baixa-quente","tag-minas-novas"],"_links":{"self":[{"href":"https:\/\/aconteceunovale.com.br\/portal\/index.php?rest_route=\/wp\/v2\/posts\/65544","targetHints":{"allow":["GET"]}}],"collection":[{"href":"https:\/\/aconteceunovale.com.br\/portal\/index.php?rest_route=\/wp\/v2\/posts"}],"about":[{"href":"https:\/\/aconteceunovale.com.br\/portal\/index.php?rest_route=\/wp\/v2\/types\/post"}],"author":[{"embeddable":true,"href":"https:\/\/aconteceunovale.com.br\/portal\/index.php?rest_route=\/wp\/v2\/users\/1"}],"replies":[{"embeddable":true,"href":"https:\/\/aconteceunovale.com.br\/portal\/index.php?rest_route=%2Fwp%2Fv2%2Fcomments&post=65544"}],"version-history":[{"count":0,"href":"https:\/\/aconteceunovale.com.br\/portal\/index.php?rest_route=\/wp\/v2\/posts\/65544\/revisions"}],"wp:featuredmedia":[{"embeddable":true,"href":"https:\/\/aconteceunovale.com.br\/portal\/index.php?rest_route=\/wp\/v2\/media\/65545"}],"wp:attachment":[{"href":"https:\/\/aconteceunovale.com.br\/portal\/index.php?rest_route=%2Fwp%2Fv2%2Fmedia&parent=65544"}],"wp:term":[{"taxonomy":"category","embeddable":true,"href":"https:\/\/aconteceunovale.com.br\/portal\/index.php?rest_route=%2Fwp%2Fv2%2Fcategories&post=65544"},{"taxonomy":"post_tag","embeddable":true,"href":"https:\/\/aconteceunovale.com.br\/portal\/index.php?rest_route=%2Fwp%2Fv2%2Ftags&post=65544"}],"curies":[{"name":"wp","href":"https:\/\/api.w.org\/{rel}","templated":true}]}}