{"id":65191,"date":"2015-08-08T10:57:03","date_gmt":"2015-08-08T13:57:03","guid":{"rendered":"http:\/\/aconteceunovale.com.br\/portal\/?p=65191"},"modified":"2015-08-08T10:57:03","modified_gmt":"2015-08-08T13:57:03","slug":"ouvir-as-pessoas-e-uma-atitude-de-carinho-com-minas-gerais-diz-governador-em-diamantina","status":"publish","type":"post","link":"https:\/\/aconteceunovale.com.br\/portal\/?p=65191","title":{"rendered":"\u201cOuvir as pessoas \u00e9 uma atitude de carinho com Minas Gerais\u201d, diz Governador em Diamantina"},"content":{"rendered":"<h4><strong><em>Durante instala\u00e7\u00e3o do F\u00f3rum Regional do Alto Jequitinhonha, governador destaca a nova maneira de se administrar o Estado, com a participa\u00e7\u00e3o popular.<\/em><\/strong><\/h4>\n<p>Durante a instala\u00e7\u00e3o do F\u00f3rum Regional de Governo \u2013 Territ\u00f3rio Alto Jequitinhonha, em Diamantina, nessa sexta-feira (7\/8), o governador de Minas Gerais, Fernando Pimentel destacou a \u201cmudan\u00e7a de atitude\u201d no jeito de administrar o Estado, prezando pelo di\u00e1logo, regionaliza\u00e7\u00e3o e participa\u00e7\u00e3o popular. Segundo ele, mais que uma promessa de campanha, \u201couvir as pessoas \u00e9 uma atitude de carinho com Minas Gerais\u201d.<\/p>\n<p>\u201cEssa grande mudan\u00e7a j\u00e1 come\u00e7ou. Aos poucos, vamos fazer aquilo que tem de ser feito, ouvindo cada regi\u00e3o e criando esse novo conceito, essa nova atitude de governo, que \u00e9 uma atitude de proximidade com as pessoas\u201d, disse.<\/p>\n<p>O F\u00f3rum Regional de Governo &#8211; Territ\u00f3rio Alto Jequitinhonha conta com 20 munic\u00edpios e dois subterrit\u00f3rios. Foi o nono dos 17 f\u00f3runs a ser instalado. Por meio de projetos como o dos F\u00f3runs Regionais de Governo, que abrem espa\u00e7o para a sociedade civil participar da constru\u00e7\u00e3o de pol\u00edticas p\u00fablicas em Minas Gerais, o governador espera reduzir as desigualdades regionais e levar a administra\u00e7\u00e3o estadual a todo o interior.<\/p>\n<p>\u201cEu s\u00f3 estou aqui como governador do Estado porque voc\u00eas me colocaram aqui. Ent\u00e3o, eu tenho de voltar sempre aos locais onde tem gente que me p\u00f4s aqui, para que possamos ouvir as pessoas, conversar com elas. Se tiver cr\u00edticas, vamos ouvir com humildade. N\u00e3o \u00e9 perda de tempo, \u00e9 ganho de tempo. Para errar menos, vamos ouvir. Essa \u00e9 a grande li\u00e7\u00e3o que n\u00f3s aprendemos ao longo da hist\u00f3ria: ter a humildade, a simplicidade, a singeleza, de chegar perto do povo. O povo tem a sabedoria do saber fazer e n\u00f3s precisamos aprender com ele. Ningu\u00e9m \u00e9 t\u00e3o bom assim que n\u00e3o precise ouvir ningu\u00e9m. N\u00f3s temos de ouvir as pessoas\u201d, acrescentou Pimentel.<\/p>\n<p>O secret\u00e1rio de Estado de Governo, Odair Cunha, ressaltou que, com os f\u00f3runs de governo, a popula\u00e7\u00e3o vai conseguir \u201cidentificar a presen\u00e7a do Estado em todos os 17 territ\u00f3rios e trabalhar de maneira integrada com o poder p\u00fablico\u201d. \u201cA primeira determina\u00e7\u00e3o do governador Pimentel \u00e9 materializar o \u2018ouvir para governar\u2019, introduzir os cidad\u00e3os nos programas de governo. Estamos saindo da \u00e1rea de conforto em que algu\u00e9m l\u00e1 de Belo Horizonte decide. Queremos trabalhar compreendendo as regi\u00f5es de Minas Gerais\u201d, disse.<\/p>\n<p>Representando os prefeitos desse territ\u00f3rio de desenvolvimento, o presidente da Associa\u00e7\u00e3o dos Munic\u00edpios da Microrregi\u00e3o do Alto Jequitinhonha e prefeito de Carbonita, Marcos Lemos, parabenizou o governador Fernando Pimentel pela iniciativa de percorrer as regi\u00f5es e \u201cadministrar para al\u00e9m dos gabinetes\u201d.<\/p>\n<p>\u201cAgrade\u00e7o ao senhor, governador, por vir at\u00e9 n\u00f3s e trazer todos de seus gabinetes para realimentar as nossas esperan\u00e7as, ouvir a nossa regi\u00e3o, t\u00e3o carente de projetos. Entra governo, sai governo, e algumas demandas continuavam nas planilhas ou engavetadas. Apesar da dificuldade econ\u00f4mica do Estado, \u00e9 preciso reconhecer seu empenho\u201d, afirmou.<\/p>\n<p>Os deputados Reginaldo Lopes (federal) e Dr. Jean Freire (estadual) discursaram na abertura da cerim\u00f4nia, ressaltando que, em menos de oito meses de governo, Pimentel j\u00e1 esteve duas vezes no Jequitinhonha e atendeu demandas hist\u00f3ricas no Estado, como o acordo para pagar o piso nacional dos professores, al\u00e9m da retomada de obras em Minas. \u201cOuvir para governar \u00e9 o recado do s\u00e9culo 21 dado pelo povo aos governantes, desde as manifesta\u00e7\u00f5es de junho de 2013. A sociedade brasileira quer mais Estado, quer pol\u00edticas p\u00fablicas com efici\u00eancia\u201d, afirmou o deputado Reginaldo Lopes. Para Dr. Jean Freire, \u201centre tantas coisas a serem feitas, a primeira j\u00e1 est\u00e1 sendo atendida: ir at\u00e9 o povo\u201d.<\/p>\n<p>Representando a Assembleia Legislativa de Minas Gerais, o deputado Iran Barbosa tamb\u00e9m destacou a import\u00e2ncia de se ouvir a popula\u00e7\u00e3o. \u201cAs pessoas querem mudan\u00e7as, n\u00e3o querem os mesmos erros de antes\u201d, disse.<\/p>\n<p><strong>Funcionamento<\/strong><\/p>\n<p>Nesta sexta-feira, durante o per\u00edodo da tarde, o p\u00fablico presente p\u00f4de tirar d\u00favidas com os coordenadores do programa sobre a metodologia do trabalho e as diretrizes para os f\u00f3runs. Foram entregues por representantes do governo formul\u00e1rios de diagn\u00f3stico territorial, que ser\u00e1 utilizado para levantar as demandas da popula\u00e7\u00e3o. Cerca de 600 pessoas compareceram na solenidade de abertura, pela manh\u00e3, entre prefeitos, vereadores, movimentos sociais organizados e cidad\u00e3os interessados em contribuir.<\/p>\n<p>O vereador de Itamarandiba, Guim Carneiro, que tem 20 anos de vida p\u00fablica, disse ter se emocionado com a organiza\u00e7\u00e3o do projeto. \u201cJ\u00e1 participei de tudo neste Estado, tive diversos cargos no Executivo e no Legislativo, e nunca vi falas serem encaminhadas para o povo como foi feito aqui. Nunca vi autoridade se sentar no fundo da Mesa e os movimentos sociais dividirem espa\u00e7o com o governador. N\u00f3s nunca fomos t\u00e3o ouvidos. A minha emo\u00e7\u00e3o \u00e9 muito forte\u201d, afirmou.<\/p>\n<p>A agenda dos f\u00f3runs est\u00e1 sendo disponibilizada no site <a href=\"http:\/\/www.forunsregionais.mg.gov.br\" target=\"_blank\">www.forunsregionais.mg.gov.br<\/a>.  O usu\u00e1rio dever\u00e1 informar o nome de sua cidade e assim ter acesso \u00e0s informa\u00e7\u00f5es sobre os F\u00f3runs de seu territ\u00f3rio. Outras informa\u00e7\u00f5es poder\u00e3o ser obtidas atrav\u00e9s do e-mail forunsregionais@governo.mg.gov.br.<\/p>\n<p><strong>Munic\u00edpios que comp\u00f5em o Territ\u00f3rio Alto Jequitinhonha<\/strong><\/p>\n<p>Alvorada de Minas, Aricanduva, Capelinha, Carbonita, Chapada do Norte, Coluna, Couto de Magalh\u00e3es de Minas, Datas, Diamantina, Fel\u00edcio dos Santos, Gouveia, Itamarandiba, Leme do Prado, Minas Novas, Presidente Kubitschek, S\u00e3o Gon\u00e7alo do Rio Preto, Senador Modestino Gon\u00e7alves, Serro, Turmalina e Veredinha.<\/p>\n<p><img decoding=\"async\" src=\"http:\/\/aconteceunovale.com.br\/portal\/wp-content\/uploads\/2015\/08\/instalacao_forum_alto_jequitinhonha_1.jpg\" alt=\"\" \/><em>Instala\u00e7\u00e3o F\u00f3rum Regional do Territ\u00f3rio Alto Jequitinhonha &#8211; Foto: Gil Leonardi\/Imprensa MG<\/em><br \/>\n<\/br><\/p>\n<p><img decoding=\"async\" src=\"http:\/\/aconteceunovale.com.br\/portal\/wp-content\/uploads\/2015\/08\/instalacao_forum_alto_jequitinhonha_2.jpg\" alt=\"\" \/><em>Instala\u00e7\u00e3o F\u00f3rum Regional do Territ\u00f3rio Alto Jequitinhonha &#8211; Foto: Gil Leonardi\/Imprensa MG<\/em><br \/>\n<\/br><\/p>\n<p><img decoding=\"async\" src=\"http:\/\/aconteceunovale.com.br\/portal\/wp-content\/uploads\/2015\/08\/instalacao_forum_alto_jequitinhonha_3.jpg\" alt=\"\" \/><em>Instala\u00e7\u00e3o F\u00f3rum Regional do Territ\u00f3rio Alto Jequitinhonha &#8211; Foto: Gil Leonardi\/Imprensa MG<\/em><br \/>\n<\/br><\/p>\n<p><img decoding=\"async\" src=\"http:\/\/aconteceunovale.com.br\/portal\/wp-content\/uploads\/2015\/08\/instalacao_forum_alto_jequitinhonha_4.jpg\" alt=\"\" \/><em>Instala\u00e7\u00e3o F\u00f3rum Regional do Territ\u00f3rio Alto Jequitinhonha &#8211; Foto: Gil Leonardi\/Imprensa MG<\/em><br \/>\n<\/br><\/p>\n<p><img decoding=\"async\" src=\"http:\/\/aconteceunovale.com.br\/portal\/wp-content\/uploads\/2015\/08\/instalacao_forum_alto_jequitinhonha_5.jpg\" alt=\"\" \/><em>Instala\u00e7\u00e3o F\u00f3rum Regional do Territ\u00f3rio Alto Jequitinhonha &#8211; Foto: Gil Leonardi\/Imprensa MG<\/em><\/p>\n","protected":false},"excerpt":{"rendered":"<p>Durante instala\u00e7\u00e3o do F\u00f3rum Regional do Alto Jequitinhonha, governador destaca a nova maneira de se administrar o Estado, com a participa\u00e7\u00e3o popular. Durante a instala\u00e7\u00e3o do F\u00f3rum Regional de Governo \u2013 Territ\u00f3rio Alto Jequitinhonha, em Diamantina, nessa sexta-feira (7\/8), o governador de Minas Gerais, Fernando Pimentel destacou a \u201cmudan\u00e7a de atitude\u201d no jeito de administrar [&hellip;]<\/p>\n","protected":false},"author":1,"featured_media":65128,"comment_status":"open","ping_status":"closed","sticky":false,"template":"","format":"standard","meta":{"amp_status":"","footnotes":""},"categories":[120],"tags":[972,551,132,557,481,281,4115,3279,1018,198,879,54633,2998,54630,54637,54632,149,54634,480,137,54635,54631,5660,783,439,154,178,54636,916],"class_list":["post-65191","post","type-post","status-publish","format-standard","has-post-thumbnail","hentry","category-jequi","tag-alvorada-de-minas","tag-aricanduva","tag-capelinha","tag-carbonita","tag-chapada-do-norte","tag-coluna","tag-couto-de-magalhaes-de-minas","tag-datas","tag-destaque","tag-diamantina","tag-felicio-dos-santos","tag-forum-regional-do-alto-jequitinhonha","tag-gouveia","tag-governador-em-diamantina","tag-guim-carneiro","tag-instalacao-do-forum-regional-do-alto-jequitinhonha","tag-itamarandiba","tag-jeito-de-administrar-minas-gerais","tag-leme-do-prado","tag-minas-novas","tag-mudanca-no-jeito-de-administrar-minas-gerais","tag-ouvir-as-pessoas-e-uma-atitude-de-carinho-com-minas-gerais","tag-presidente-kubitschek","tag-sao-goncalo-do-rio-preto","tag-senador-modestino-goncalves","tag-serro","tag-turmalina","tag-vereador-de-itamarandiba","tag-veredinha"],"_links":{"self":[{"href":"https:\/\/aconteceunovale.com.br\/portal\/index.php?rest_route=\/wp\/v2\/posts\/65191","targetHints":{"allow":["GET"]}}],"collection":[{"href":"https:\/\/aconteceunovale.com.br\/portal\/index.php?rest_route=\/wp\/v2\/posts"}],"about":[{"href":"https:\/\/aconteceunovale.com.br\/portal\/index.php?rest_route=\/wp\/v2\/types\/post"}],"author":[{"embeddable":true,"href":"https:\/\/aconteceunovale.com.br\/portal\/index.php?rest_route=\/wp\/v2\/users\/1"}],"replies":[{"embeddable":true,"href":"https:\/\/aconteceunovale.com.br\/portal\/index.php?rest_route=%2Fwp%2Fv2%2Fcomments&post=65191"}],"version-history":[{"count":0,"href":"https:\/\/aconteceunovale.com.br\/portal\/index.php?rest_route=\/wp\/v2\/posts\/65191\/revisions"}],"wp:featuredmedia":[{"embeddable":true,"href":"https:\/\/aconteceunovale.com.br\/portal\/index.php?rest_route=\/wp\/v2\/media\/65128"}],"wp:attachment":[{"href":"https:\/\/aconteceunovale.com.br\/portal\/index.php?rest_route=%2Fwp%2Fv2%2Fmedia&parent=65191"}],"wp:term":[{"taxonomy":"category","embeddable":true,"href":"https:\/\/aconteceunovale.com.br\/portal\/index.php?rest_route=%2Fwp%2Fv2%2Fcategories&post=65191"},{"taxonomy":"post_tag","embeddable":true,"href":"https:\/\/aconteceunovale.com.br\/portal\/index.php?rest_route=%2Fwp%2Fv2%2Ftags&post=65191"}],"curies":[{"name":"wp","href":"https:\/\/api.w.org\/{rel}","templated":true}]}}