{"id":65127,"date":"2015-08-07T18:10:19","date_gmt":"2015-08-07T21:10:19","guid":{"rendered":"http:\/\/aconteceunovale.com.br\/portal\/?p=65127"},"modified":"2015-08-07T18:10:19","modified_gmt":"2015-08-07T21:10:19","slug":"governador-anuncia-reinicio-das-obras-da-rodovia-que-liga-diamantina-a-milho-verde-e-ao-serro","status":"publish","type":"post","link":"https:\/\/aconteceunovale.com.br\/portal\/?p=65127","title":{"rendered":"Governador anuncia rein\u00edcio das obras da rodovia que liga Diamantina a Milho Verde e ao Serro"},"content":{"rendered":"<h4><strong><em>Governador determinou tamb\u00e9m a reforma da sede da Escola de M\u00fasica Arte Mi\u00fada, durante instala\u00e7\u00e3o do F\u00f3rum Regional de Governo em Diamantina.<\/em><\/strong><\/h4>\n<p>O governador Fernando Pimentel anunciou nesta sexta-feira (7\/8) em Diamantina, durante a instala\u00e7\u00e3o F\u00f3rum Regional de Governo &#8211; Territ\u00f3rio Alto Jequitinhonha, a retomada das obras da estrada que liga aquela cidade a Milho Verde e ao Serro. Com 58,2 quil\u00f4metros de extens\u00e3o, a rodovia teve os trabalhos de implanta\u00e7\u00e3o iniciados em outubro de 2013 e paralisados um ano depois.<\/p>\n<p>\u201cEstamos retomando as obras. Eu queria dar essa not\u00edcia aqui. N\u00f3s vamos retomar e dar ordem de servi\u00e7o na estrada Diamantina a Milho Verde e Serro. Vamos voltar aqui para visitar a obra com os prefeitos, com a obra andando, daqui a uns 15 dias ou um m\u00eas\u201d, afirmou Pimentel.<\/p>\n<p>Outra obra anunciada pelo governador foi a reforma da sede da Escola de M\u00fasica Arte Mi\u00fada. Pimentel e o secret\u00e1rio de Transportes e Obras P\u00fablicas (Setop), Murilo Valadares, assinaram o despacho governamental na presen\u00e7a da diretora da Escola, Soraya Alc\u00e2ntara, e de representantes dos movimentos sociais da regi\u00e3o. Al\u00e9m de jovens que podem arcar com estudos musicais, a Arte Mi\u00fada recebe crian\u00e7as de fam\u00edlias de baixa renda, concedendo bolsas. A diretora da escola, Soraya Alc\u00e2ntara, trabalha para resgatar e manter vivas as tradi\u00e7\u00f5es culturais de Diamantina, de festas populares e composi\u00e7\u00f5es de m\u00fasicos da cidade.<\/p>\n<p>Segundo Pimentel, o an\u00fancio s\u00f3 foi poss\u00edvel gra\u00e7as ao pagamento de cerca de R$ 500 milh\u00f5es de faturas atrasadas, deixadas pela gest\u00e3o anterior apenas no setor de obras. \u201cEstamos retomando as obras porque conseguimos pagar, com muito esfor\u00e7o, as d\u00edvidas das faturas que ficaram do ano passado. Cerca de 90% j\u00e1 foram pagos e, com isso, j\u00e1 podemos come\u00e7ar a chamar as empresas e retomar algumas obras. Mas, daqui para a frente, toda a defini\u00e7\u00e3o que vai ser feito ser\u00e1 decidido em conjunto com a popula\u00e7\u00e3o, o que \u00e9 mais importante\u201d, afirmou o governador.<\/p>\n<p>Participaram tamb\u00e9m da cerim\u00f4nia de instala\u00e7\u00e3o do F\u00f3rum Regional de Governo \u2013 Territ\u00f3rio Alto Jequitinhonha, os secret\u00e1rios de Estado Odair Cunha (Governo), Helv\u00e9cio Magalh\u00e3es (Planejamento e Gest\u00e3o), Nilm\u00e1rio Miranda (Direitos Humanos, Participa\u00e7\u00e3o Social e Cidadania), Glenio Martins (Desenvolvimento Agr\u00e1rio), Tadeu Martins Leite (Desenvolvimento Regional, Pol\u00edtica Urbana e Gest\u00e3o Metropolitana), al\u00e9m de deputados federais, estaduais, 21 prefeitos, vereadores, l\u00edderes de movimentos sociais e representantes de autarquias e \u00f3rg\u00e3os de governo.<\/p>\n<p><img decoding=\"async\" src=\"http:\/\/aconteceunovale.com.br\/portal\/wp-content\/uploads\/2015\/08\/instalacao_forum_alto_jequitinhonha_1.jpg\" alt=\"\" \/><em>Instala\u00e7\u00e3o F\u00f3rum Regional do Territ\u00f3rio Alto Jequitinhonha &#8211; Foto: Gil Leonardi\/Imprensa MG<\/em><br \/>\n<\/br><\/p>\n<p><img decoding=\"async\" src=\"http:\/\/aconteceunovale.com.br\/portal\/wp-content\/uploads\/2015\/08\/instalacao_forum_alto_jequitinhonha_2.jpg\" alt=\"\" \/><em>Instala\u00e7\u00e3o F\u00f3rum Regional do Territ\u00f3rio Alto Jequitinhonha &#8211; Foto: Gil Leonardi\/Imprensa MG<\/em><br \/>\n<\/br><\/p>\n<p><img decoding=\"async\" src=\"http:\/\/aconteceunovale.com.br\/portal\/wp-content\/uploads\/2015\/08\/instalacao_forum_alto_jequitinhonha_3.jpg\" alt=\"\" \/><em>Instala\u00e7\u00e3o F\u00f3rum Regional do Territ\u00f3rio Alto Jequitinhonha &#8211; Foto: Gil Leonardi\/Imprensa MG<\/em><br \/>\n<\/br><\/p>\n<p><img decoding=\"async\" src=\"http:\/\/aconteceunovale.com.br\/portal\/wp-content\/uploads\/2015\/08\/instalacao_forum_alto_jequitinhonha_4.jpg\" alt=\"\" \/><em>Instala\u00e7\u00e3o F\u00f3rum Regional do Territ\u00f3rio Alto Jequitinhonha &#8211; Foto: Gil Leonardi\/Imprensa MG<\/em><br \/>\n<\/br><\/p>\n<p><img decoding=\"async\" src=\"http:\/\/aconteceunovale.com.br\/portal\/wp-content\/uploads\/2015\/08\/instalacao_forum_alto_jequitinhonha_5.jpg\" alt=\"\" \/><em>Instala\u00e7\u00e3o F\u00f3rum Regional do Territ\u00f3rio Alto Jequitinhonha &#8211; Foto: Gil Leonardi\/Imprensa MG<\/em><\/p>\n","protected":false},"excerpt":{"rendered":"<p>Governador determinou tamb\u00e9m a reforma da sede da Escola de M\u00fasica Arte Mi\u00fada, durante instala\u00e7\u00e3o do F\u00f3rum Regional de Governo em Diamantina. O governador Fernando Pimentel anunciou nesta sexta-feira (7\/8) em Diamantina, durante a instala\u00e7\u00e3o F\u00f3rum Regional de Governo &#8211; Territ\u00f3rio Alto Jequitinhonha, a retomada das obras da estrada que liga aquela cidade a Milho [&hellip;]<\/p>\n","protected":false},"author":1,"featured_media":65131,"comment_status":"open","ping_status":"closed","sticky":false,"template":"","format":"standard","meta":{"amp_status":"","footnotes":""},"categories":[120],"tags":[198,12826,54506,54505,54507,29798,54501,242,54504,54502,154,54503,54346],"class_list":["post-65127","post","type-post","status-publish","format-standard","has-post-thumbnail","hentry","category-jequi","tag-diamantina","tag-fernando-pimentel","tag-governador-anuncia-reinicio-das-obras-da-rodovia-que-liga-diamantina-a-milho-verde","tag-governador-anuncia-reinicio-das-obras-da-rodovia-que-liga-diamantina-a-milho-verde-e-ao-serro","tag-governador-anuncia-reinicio-das-obras-da-rodovia-que-liga-milho-verde-e-ao-serro","tag-governador-fernando-pimentel","tag-instalacao-forum-regional-de-governo-territorio-alto-jequitinhonha","tag-milho-verde","tag-reforma-da-sede-da-escola-de-musica-arte-miuda","tag-retomada-das-obras-da-estrada-que-liga-aquela-cidade-a-milho-verde-e-ao-serro","tag-serro","tag-servico-na-estrada-diamantina-a-milho-verde-e-serro","tag-territorio-alto-jequitinhonha"],"_links":{"self":[{"href":"https:\/\/aconteceunovale.com.br\/portal\/index.php?rest_route=\/wp\/v2\/posts\/65127","targetHints":{"allow":["GET"]}}],"collection":[{"href":"https:\/\/aconteceunovale.com.br\/portal\/index.php?rest_route=\/wp\/v2\/posts"}],"about":[{"href":"https:\/\/aconteceunovale.com.br\/portal\/index.php?rest_route=\/wp\/v2\/types\/post"}],"author":[{"embeddable":true,"href":"https:\/\/aconteceunovale.com.br\/portal\/index.php?rest_route=\/wp\/v2\/users\/1"}],"replies":[{"embeddable":true,"href":"https:\/\/aconteceunovale.com.br\/portal\/index.php?rest_route=%2Fwp%2Fv2%2Fcomments&post=65127"}],"version-history":[{"count":0,"href":"https:\/\/aconteceunovale.com.br\/portal\/index.php?rest_route=\/wp\/v2\/posts\/65127\/revisions"}],"wp:featuredmedia":[{"embeddable":true,"href":"https:\/\/aconteceunovale.com.br\/portal\/index.php?rest_route=\/wp\/v2\/media\/65131"}],"wp:attachment":[{"href":"https:\/\/aconteceunovale.com.br\/portal\/index.php?rest_route=%2Fwp%2Fv2%2Fmedia&parent=65127"}],"wp:term":[{"taxonomy":"category","embeddable":true,"href":"https:\/\/aconteceunovale.com.br\/portal\/index.php?rest_route=%2Fwp%2Fv2%2Fcategories&post=65127"},{"taxonomy":"post_tag","embeddable":true,"href":"https:\/\/aconteceunovale.com.br\/portal\/index.php?rest_route=%2Fwp%2Fv2%2Ftags&post=65127"}],"curies":[{"name":"wp","href":"https:\/\/api.w.org\/{rel}","templated":true}]}}