{"id":65124,"date":"2015-08-07T13:06:42","date_gmt":"2015-08-07T16:06:42","guid":{"rendered":"http:\/\/aconteceunovale.com.br\/portal\/?p=65124"},"modified":"2015-08-07T13:06:42","modified_gmt":"2015-08-07T16:06:42","slug":"carga-de-alho-roubada-em-goias-e-apreendida-em-caratinga","status":"publish","type":"post","link":"https:\/\/aconteceunovale.com.br\/portal\/?p=65124","title":{"rendered":"Carga de alho roubada em Goi\u00e1s \u00e9 apreendida em Caratinga"},"content":{"rendered":"<p>Uma carga de alho avaliada em R$ 121 mil foi recuperada nessa quinta-feira (6\/8) em Caratinga, na regi\u00e3o do Rio Doce. Segundo a Pol\u00edcia Militar, a carga de 12 toneladas de alho foi roubada no dia 27 de julho em Goi\u00e1s. O material seria levado a Presidente Dutra, no Maranh\u00e3o. A pol\u00edcia foi acionada ap\u00f3s a empresa dona da carga detectar no GPS que o material roubado estava em Caratinga.<\/p>\n<p>A carga foi encontrada em um galp\u00e3o o bairro Esperan\u00e7a. O suspeito que estaria por conta do material foi levado a delegacia para prestar esclarecimentos. Ele pode responder por recepta\u00e7\u00e3o. Outros quatro suspeitos que seriam os compradores da mercadoria na cidade mineira foram identificados.<\/p>\n<p>Segundo a pol\u00edcia, a carga teria sido adquirida de uma empresa em Uberl\u00e2ndia. O caso ser\u00e1 investigado pela Pol\u00edcia Civil.<\/p>\n<p><img decoding=\"async\" src=\"http:\/\/aconteceunovale.com.br\/portal\/wp-content\/uploads\/2015\/08\/alho_roubado.jpg\" alt=\"\" \/><em>Carga de 12 toneladas de alho foi roubada em Goi\u00e1s &#8211; Foto: Divulga\u00e7\u00e3o \/ PMMG<\/em><br \/>\n<\/br><\/p>\n<p><em>(Via Jornal O Tempo)<\/em><\/p>\n","protected":false},"excerpt":{"rendered":"<p>Uma carga de alho avaliada em R$ 121 mil foi recuperada nessa quinta-feira (6\/8) em Caratinga, na regi\u00e3o do Rio Doce. Segundo a Pol\u00edcia Militar, a carga de 12 toneladas de alho foi roubada no dia 27 de julho em Goi\u00e1s. O material seria levado a Presidente Dutra, no Maranh\u00e3o. A pol\u00edcia foi acionada ap\u00f3s [&hellip;]<\/p>\n","protected":false},"author":1,"featured_media":65125,"comment_status":"open","ping_status":"closed","sticky":false,"template":"","format":"standard","meta":{"amp_status":"","footnotes":""},"categories":[121],"tags":[237,54499,54498,54497,54500,13796],"class_list":["post-65124","post","type-post","status-publish","format-standard","has-post-thumbnail","hentry","category-leste","tag-caratinga","tag-carga-de-12-toneladas-de-alho-roubada-em-goias","tag-carga-de-alho-roubada-em-go","tag-carga-de-alho-roubada-em-go-e-apreendida-em-caratinga","tag-carga-de-alho-roubada-em-goias-e-apreendida-em-caratinga","tag-presidente-dutra"],"_links":{"self":[{"href":"https:\/\/aconteceunovale.com.br\/portal\/index.php?rest_route=\/wp\/v2\/posts\/65124","targetHints":{"allow":["GET"]}}],"collection":[{"href":"https:\/\/aconteceunovale.com.br\/portal\/index.php?rest_route=\/wp\/v2\/posts"}],"about":[{"href":"https:\/\/aconteceunovale.com.br\/portal\/index.php?rest_route=\/wp\/v2\/types\/post"}],"author":[{"embeddable":true,"href":"https:\/\/aconteceunovale.com.br\/portal\/index.php?rest_route=\/wp\/v2\/users\/1"}],"replies":[{"embeddable":true,"href":"https:\/\/aconteceunovale.com.br\/portal\/index.php?rest_route=%2Fwp%2Fv2%2Fcomments&post=65124"}],"version-history":[{"count":0,"href":"https:\/\/aconteceunovale.com.br\/portal\/index.php?rest_route=\/wp\/v2\/posts\/65124\/revisions"}],"wp:featuredmedia":[{"embeddable":true,"href":"https:\/\/aconteceunovale.com.br\/portal\/index.php?rest_route=\/wp\/v2\/media\/65125"}],"wp:attachment":[{"href":"https:\/\/aconteceunovale.com.br\/portal\/index.php?rest_route=%2Fwp%2Fv2%2Fmedia&parent=65124"}],"wp:term":[{"taxonomy":"category","embeddable":true,"href":"https:\/\/aconteceunovale.com.br\/portal\/index.php?rest_route=%2Fwp%2Fv2%2Fcategories&post=65124"},{"taxonomy":"post_tag","embeddable":true,"href":"https:\/\/aconteceunovale.com.br\/portal\/index.php?rest_route=%2Fwp%2Fv2%2Ftags&post=65124"}],"curies":[{"name":"wp","href":"https:\/\/api.w.org\/{rel}","templated":true}]}}