{"id":65121,"date":"2015-08-07T12:48:08","date_gmt":"2015-08-07T15:48:08","guid":{"rendered":"http:\/\/aconteceunovale.com.br\/portal\/?p=65121"},"modified":"2015-08-07T12:48:18","modified_gmt":"2015-08-07T15:48:18","slug":"coelho-diniz-e-ajuizado-em-mais-de-r-12-milhoes-por-nao-fornecer-vale-transporte-a-empregados","status":"publish","type":"post","link":"https:\/\/aconteceunovale.com.br\/portal\/?p=65121","title":{"rendered":"Coelho Diniz \u00e9 ajuizado em mais de R$ 12 milh\u00f5es por n\u00e3o fornecer vale-transporte a empregados"},"content":{"rendered":"<p>O Minist\u00e9rio P\u00fablico do Trabalho (MPT) ajuizou a\u00e7\u00e3o civil em face do Supermercado Coelho Diniz pela n\u00e3o concess\u00e3o de vales-transportes aos seus empregados. Al\u00e9m dos pedidos de cumprimento da lei, foram requeridas indeniza\u00e7\u00f5es coletivas que superam os R$ 12 milh\u00f5es. O MPT ainda obteve, na Vara do Trabalho, liminar determinando que os supermercados da rede Coelho Diniz paguem o vale transporte aos seus empregados, abstendo-se, ainda, de pressionar os trabalhadores para que renunciem ao direito.<\/p>\n<p>O valor foi determinado pela Justi\u00e7a a partir de uma a\u00e7\u00e3o civil movida pelo pr\u00f3prio Minist\u00e9rio P\u00fablico do Trabalho, ap\u00f3s den\u00fancia formalizada pelas seguintes institui\u00e7\u00f5es: Sindicato dos Empregados no Com\u00e9rcio de Governador Valadares (SECOM-GV), Sindicato dos Empregados no Com\u00e9rcio de Tim\u00f3teo (SECTEO), Sindicato dos Trabalhadores no Com\u00e9rcio de Manhua\u00e7u (SINTRACOM), Sindicato dos Empregados no Com\u00e9rcio de Te\u00f3filo Otoni (SECTO) e Sindicato dos Empregados no Com\u00e9rcio de Caratinga e Inhapim, e ainda de v\u00e1rios empregados do pr\u00f3prio Coelho Diniz, que procuraram ajuda junto aos sindicatos.<\/p>\n<p>\u201cA empresa foi autuada em R$ 12 milh\u00f5es pelo cometimento da falta do n\u00e3o fornecimento do vale transporte aos seus funcion\u00e1rios. Um direito do trabalhador. Costumamos orientar as empresas que o vale transporte \u00e9 devido, mas, quando h\u00e1 o descumprimento temos que intervir, buscar formas que a empresa fa\u00e7a cumprir seus deveres\u201d, afirmou a vice-presidente do Sindicado do Empregados no Com\u00e9rcio de Te\u00f3filo Otoni, Maria Diva Gomes.<\/p>\n<p>De acordo com o SECTO, a \u2018manobra\u2019 movida pelo Coelho Diniz tamb\u00e9m atingiu os funcion\u00e1rios de Te\u00f3filo Otoni. De posse da den\u00fancia, o Minist\u00e9rio P\u00fablico orientou a apura\u00e7\u00e3o da infra\u00e7\u00e3o, tamb\u00e9m registrada em outras cidades do Vale do Rio Doce e Vale do A\u00e7o.<\/p>\n<p>\u201cA den\u00fancia partiu de Governador Valadares, e o Minist\u00e9rio P\u00fablico nos pediu para verificarmos a situa\u00e7\u00e3o junto aos trabalhadores de Te\u00f3filo Otoni. O pedido foi estendido a todas as cidades onde existem estabelecimentos comerciais da rede Coelho Diniz. Foi pedido para que todos os sindicatos verificassem a veracidade do fato. Como foi apurado, pudemos constatar que o vale transporte n\u00e3o \u00e9 concedido pelo Coelho Diniz aos seus funcion\u00e1rios na cidade. O Minist\u00e9rio P\u00fablico nos pediu uma resposta, que foi dada, prova disso foi autua\u00e7\u00e3o do supermercado. At\u00e9 o momento n\u00e3o h\u00e1 parecer da empresa e ainda n\u00e3o fomos procurados pelos seus representantes. Estamos atentos \u00e0 situa\u00e7\u00e3o, com o setor jur\u00eddico do sindicato, que est\u00e1 acompanhando o caso para que o direito dos trabalhadores sejam mantidos e situa\u00e7\u00f5es como esta n\u00e3o voltem a ocorrer\u201d, afirmou Diva Gomes.<\/p>\n<p>A vice-presidente do SECTO salientou ainda que as den\u00fancias recebidas no sindicato s\u00e3o apuradas. Na sequ\u00eancia, os dirigentes e departamento jur\u00eddico do sindicato buscam resolver o impasse. Quando n\u00e3o h\u00e1 consenso com a empresa, \u00e9 necess\u00e1rio buscar outros meios, como o Minist\u00e9rio do Trabalho e o Minist\u00e9rio P\u00fablico, afirmou Diva Gomes.<\/p>\n<p>\u201cAs empresas t\u00eam que cumprir com seu dever, que \u00e9 o de promover o direito do trabalhador. \u00c9 preciso que os trabalhadores procurem seu representante legal, neste caso espec\u00edfico, o Sindicato dos Empregados no Com\u00e9rcio. Os trabalhadores podem nos procurar, pois entraremos em contato com a empresa tentando resolver. Tamb\u00e9m \u00e9 poss\u00edvel fazer a den\u00fancia an\u00f4nima. Nela n\u00e3o identificamos o denunciante, at\u00e9 mesmo para ele n\u00e3o sofrer repres\u00e1lias. Se houver casos similares (ao do Coelho Diniz), podem denunciar, pois \u00e9 atrav\u00e9s dessa queixa que n\u00f3s saberemos se a empresa n\u00e3o est\u00e1 fornecendo vale transporte ou qualquer outro direito. Hoje em dia sabemos que existem empresas que sequer assinam a carteira de trabalho do funcion\u00e1rio. Para tomarmos as provid\u00eancias, \u00e9 necess\u00e1rio que haja a den\u00fancia\u201d, finalizou a sindicalista.<\/p>\n<p>Como pautado pela \u00e9tica jornal\u00edstica, diretores ou\/e representantes da rede de Supermercados Coelho Diniz foram procurados, no entanto, n\u00e3o foram encontrados para falar sobre o assunto \u00e0 reportagem. O peri\u00f3dico deixa o espa\u00e7o aberto para notas\/esclarecimentos da empresa sobre o assunto desta mat\u00e9ria.<\/p>\n<p><img decoding=\"async\" src=\"http:\/\/aconteceunovale.com.br\/portal\/wp-content\/uploads\/2015\/08\/coelho_diniz.jpg\" alt=\"\" \/><em>O Minist\u00e9rio P\u00fablico do Trabalho ajuizou a\u00e7\u00e3o civil contra a rede de Supermercados pela n\u00e3o concess\u00e3o de vale-transporte aos funcion\u00e1rios &#8211; Foto: Em Amo Ipatinga<\/em><br \/>\n<\/br><\/p>\n<p><em>(Fonte: Di\u00e1rio de Te\u00f3filo Otoni)<\/em><\/p>\n","protected":false},"excerpt":{"rendered":"<p>O Minist\u00e9rio P\u00fablico do Trabalho (MPT) ajuizou a\u00e7\u00e3o civil em face do Supermercado Coelho Diniz pela n\u00e3o concess\u00e3o de vales-transportes aos seus empregados. Al\u00e9m dos pedidos de cumprimento da lei, foram requeridas indeniza\u00e7\u00f5es coletivas que superam os R$ 12 milh\u00f5es. O MPT ainda obteve, na Vara do Trabalho, liminar determinando que os supermercados da rede [&hellip;]<\/p>\n","protected":false},"author":1,"featured_media":65122,"comment_status":"open","ping_status":"closed","sticky":false,"template":"","format":"standard","meta":{"amp_status":"","footnotes":""},"categories":[121],"tags":[54487,54488,247,209,54490,54493,54496,54489,54495,54492,54494,54491,54486,164,1105],"class_list":["post-65121","post","type-post","status-publish","format-standard","has-post-thumbnail","hentry","category-leste","tag-acao-contra-supermercado-coelho-diniz","tag-coelho-diniz-e-ajuizado-em-mais-de-r-12-milhoes-por-nao-fornecer-vale-transporte-a-empregados","tag-governador-valadares","tag-manhuacu","tag-secom-gv","tag-secteo","tag-secto","tag-sindicato-dos-empregados-no-comercio-de-governador-valadares","tag-sindicato-dos-empregados-no-comercio-de-teofilo-otoni","tag-sindicato-dos-empregados-no-comercio-de-timoteo","tag-sindicato-dos-trabalhadores-no-comercio-de-manhuacu","tag-sintracom","tag-supermercado-coelho-diniz","tag-teofilo-otoni","tag-timoteo"],"_links":{"self":[{"href":"https:\/\/aconteceunovale.com.br\/portal\/index.php?rest_route=\/wp\/v2\/posts\/65121","targetHints":{"allow":["GET"]}}],"collection":[{"href":"https:\/\/aconteceunovale.com.br\/portal\/index.php?rest_route=\/wp\/v2\/posts"}],"about":[{"href":"https:\/\/aconteceunovale.com.br\/portal\/index.php?rest_route=\/wp\/v2\/types\/post"}],"author":[{"embeddable":true,"href":"https:\/\/aconteceunovale.com.br\/portal\/index.php?rest_route=\/wp\/v2\/users\/1"}],"replies":[{"embeddable":true,"href":"https:\/\/aconteceunovale.com.br\/portal\/index.php?rest_route=%2Fwp%2Fv2%2Fcomments&post=65121"}],"version-history":[{"count":0,"href":"https:\/\/aconteceunovale.com.br\/portal\/index.php?rest_route=\/wp\/v2\/posts\/65121\/revisions"}],"wp:featuredmedia":[{"embeddable":true,"href":"https:\/\/aconteceunovale.com.br\/portal\/index.php?rest_route=\/wp\/v2\/media\/65122"}],"wp:attachment":[{"href":"https:\/\/aconteceunovale.com.br\/portal\/index.php?rest_route=%2Fwp%2Fv2%2Fmedia&parent=65121"}],"wp:term":[{"taxonomy":"category","embeddable":true,"href":"https:\/\/aconteceunovale.com.br\/portal\/index.php?rest_route=%2Fwp%2Fv2%2Fcategories&post=65121"},{"taxonomy":"post_tag","embeddable":true,"href":"https:\/\/aconteceunovale.com.br\/portal\/index.php?rest_route=%2Fwp%2Fv2%2Ftags&post=65121"}],"curies":[{"name":"wp","href":"https:\/\/api.w.org\/{rel}","templated":true}]}}