{"id":65108,"date":"2015-08-07T11:27:07","date_gmt":"2015-08-07T14:27:07","guid":{"rendered":"http:\/\/aconteceunovale.com.br\/portal\/?p=65108"},"modified":"2015-08-07T11:27:07","modified_gmt":"2015-08-07T14:27:07","slug":"empresas-ganham-mais-prazo-para-apresentar-estudos-pela-concessao-do-aeroporto-da-usiminas","status":"publish","type":"post","link":"https:\/\/aconteceunovale.com.br\/portal\/?p=65108","title":{"rendered":"Empresas ganham mais prazo para apresentar estudos pela concess\u00e3o do Aeroporto da Usiminas"},"content":{"rendered":"<h4><strong><em>Interessados em cuidar da manuten\u00e7\u00e3o e opera\u00e7\u00e3o da unidade em Santana do Para\u00edso devem apresentar estudos consolidados para o projeto de desenvolvimento.<\/em><\/strong><\/h4>\n<p>A\u00a0Secretaria de Estado de Transportes e Obras P\u00fablicas (Setop)\u00a0acaba de prorrogar, at\u00e9 o dia 9 de setembro (quarta-feira), \u00e0s 17h, o prazo para o Procedimento de Manifesta\u00e7\u00e3o de Interesse (PMI) de empresas com inten\u00e7\u00e3o de assumir, por concess\u00e3o, a realiza\u00e7\u00e3o de melhorias, administra\u00e7\u00e3o, opera\u00e7\u00e3o, explora\u00e7\u00e3o e manuten\u00e7\u00e3o do Aeroporto da Usiminas (SBIP) do Estado de Minas Gerais, em Santana do Para\u00edso, no Vale do A\u00e7o.<\/p>\n<p>A extens\u00e3o do prazo atende a requisitos t\u00e9cnicos dos interessados, que apontaram a necessidade de maior tempo para a consolida\u00e7\u00e3o dos estudos, levantamentos, dados t\u00e9cnicos e demais insumos para a estrutura\u00e7\u00e3o do projeto de desenvolvimento para a unidade.\u00a0<strong><a href=\"http:\/\/www.setop.mg.gov.br\/component\/gmg\/page\/2195-pmi-02-2015-aeroporto-usiminas\" target=\"_blank\">Os arquivos do PMI 02\/2015 e seus anexos podem ser consultados neste link<\/a><\/strong>.<\/p>\n<p><strong>Concess\u00e3o<\/strong><\/p>\n<p>O aeroporto Santana do Para\u00edso est\u00e1 em opera\u00e7\u00e3o, com voos regulares. Com o PMI e a concess\u00e3o, a Setop pretende propiciar o desenvolvimento e aumentar a capacidade operacional, por meio da realiza\u00e7\u00e3o de melhorias complementares, da moderniza\u00e7\u00e3o da opera\u00e7\u00e3o e explora\u00e7\u00e3o. Desse modo, espera-se aumentar a oferta de voos e adequar a unidade \u00e0 crescente demanda de passageiros e de transporte de cargas.<\/p>\n<p><strong>Aeroporto<\/strong><\/p>\n<p>Classificado como p\u00fablico e, atualmente, sob administra\u00e7\u00e3o da Usiminas, o SBIP opera com quatro voos di\u00e1rios da avia\u00e7\u00e3o regional, com destino a Belo Horizonte. De 2009 a 2014, o total de passageiros ultrapassou a marca de 1 milh\u00e3o, com mais de 43.900 voos realizados no mesmo per\u00edodo.<\/p>\n<p>A unidade atende a cidade de Ipatinga e toda a Regi\u00e3o Metropolitana do Vale do A\u00e7o, no leste de Minas Gerais. Por atender a uma \u00e1rea de grande relev\u00e2ncia econ\u00f4mica para o estado e para o pa\u00eds, o terminal a\u00e9reo tem elevada import\u00e2ncia para o setor industrial.<\/p>\n<p>A unidade conta com pista de 2004 metros por 45 metros, Terminal de Passageiros e Servi\u00e7os (TPS) com aproximadamente 600 metros quadrados, balizamento noturno, farol rotativo, torre de controle de voo, c\u00f3digo de pista 4, para a avia\u00e7\u00e3o de grande porte, entre outros atributos t\u00e9cnicos.<\/p>\n<p>Em 2011, o local passou por sua \u00faltima reforma, com a pista asfaltada adaptada para a metragem atual.<\/p>\n<p><img decoding=\"async\" src=\"http:\/\/aconteceunovale.com.br\/portal\/wp-content\/uploads\/2015\/08\/empresas-ganham-mais-prazo-para-apresentar-estudos-pela-concessao-do-aeroporto-da-usiminas.jpg\" alt=\"\" \/><em>Com a concess\u00e3o, Setop pretende propiciar o desenvolvimento e aumentar a capacidade operacional do aeroporto &#8211; Foto: Divulga\u00e7\u00e3o \/ Setop \/ Ag\u00eancia Minas<\/em><\/p>\n","protected":false},"excerpt":{"rendered":"<p>Interessados em cuidar da manuten\u00e7\u00e3o e opera\u00e7\u00e3o da unidade em Santana do Para\u00edso devem apresentar estudos consolidados para o projeto de desenvolvimento. A\u00a0Secretaria de Estado de Transportes e Obras P\u00fablicas (Setop)\u00a0acaba de prorrogar, at\u00e9 o dia 9 de setembro (quarta-feira), \u00e0s 17h, o prazo para o Procedimento de Manifesta\u00e7\u00e3o de Interesse (PMI) de empresas com [&hellip;]<\/p>\n","protected":false},"author":1,"featured_media":65109,"comment_status":"open","ping_status":"closed","sticky":false,"template":"","format":"standard","meta":{"amp_status":"","footnotes":""},"categories":[121],"tags":[47966,54475,54474],"class_list":["post-65108","post","type-post","status-publish","format-standard","has-post-thumbnail","hentry","category-leste","tag-aeroporto-da-usiminas","tag-concessao-do-aeroporto-da-usiminas","tag-empresas-ganham-mais-prazo-para-apresentar-estudos-pela-concessao-do-aeroporto-da-usiminas"],"_links":{"self":[{"href":"https:\/\/aconteceunovale.com.br\/portal\/index.php?rest_route=\/wp\/v2\/posts\/65108","targetHints":{"allow":["GET"]}}],"collection":[{"href":"https:\/\/aconteceunovale.com.br\/portal\/index.php?rest_route=\/wp\/v2\/posts"}],"about":[{"href":"https:\/\/aconteceunovale.com.br\/portal\/index.php?rest_route=\/wp\/v2\/types\/post"}],"author":[{"embeddable":true,"href":"https:\/\/aconteceunovale.com.br\/portal\/index.php?rest_route=\/wp\/v2\/users\/1"}],"replies":[{"embeddable":true,"href":"https:\/\/aconteceunovale.com.br\/portal\/index.php?rest_route=%2Fwp%2Fv2%2Fcomments&post=65108"}],"version-history":[{"count":0,"href":"https:\/\/aconteceunovale.com.br\/portal\/index.php?rest_route=\/wp\/v2\/posts\/65108\/revisions"}],"wp:featuredmedia":[{"embeddable":true,"href":"https:\/\/aconteceunovale.com.br\/portal\/index.php?rest_route=\/wp\/v2\/media\/65109"}],"wp:attachment":[{"href":"https:\/\/aconteceunovale.com.br\/portal\/index.php?rest_route=%2Fwp%2Fv2%2Fmedia&parent=65108"}],"wp:term":[{"taxonomy":"category","embeddable":true,"href":"https:\/\/aconteceunovale.com.br\/portal\/index.php?rest_route=%2Fwp%2Fv2%2Fcategories&post=65108"},{"taxonomy":"post_tag","embeddable":true,"href":"https:\/\/aconteceunovale.com.br\/portal\/index.php?rest_route=%2Fwp%2Fv2%2Ftags&post=65108"}],"curies":[{"name":"wp","href":"https:\/\/api.w.org\/{rel}","templated":true}]}}