{"id":64779,"date":"2015-08-03T08:56:59","date_gmt":"2015-08-03T11:56:59","guid":{"rendered":"http:\/\/aconteceunovale.com.br\/portal\/?p=64779"},"modified":"2015-08-03T08:56:59","modified_gmt":"2015-08-03T11:56:59","slug":"cara-de-pau-e-oleo-de-peroba","status":"publish","type":"post","link":"https:\/\/aconteceunovale.com.br\/portal\/?p=64779","title":{"rendered":"CARA DE PAU E \u00d3LEO DE PEROBA"},"content":{"rendered":"<p>O potencial do nosso pa\u00eds \u00e9 fant\u00e1stico em v\u00e1rios aspectos: temos quase 8,5 milh\u00f5es de quil\u00f4metros quadrados de territ\u00f3rio sem qualquer tipo de limita\u00e7\u00e3o de solo ou de clima; uma popula\u00e7\u00e3o bastante numerosa com mais de 203 milh\u00f5es de habitantes;  12% de toda a \u00e1gua doce superficial do planeta, sem contar dois dos maiores aqu\u00edferos subterr\u00e2neos do mundo nas regi\u00f5es Sul, Sudeste e Norte; condi\u00e7\u00f5es clim\u00e1ticas que permitem o cultivo na agropecu\u00e1ria e na silvicultura durante todo o ano, v\u00e1rios climas e biomas, com florestas e matas  desde o tropical at\u00e9 climas extremamente frios permitindo a explora\u00e7\u00e3o para o ecoturismo e o turismo rural tanto para os brasileiros quanto para os estrangeiros, recursos naturais minerais invej\u00e1veis. Mas, apesar de todos estes pontos favor\u00e1veis, continuamos a ser vistos no exterior como a rep\u00fablica das bananas. O pa\u00eds com a maior taxa de juros do mundo, com um dos maiores graus de corrup\u00e7\u00e3o, maiores cargas de impostos, maior numero de assassinatos, superior, at\u00e9 mesmo, para pa\u00edses em guerra. O nosso problema? Gest\u00e3o. Problemas de gest\u00e3o n\u00e3o apenas no \u00e2mbito do Governo Federal, mas tamb\u00e9m nos estados e munic\u00edpios. Mandat\u00e1rios do Executivo das diversas esferas do poder que quando possuem recursos, decidem o que fazer com ele, realizando consultas p\u00fablicas ou os or\u00e7amentos participativos apenas para \u201cado\u00e7ar\u201d o ego do cidad\u00e3o e o mesmo se sentir importante no processo, mas que na pr\u00e1tica, assim como acontece com as promessas nas campanhas pol\u00edticas, caem no esquecimento de todos. Mas quando a corda aperta e gastam mais do que deveriam gerando d\u00e9ficits monstruosos na gest\u00e3o p\u00fablica, obriga a popula\u00e7\u00e3o a dar a sua parcela de sacrif\u00edcio ao pa\u00eds aumentando os valores e taxas dos servi\u00e7os p\u00fablicos como a luz e a \u00e1gua, cortando os investimentos em sa\u00fade, educa\u00e7\u00e3o, seguran\u00e7a e outros servi\u00e7os essenciais b\u00e1sicos que s\u00e3o dever da Uni\u00e3o, dos Estados e dos Munic\u00edpios. <\/p>\n<p>Ser\u00e1 que o cidad\u00e3o lembra em qual Deputado Federal, Estadual ou Vereador votou nas ultimas elei\u00e7\u00f5es? Se os nomes caem no esquecimento imaginem as promessas. E, ap\u00f3s eleitos decidem por conta pr\u00f3pria os rumos do Brasil sem interesse das criticas ou sugest\u00f5es que vem das bases, ou seja, do povo. Votam e aprovam projetos n\u00e3o por convic\u00e7\u00e3o mas por cargos, apoios e mais poder.  Com a proximidade das elei\u00e7\u00f5es, aproxima-se novamente do povo realizando obras de maquiagem e bancando shows gratuitos de musica sertaneja e ax\u00e9. Com isto todos ficam felizes e esquecem temporariamente os seus problemas, pelo menos at\u00e9 o dia da vota\u00e7\u00e3o. Fazem o seu marketing pessoal explorando o carisma de pegar uma crian\u00e7a pobre e suja no colo e beija-la; abra\u00e7ar o idoso ou o doente que est\u00e1 na favela. Outros nem disto precisam pois s\u00e3o artistas, cantores e apresentadores que est\u00e3o continuamente na m\u00eddia e que testam a sua popularidade nas urnas, frequentemente obtendo \u00eaxito. O que tornou o Tiririca o Deputado Federal mais votado do Brasil pela segunda vez? O seu trabalho na C\u00e2mara dos Deputados ou a sua propaganda pol\u00edtica que era um verdadeiro programa de humor?<\/p>\n<p>Temos que fazer uma melhor reflex\u00e3o sobre o nosso papel de eleitor e cidad\u00e3o. No pr\u00f3ximo artigo vamos conversar um pouco mais sobre as pol\u00edticas p\u00fablicas para os diversos setores produtivos e o bem estar da sociedade.<\/p>\n<h4><strong>Quem \u00e9 Alexandre Sylvio Vieira da Costa?<\/strong><\/h4>\n<p><center><img decoding=\"async\" src=\"http:\/\/aconteceunovale.com.br\/portal\/wp-content\/uploads\/2014\/06\/alexandre_coluna_agro.jpg\" alt=\"\" \/><\/center><\/p>\n<p>&#8211; Nascido na cidade de Niter\u00f3i, RJ;<br \/>\n&#8211; Engenheiro Agr\u00f4nomo Formado pela Universidade Federal Rural do Rio de Janeiro;<br \/>\n&#8211; Mestre em Produ\u00e7\u00e3o Vegetal pela Embrapa-Agrobiologia\/Universidade Federal Rural do<br \/>\nRio de Janeiro;<br \/>\n&#8211; Doutor em Produ\u00e7\u00e3o Vegetal pela Universidade Federal de Vi\u00e7osa;<br \/>\n&#8211; P\u00f3s doutorado em Geoci\u00eancias pela Universidade Federal de Minas Gerais;<br \/>\n&#8211; Foi Coordenador Adjunto da C\u00e2mara Especializada de Agronomia e Coordenador da<br \/>\nComiss\u00e3o T\u00e9cnica de Meio Ambiente do CREA\/Minas;<br \/>\n&#8211; Foi Presidente da C\u00e2mara T\u00e9cnica de eventos Cr\u00edticos do Comit\u00ea da Bacia<br \/>\nHidrogr\u00e1fica do Rio Doce;<br \/>\n&#8211; Atualmente, professor Adjunto dos cursos de Engenharia da Universidade Federal dos<br \/>\nVales do Jequitinhonha e Mucuri, Campus Te\u00f3filo Otoni;<\/p>\n<p>&#8211; Blog: <a href=\"http:\/\/asylvio.blogspot.com.br\" target=\"_blank\">asylvio.blogspot.com.br<\/a><br \/>\n&#8211; E-mail: alexandre.costa@ufvjm.edu.br<\/p>\n","protected":false},"excerpt":{"rendered":"<p>O potencial do nosso pa\u00eds \u00e9 fant\u00e1stico em v\u00e1rios aspectos: temos quase 8,5 milh\u00f5es de quil\u00f4metros quadrados de territ\u00f3rio sem qualquer tipo de limita\u00e7\u00e3o de solo ou de clima; uma popula\u00e7\u00e3o bastante numerosa com mais de 203 milh\u00f5es de habitantes; 12% de toda a \u00e1gua doce superficial do planeta, sem contar dois dos maiores aqu\u00edferos [&hellip;]<\/p>\n","protected":false},"author":1,"featured_media":32009,"comment_status":"open","ping_status":"closed","sticky":false,"template":"","format":"standard","meta":{"amp_status":"","footnotes":""},"categories":[4927],"tags":[9443,54011],"class_list":["post-64779","post","type-post","status-publish","format-standard","has-post-thumbnail","hentry","category-colunistas","tag-alexandre-sylvio-vieira-da-costa","tag-cara-de-pau-e-oleo-de-peroba"],"_links":{"self":[{"href":"https:\/\/aconteceunovale.com.br\/portal\/index.php?rest_route=\/wp\/v2\/posts\/64779","targetHints":{"allow":["GET"]}}],"collection":[{"href":"https:\/\/aconteceunovale.com.br\/portal\/index.php?rest_route=\/wp\/v2\/posts"}],"about":[{"href":"https:\/\/aconteceunovale.com.br\/portal\/index.php?rest_route=\/wp\/v2\/types\/post"}],"author":[{"embeddable":true,"href":"https:\/\/aconteceunovale.com.br\/portal\/index.php?rest_route=\/wp\/v2\/users\/1"}],"replies":[{"embeddable":true,"href":"https:\/\/aconteceunovale.com.br\/portal\/index.php?rest_route=%2Fwp%2Fv2%2Fcomments&post=64779"}],"version-history":[{"count":0,"href":"https:\/\/aconteceunovale.com.br\/portal\/index.php?rest_route=\/wp\/v2\/posts\/64779\/revisions"}],"wp:featuredmedia":[{"embeddable":true,"href":"https:\/\/aconteceunovale.com.br\/portal\/index.php?rest_route=\/wp\/v2\/media\/32009"}],"wp:attachment":[{"href":"https:\/\/aconteceunovale.com.br\/portal\/index.php?rest_route=%2Fwp%2Fv2%2Fmedia&parent=64779"}],"wp:term":[{"taxonomy":"category","embeddable":true,"href":"https:\/\/aconteceunovale.com.br\/portal\/index.php?rest_route=%2Fwp%2Fv2%2Fcategories&post=64779"},{"taxonomy":"post_tag","embeddable":true,"href":"https:\/\/aconteceunovale.com.br\/portal\/index.php?rest_route=%2Fwp%2Fv2%2Ftags&post=64779"}],"curies":[{"name":"wp","href":"https:\/\/api.w.org\/{rel}","templated":true}]}}