{"id":64777,"date":"2015-08-03T08:53:37","date_gmt":"2015-08-03T11:53:37","guid":{"rendered":"http:\/\/aconteceunovale.com.br\/portal\/?p=64777"},"modified":"2015-08-03T08:53:37","modified_gmt":"2015-08-03T11:53:37","slug":"plantao-do-samu-no-norte-de-minas-gerais-31-de-julho-a-02-de-agosto-de-2015","status":"publish","type":"post","link":"https:\/\/aconteceunovale.com.br\/portal\/?p=64777","title":{"rendered":"Plant\u00e3o do Samu no Norte de Minas Gerais, 31 de julho a 02 de agosto de 2015"},"content":{"rendered":"<h4><strong><em>Final de semana, 31 de julho a 02 de agosto de 2015.<\/em><\/strong><\/h4>\n<p>As unidades do SAMU realizaram em Montes Claros, no final de semana, 170 atendimentos, sendo 113 casos cl\u00ednicos; 53 ocorr\u00eancias de acidente de tr\u00e2nsito; tr\u00eas v\u00edtimas feridas por arma de fogo e uma v\u00edtima de agress\u00e3o f\u00edsica.<\/p>\n<p>No domingo, 02\/08, foram 16 atendimentos a v\u00edtimas de acidente envolvendo motocicleta; um homem de 29 anos que sofreu agress\u00e3o f\u00edsica no bairro Eldorado e apresentava ferimentos na abeca; e dois homens, de 22 e 29 anos, feridos por arma de fogo, no bairro Santa L\u00facia.<\/p>\n<p>No s\u00e1bado, 01\/08, foram 14 atendimentos a v\u00edtimas de acidente envolvendo motocicleta; e um homem de 19 anos ferido por arma de fogo, na Vila Campos.<\/p>\n<p>Na sexta-feira, 31\/07, foram 13 atendimentos a v\u00edtimas de acidente envolvendo motocicleta; tr\u00eas pessoas, de 29,16 e 06 anos, feridas em um capotamento de ve\u00edculo (P\u00e1lio), ocorrido na comunidade rural de Mocambo Firme; um homem de 55 anos ferido em uma colis\u00e3o entre carreta e caminh\u00e3o, na BR-251, km 442, e seis pessoas feridas em um acidente ocorrido na BR-135, pr\u00f3ximo \u00e0 comunidade de Lagoinha, envolvendo dois ve\u00edculos (Ranger e Logan).<\/p>\n<p>Em todas as ocorr\u00eancias os feridos receberam os primeiros atendimentos no local e foram encaminhados ao hospital para avalia\u00e7\u00e3o. (Jer\u00fasia Arruda)<\/p>\n","protected":false},"excerpt":{"rendered":"<p>Final de semana, 31 de julho a 02 de agosto de 2015. As unidades do SAMU realizaram em Montes Claros, no final de semana, 170 atendimentos, sendo 113 casos cl\u00ednicos; 53 ocorr\u00eancias de acidente de tr\u00e2nsito; tr\u00eas v\u00edtimas feridas por arma de fogo e uma v\u00edtima de agress\u00e3o f\u00edsica. No domingo, 02\/08, foram 16 atendimentos [&hellip;]<\/p>\n","protected":false},"author":1,"featured_media":58741,"comment_status":"open","ping_status":"closed","sticky":false,"template":"","format":"standard","meta":{"amp_status":"","footnotes":""},"categories":[1236],"tags":[54009,206036,210,24659,24089,18898,18108,54010,18629,21139,4040],"class_list":["post-64777","post","type-post","status-publish","format-standard","has-post-thumbnail","hentry","category-norte_de_minas","tag-31-de-julho-a-02-de-agosto-de-2015","tag-jerusia-arruda","tag-montes-claros","tag-plantao-do-samu-de-montes-claros","tag-plantao-do-samu-do-norte-de-minas","tag-plantao-do-samu-macro-norte","tag-plantao-do-samu-no-norte-de-minas-gerais","tag-plantao-do-samu-no-norte-de-minas-gerais-31-de-julho-a-02-de-agosto-de-2015","tag-samu-de-montes-claros","tag-samu-do-norte-de-minas","tag-samu-macro-norte"],"_links":{"self":[{"href":"https:\/\/aconteceunovale.com.br\/portal\/index.php?rest_route=\/wp\/v2\/posts\/64777","targetHints":{"allow":["GET"]}}],"collection":[{"href":"https:\/\/aconteceunovale.com.br\/portal\/index.php?rest_route=\/wp\/v2\/posts"}],"about":[{"href":"https:\/\/aconteceunovale.com.br\/portal\/index.php?rest_route=\/wp\/v2\/types\/post"}],"author":[{"embeddable":true,"href":"https:\/\/aconteceunovale.com.br\/portal\/index.php?rest_route=\/wp\/v2\/users\/1"}],"replies":[{"embeddable":true,"href":"https:\/\/aconteceunovale.com.br\/portal\/index.php?rest_route=%2Fwp%2Fv2%2Fcomments&post=64777"}],"version-history":[{"count":0,"href":"https:\/\/aconteceunovale.com.br\/portal\/index.php?rest_route=\/wp\/v2\/posts\/64777\/revisions"}],"wp:featuredmedia":[{"embeddable":true,"href":"https:\/\/aconteceunovale.com.br\/portal\/index.php?rest_route=\/wp\/v2\/media\/58741"}],"wp:attachment":[{"href":"https:\/\/aconteceunovale.com.br\/portal\/index.php?rest_route=%2Fwp%2Fv2%2Fmedia&parent=64777"}],"wp:term":[{"taxonomy":"category","embeddable":true,"href":"https:\/\/aconteceunovale.com.br\/portal\/index.php?rest_route=%2Fwp%2Fv2%2Fcategories&post=64777"},{"taxonomy":"post_tag","embeddable":true,"href":"https:\/\/aconteceunovale.com.br\/portal\/index.php?rest_route=%2Fwp%2Fv2%2Ftags&post=64777"}],"curies":[{"name":"wp","href":"https:\/\/api.w.org\/{rel}","templated":true}]}}