{"id":64720,"date":"2015-08-02T13:01:59","date_gmt":"2015-08-02T16:01:59","guid":{"rendered":"http:\/\/aconteceunovale.com.br\/portal\/?p=64720"},"modified":"2015-08-02T13:01:59","modified_gmt":"2015-08-02T16:01:59","slug":"ipanema-comemora-novo-recorde-de-maior-queijo-do-mundo","status":"publish","type":"post","link":"https:\/\/aconteceunovale.com.br\/portal\/?p=64720","title":{"rendered":"Ipanema comemora novo recorde de maior queijo do mundo"},"content":{"rendered":"<p>Ipanema, no Leste de Minas Gerais, bateu seus pr\u00f3prios recordes e mant\u00e9m o t\u00edtulo mundial com o maior queijo minas padr\u00e3o e o maior doce de leite. O resultado foi auditado pelo Rank Brasil na tarde de s\u00e1bado, 1\u00ba de agosto, durante a 6\u00aa Festa do Queijo. O doce de leite pesou 517 quilos (dez a mais do que em 2014) e o queijo somou 1.810 quilos (40 quilos a mais).<\/p>\n<p>A festa tradicional de Ipanema comemora a import\u00e2ncia da cadeia produtiva do leite para a economia do munic\u00edpio. Durante os \u00faltimos dias, o universo da pecu\u00e1ria leiteira foi destaque. Uma mini fazenda foi montada na Pra\u00e7a da Paz. Shows e feira gastron\u00f4mica tamb\u00e9m compuseram a comemora\u00e7\u00e3o.<\/p>\n<p>No s\u00e1bado, o auge da festa foi a pesagem oficial do queijo e do doce de leite gigantes. O fiscal do RankBrasil, Luciano Cadari aferiu os pesos e medidas e realizou a entrega dos trof\u00e9us.<\/p>\n<p>Ap\u00f3s a confirma\u00e7\u00e3o dos novos recordes, houve desfile pelas ruas da cidade e finalmente o corte e a distribui\u00e7\u00e3o de queijo e doce de leite para a popula\u00e7\u00e3o. O p\u00fablico superou todas as expectativas.<\/p>\n<p>O momento do corte do queijo teve a presen\u00e7a do Prefeito de Ipanema J\u00falio Fontoura acompanhado do Secret\u00e1rio de Estado de Defesa Social Bernardo Santana e do Vice-presidente da Capil (Cooperativa Agropecu\u00e1ria de Ipanema), Rui Gon\u00e7alves Rodrigues, e do s\u00f3cio e gerente da f\u00e1brica de doces Nh\u00e1 Nair, Marl\u00facio Ven\u00e2ncio Rodrigues.<\/p>\n<p>V\u00e1rios prefeitos, lideran\u00e7as regionais, vereadores e convidados prestigiaram a cerim\u00f4nia. O deputado federal Renzo Braz e o presidente do Tribunal Regional Eleitoral, Desembargador Paulo Cezar Dias, tamb\u00e9m participou da comemora\u00e7\u00e3o, acompanhado de outros membros da corte do TRE. O governado Fernando Pimentel (PT) havia confirmado presen\u00e7a, mas em virtude de problemas de sa\u00fade n\u00e3o pode comparecer ao evento.<\/p>\n<p><strong>RECORDES<\/strong><\/p>\n<p>Dezessete mil e quinhentos litros de leite foram utilizados para a produ\u00e7\u00e3o do maior queijo minas do mundo neste ano de 2015, al\u00e9m de outros ingredientes, como cloreto de c\u00e1lcio, coalho, fermento l\u00e1cteo e 150 kg de sal. Segundo o tecn\u00f3logo em latic\u00ednios da Capil, Ricardo Santana Paes, a fabrica\u00e7\u00e3o do queijo passou por todos os procedimentos tecnol\u00f3gicos e de higiene adequados.  <\/p>\n<p>\u201cA produ\u00e7\u00e3o foi feita em uma queijo mate automatizada, de onde seguiu para a forma. Devido ao tamanho e dificuldade de movimenta\u00e7\u00e3o do queijo, \u00e9 enformado dentro da c\u00e2mara fria onde permaneceu entre as temperaturas de cinco \u00e0 dez graus at\u00e9 o momento do desfile\u201d, explicou.<\/p>\n<p>Para a quantidade de 517 quilos de doce de leite foram usados 1.300 litros de leite e 350 kg de a\u00e7\u00facar. O gerente da f\u00e1brica de doces Nh\u00e1 Nair, Marl\u00facio Ven\u00e2ncio Rodrigues, conta que foi um momento de tens\u00e3o esperar pelo resultado: \u201cEstamos no ramo h\u00e1 14 anos e fomos aperfei\u00e7oando a receita do doce, que \u00e9 tradicional e vem desde as origens da fam\u00edlia. O que aumenta \u00e9 a propor\u00e7\u00e3o de leite e o trabalho para a fabrica\u00e7\u00e3o.  Ficamos esperando a pesagem e felizmente conseguimos superar a marca do ano passado\u201d, afirma.<\/p>\n<p><strong>TURISMO<\/strong><\/p>\n<p>O propulsor da economia local \u00e9 a pecu\u00e1ria leiteira. A Cooperativa Agropecu\u00e1ria de Ipanema (Capil) \u00e9 a mais importante captadora e recebe diariamente 110 mil litros de leite. Ela \u00e9 a respons\u00e1vel pela produ\u00e7\u00e3o do queijo e a f\u00e1brica Nh\u00e1 Nair pelo doce de leite.<\/p>\n<p>Desde que foi criado, o evento em Ipanema tem atra\u00eddo turistas e, consequentemente, o interesse pelos produtos feitos na cidade.  Com cerca de 20 mil habitantes, o munic\u00edpio tem como propulsor da economia a pecu\u00e1ria leiteira, com 1,5 mil produtores. A Capil recebe sozinha 100 mil litros de leite diariamente, sendo que, h\u00e1 dias em que o volume chega a 180 mil litros.<\/p>\n<p><strong>FOTOS<\/strong><\/p>\n<p><img decoding=\"async\" src=\"http:\/\/aconteceunovale.com.br\/portal\/wp-content\/uploads\/2015\/08\/queijo_e_doce_gigante_ipanema_1.jpg\" alt=\"\" \/><\/p>\n<p><img decoding=\"async\" src=\"http:\/\/aconteceunovale.com.br\/portal\/wp-content\/uploads\/2015\/08\/queijo_e_doce_gigante_ipanema_2.jpg\" alt=\"\" \/><\/p>\n<p><img decoding=\"async\" src=\"http:\/\/aconteceunovale.com.br\/portal\/wp-content\/uploads\/2015\/08\/queijo_e_doce_gigante_ipanema_3.jpg\" alt=\"\" \/><\/p>\n<p><img decoding=\"async\" src=\"http:\/\/aconteceunovale.com.br\/portal\/wp-content\/uploads\/2015\/08\/queijo_e_doce_gigante_ipanema_4.jpg\" alt=\"\" \/><\/p>\n<p><img decoding=\"async\" src=\"http:\/\/aconteceunovale.com.br\/portal\/wp-content\/uploads\/2015\/08\/queijo_e_doce_gigante_ipanema_5.jpg\" alt=\"\" \/><\/p>\n<p><img decoding=\"async\" src=\"http:\/\/aconteceunovale.com.br\/portal\/wp-content\/uploads\/2015\/08\/queijo_e_doce_gigante_ipanema_6.jpg\" alt=\"\" \/><\/p>\n<p><img decoding=\"async\" src=\"http:\/\/aconteceunovale.com.br\/portal\/wp-content\/uploads\/2015\/08\/queijo_e_doce_gigante_ipanema_7.jpg\" alt=\"\" \/><\/p>\n<p><img decoding=\"async\" src=\"http:\/\/aconteceunovale.com.br\/portal\/wp-content\/uploads\/2015\/08\/queijo_e_doce_gigante_ipanema_8.jpg\" alt=\"\" \/><\/p>\n<p><img decoding=\"async\" src=\"http:\/\/aconteceunovale.com.br\/portal\/wp-content\/uploads\/2015\/08\/queijo_e_doce_gigante_ipanema_9.jpg\" alt=\"\" \/><\/p>\n<p><img decoding=\"async\" src=\"http:\/\/aconteceunovale.com.br\/portal\/wp-content\/uploads\/2015\/08\/queijo_e_doce_gigante_ipanema_10.jpg\" alt=\"\" \/><\/p>\n<p><img decoding=\"async\" src=\"http:\/\/aconteceunovale.com.br\/portal\/wp-content\/uploads\/2015\/08\/queijo_e_doce_gigante_ipanema_11.jpg\" alt=\"\" \/><\/p>\n<p><img decoding=\"async\" src=\"http:\/\/aconteceunovale.com.br\/portal\/wp-content\/uploads\/2015\/08\/queijo_e_doce_gigante_ipanema_12.jpg\" alt=\"\" \/><\/p>\n<p><img decoding=\"async\" src=\"http:\/\/aconteceunovale.com.br\/portal\/wp-content\/uploads\/2015\/08\/queijo_e_doce_gigante_ipanema_13.jpg\" alt=\"\" \/><\/p>\n<p><img decoding=\"async\" src=\"http:\/\/aconteceunovale.com.br\/portal\/wp-content\/uploads\/2015\/08\/queijo_e_doce_gigante_ipanema_14.jpg\" alt=\"\" \/><\/p>\n<p><img decoding=\"async\" src=\"http:\/\/aconteceunovale.com.br\/portal\/wp-content\/uploads\/2015\/08\/queijo_e_doce_gigante_ipanema_15.jpg\" alt=\"\" \/><\/p>\n<p><strong><em>(Fotos: Portal Capara\u00f3 \/ Fonte: Portal Capara\u00f3)<\/em><\/strong><\/p>\n","protected":false},"excerpt":{"rendered":"<p>Ipanema, no Leste de Minas Gerais, bateu seus pr\u00f3prios recordes e mant\u00e9m o t\u00edtulo mundial com o maior queijo minas padr\u00e3o e o maior doce de leite. O resultado foi auditado pelo Rank Brasil na tarde de s\u00e1bado, 1\u00ba de agosto, durante a 6\u00aa Festa do Queijo. O doce de leite pesou 517 quilos (dez [&hellip;]<\/p>\n","protected":false},"author":1,"featured_media":64722,"comment_status":"open","ping_status":"closed","sticky":false,"template":"","format":"standard","meta":{"amp_status":"","footnotes":""},"categories":[121],"tags":[1018,53481,51352,1732,53927,53480,10214,51353,53928,12707,53926,53925,53924,53923],"class_list":["post-64720","post","type-post","status-publish","format-standard","has-post-thumbnail","hentry","category-leste","tag-destaque","tag-doce-de-leite-gigante-de-ipanema","tag-festa-do-queijo-de-ipanema","tag-ipanema","tag-ipanema-comemora-novo-recorde-de-maior-queijo-do-mundo","tag-maior-doce-de-leite-do-mundo","tag-maior-queijo-do-mundo","tag-maior-queijo-minas-do-mundo","tag-novo-recorde-de-maior-queijo-do-mundo","tag-queijo-gigante-de-ipanema","tag-recorde-de-ipanema-do-maior-doce-de-leite-do-mundo","tag-recorde-de-ipanema-do-maior-queijo-do-mundo","tag-recorde-do-maior-doce-de-leite-do-mundo","tag-recorde-do-maior-queijo-do-mundo"],"_links":{"self":[{"href":"https:\/\/aconteceunovale.com.br\/portal\/index.php?rest_route=\/wp\/v2\/posts\/64720","targetHints":{"allow":["GET"]}}],"collection":[{"href":"https:\/\/aconteceunovale.com.br\/portal\/index.php?rest_route=\/wp\/v2\/posts"}],"about":[{"href":"https:\/\/aconteceunovale.com.br\/portal\/index.php?rest_route=\/wp\/v2\/types\/post"}],"author":[{"embeddable":true,"href":"https:\/\/aconteceunovale.com.br\/portal\/index.php?rest_route=\/wp\/v2\/users\/1"}],"replies":[{"embeddable":true,"href":"https:\/\/aconteceunovale.com.br\/portal\/index.php?rest_route=%2Fwp%2Fv2%2Fcomments&post=64720"}],"version-history":[{"count":0,"href":"https:\/\/aconteceunovale.com.br\/portal\/index.php?rest_route=\/wp\/v2\/posts\/64720\/revisions"}],"wp:featuredmedia":[{"embeddable":true,"href":"https:\/\/aconteceunovale.com.br\/portal\/index.php?rest_route=\/wp\/v2\/media\/64722"}],"wp:attachment":[{"href":"https:\/\/aconteceunovale.com.br\/portal\/index.php?rest_route=%2Fwp%2Fv2%2Fmedia&parent=64720"}],"wp:term":[{"taxonomy":"category","embeddable":true,"href":"https:\/\/aconteceunovale.com.br\/portal\/index.php?rest_route=%2Fwp%2Fv2%2Fcategories&post=64720"},{"taxonomy":"post_tag","embeddable":true,"href":"https:\/\/aconteceunovale.com.br\/portal\/index.php?rest_route=%2Fwp%2Fv2%2Ftags&post=64720"}],"curies":[{"name":"wp","href":"https:\/\/api.w.org\/{rel}","templated":true}]}}