{"id":64711,"date":"2015-08-01T22:10:39","date_gmt":"2015-08-02T01:10:39","guid":{"rendered":"http:\/\/aconteceunovale.com.br\/portal\/?p=64711"},"modified":"2015-08-01T22:10:39","modified_gmt":"2015-08-02T01:10:39","slug":"mulher-e-encontrada-morta-em-montes-claros","status":"publish","type":"post","link":"https:\/\/aconteceunovale.com.br\/portal\/?p=64711","title":{"rendered":"Mulher \u00e9 encontrada morta em Montes Claros"},"content":{"rendered":"<p>Uma mulher foi encontrada morta na manh\u00e3 deste s\u00e1bado, 1\u00ba de agosto, em uma casa no bairro Independ\u00eancia, em Montes Claros, na regi\u00e3o Norte de Minas Gerais.<\/p>\n<p>O corpo foi encontrado por um amigo do dono do im\u00f3vel que foi ao local para alimentar um cachorro. Segundo ele, um pedreiro tomava conta do local que estava em obras, mas nesta manha n\u00e3o encontrou ningu\u00e9m na casa, e ao entrar encontrou o corpo de uma mulher que ainda n\u00e3o foi identificada.<\/p>\n<p>O pedreiro que ficava na constru\u00e7\u00e3o ainda n\u00e3o foi localizado. O advogado do dono do im\u00f3vel disse que ele n\u00e3o est\u00e1 na cidade.<\/p>\n<p>A per\u00edcia foi acionada e comprovou que a mulher foi morta com v\u00e1rios golpes de um objeto perfurante na cabe\u00e7a.<\/p>\n<p><img decoding=\"async\" src=\"http:\/\/aconteceunovale.com.br\/portal\/wp-content\/uploads\/2015\/08\/homicidio_moc.jpg\" alt=\"\" \/><em>Corpo foi encontrado no bairro Independ\u00eancia &#8211; Foto: Ju Peixoto \/ Via Eventos Moc<\/em><br \/>\n<\/br><\/p>\n<p><em>(Fonte: Inter TV Grande Minas \/ G1)<\/em><\/p>\n","protected":false},"excerpt":{"rendered":"<p>Uma mulher foi encontrada morta na manh\u00e3 deste s\u00e1bado, 1\u00ba de agosto, em uma casa no bairro Independ\u00eancia, em Montes Claros, na regi\u00e3o Norte de Minas Gerais. O corpo foi encontrado por um amigo do dono do im\u00f3vel que foi ao local para alimentar um cachorro. Segundo ele, um pedreiro tomava conta do local que [&hellip;]<\/p>\n","protected":false},"author":1,"featured_media":64712,"comment_status":"open","ping_status":"closed","sticky":false,"template":"","format":"standard","meta":{"amp_status":"","footnotes":""},"categories":[1236],"tags":[53914,53918,25220,210,53917,53916,53919,53913,53915],"class_list":["post-64711","post","type-post","status-publish","format-standard","has-post-thumbnail","hentry","category-norte_de_minas","tag-assassinada-em-montes-claros","tag-assassinato-em-montes-claros","tag-homicidio-em-montes-claros","tag-montes-claros","tag-morta-em-montes-claros","tag-morte-em-montes-claros","tag-mulher-e-encontrada-morta-em-montes-claros","tag-mulher-e-encontrada-morta-no-bairro-independencia-em-montes-claros","tag-mulher-morta-em-montes-claros"],"_links":{"self":[{"href":"https:\/\/aconteceunovale.com.br\/portal\/index.php?rest_route=\/wp\/v2\/posts\/64711","targetHints":{"allow":["GET"]}}],"collection":[{"href":"https:\/\/aconteceunovale.com.br\/portal\/index.php?rest_route=\/wp\/v2\/posts"}],"about":[{"href":"https:\/\/aconteceunovale.com.br\/portal\/index.php?rest_route=\/wp\/v2\/types\/post"}],"author":[{"embeddable":true,"href":"https:\/\/aconteceunovale.com.br\/portal\/index.php?rest_route=\/wp\/v2\/users\/1"}],"replies":[{"embeddable":true,"href":"https:\/\/aconteceunovale.com.br\/portal\/index.php?rest_route=%2Fwp%2Fv2%2Fcomments&post=64711"}],"version-history":[{"count":0,"href":"https:\/\/aconteceunovale.com.br\/portal\/index.php?rest_route=\/wp\/v2\/posts\/64711\/revisions"}],"wp:featuredmedia":[{"embeddable":true,"href":"https:\/\/aconteceunovale.com.br\/portal\/index.php?rest_route=\/wp\/v2\/media\/64712"}],"wp:attachment":[{"href":"https:\/\/aconteceunovale.com.br\/portal\/index.php?rest_route=%2Fwp%2Fv2%2Fmedia&parent=64711"}],"wp:term":[{"taxonomy":"category","embeddable":true,"href":"https:\/\/aconteceunovale.com.br\/portal\/index.php?rest_route=%2Fwp%2Fv2%2Fcategories&post=64711"},{"taxonomy":"post_tag","embeddable":true,"href":"https:\/\/aconteceunovale.com.br\/portal\/index.php?rest_route=%2Fwp%2Fv2%2Ftags&post=64711"}],"curies":[{"name":"wp","href":"https:\/\/api.w.org\/{rel}","templated":true}]}}