{"id":64709,"date":"2015-08-01T22:00:11","date_gmt":"2015-08-02T01:00:11","guid":{"rendered":"http:\/\/aconteceunovale.com.br\/portal\/?p=64709"},"modified":"2015-08-01T22:00:11","modified_gmt":"2015-08-02T01:00:11","slug":"adolescente-tenta-fugir-de-blitz-e-atropela-policial-militar-em-montes-claros","status":"publish","type":"post","link":"https:\/\/aconteceunovale.com.br\/portal\/?p=64709","title":{"rendered":"Adolescente tenta fugir de blitz e atropela policial militar em Montes Claros"},"content":{"rendered":"<p>No final da manh\u00e3 deste s\u00e1bado, 1\u00ba de agosto, um policial militar foi atropelado por um adolescente de 15 anos em Montes Claros, no Norte de Minas. De acordo com a Pol\u00edcia Militar (PM), o acidente aconteceu durante uma abordagem na Rua dos Cravos, no Bairro Residencial Vit\u00f3ria.<\/p>\n<p>Ainda de acordo com a PM, o menor se recusou a parar a motocicleta que conduzia e jogou o ve\u00edculo em cima de um dos militares que o abordaram na tentativa de fugir do local. Em seguida, ele se desequilibrou e caiu da moto.<\/p>\n<p>A PM informou que o menor e o policial militar foram socorridos pelo Samu e levados para a Santa Casa de Montes Claros. O estado de sa\u00fade dos dois \u00e9 est\u00e1vel. (G1)<\/p>\n","protected":false},"excerpt":{"rendered":"<p>No final da manh\u00e3 deste s\u00e1bado, 1\u00ba de agosto, um policial militar foi atropelado por um adolescente de 15 anos em Montes Claros, no Norte de Minas. De acordo com a Pol\u00edcia Militar (PM), o acidente aconteceu durante uma abordagem na Rua dos Cravos, no Bairro Residencial Vit\u00f3ria. Ainda de acordo com a PM, o [&hellip;]<\/p>\n","protected":false},"author":1,"featured_media":19256,"comment_status":"open","ping_status":"closed","sticky":false,"template":"","format":"standard","meta":{"amp_status":"","footnotes":""},"categories":[1236],"tags":[53910,53912,210,53911],"class_list":["post-64709","post","type-post","status-publish","format-standard","has-post-thumbnail","hentry","category-norte_de_minas","tag-adolescente-tenta-fugir-de-blitz-e-atropela-policial-militar-em-montes-claros","tag-atropelamento-de-pm-em-montes-claros","tag-montes-claros","tag-pm-atropelado-em-montes-claros"],"_links":{"self":[{"href":"https:\/\/aconteceunovale.com.br\/portal\/index.php?rest_route=\/wp\/v2\/posts\/64709","targetHints":{"allow":["GET"]}}],"collection":[{"href":"https:\/\/aconteceunovale.com.br\/portal\/index.php?rest_route=\/wp\/v2\/posts"}],"about":[{"href":"https:\/\/aconteceunovale.com.br\/portal\/index.php?rest_route=\/wp\/v2\/types\/post"}],"author":[{"embeddable":true,"href":"https:\/\/aconteceunovale.com.br\/portal\/index.php?rest_route=\/wp\/v2\/users\/1"}],"replies":[{"embeddable":true,"href":"https:\/\/aconteceunovale.com.br\/portal\/index.php?rest_route=%2Fwp%2Fv2%2Fcomments&post=64709"}],"version-history":[{"count":0,"href":"https:\/\/aconteceunovale.com.br\/portal\/index.php?rest_route=\/wp\/v2\/posts\/64709\/revisions"}],"wp:featuredmedia":[{"embeddable":true,"href":"https:\/\/aconteceunovale.com.br\/portal\/index.php?rest_route=\/wp\/v2\/media\/19256"}],"wp:attachment":[{"href":"https:\/\/aconteceunovale.com.br\/portal\/index.php?rest_route=%2Fwp%2Fv2%2Fmedia&parent=64709"}],"wp:term":[{"taxonomy":"category","embeddable":true,"href":"https:\/\/aconteceunovale.com.br\/portal\/index.php?rest_route=%2Fwp%2Fv2%2Fcategories&post=64709"},{"taxonomy":"post_tag","embeddable":true,"href":"https:\/\/aconteceunovale.com.br\/portal\/index.php?rest_route=%2Fwp%2Fv2%2Ftags&post=64709"}],"curies":[{"name":"wp","href":"https:\/\/api.w.org\/{rel}","templated":true}]}}