{"id":64702,"date":"2015-08-01T19:01:52","date_gmt":"2015-08-01T22:01:52","guid":{"rendered":"http:\/\/aconteceunovale.com.br\/portal\/?p=64702"},"modified":"2015-08-01T19:03:36","modified_gmt":"2015-08-01T22:03:36","slug":"brasil-deve-perder-1-milhao-de-postos-de-trabalho-em-2015","status":"publish","type":"post","link":"https:\/\/aconteceunovale.com.br\/portal\/?p=64702","title":{"rendered":"Brasil deve perder 1 milh\u00e3o de postos de trabalho em 2015"},"content":{"rendered":"<p>Com 345 mil postos formais de trabalho extintos nos seis primeiros meses do ano, a economia brasileira deve acelerar a diminui\u00e7\u00e3o de empregos no segundo semestre. Segundo estudo do Conselho Federal de Economia (Cofecon) divulgado nesta semana, o pa\u00eds deve encerrar o ano com 1 milh\u00e3o de vagas com carteira assinada a menos.<\/p>\n<p>Com base no estudo, a entidade recomenda a\u00e7\u00f5es de longo prazo para reativar o mercado de trabalho. Para a entidade, os sucessivos reajustes da taxa Selic, juros b\u00e1sicos da economia, est\u00e3o provocando impacto direto sobre a gera\u00e7\u00e3o de empregos nos \u00faltimos anos. Nos \u00faltimos 12 meses, o efeito intensificou-se, resultando na extin\u00e7\u00e3o de postos de trabalho.<\/p>\n<p>De acordo com o levantamento, o in\u00edcio do ciclo de eleva\u00e7\u00e3o dos juros b\u00e1sicos, em abril de 2013, coincidiu com a redu\u00e7\u00e3o da gera\u00e7\u00e3o de empregos, conforme as estat\u00edsticas do Cadastro Geral de Empregados e Desempregados (Caged), divulgadas pelo Minist\u00e9rio do Trabalho. Naquela \u00e9poca, a Selic estava em 7,25% ao ano, no menor n\u00edvel da hist\u00f3ria, e passou a ser reajustada com alguns intervalos de estabilidade, desde ent\u00e3o.<\/p>\n<p>A partir do segundo semestre do ano passado, quando o pa\u00eds passou a fechar mais postos de trabalho do que criou, a situa\u00e7\u00e3o agravou-se. Na \u00e9poca, o Comit\u00ea de Pol\u00edtica Monet\u00e1ria do Banco Central (Copom) segurou a taxa b\u00e1sica, deixando para aumentar a Selic somente ap\u00f3s o segundo turno das elei\u00e7\u00f5es presidenciais. De l\u00e1 para c\u00e1, foram sete aumentos consecutivos, que elevaram a Selic para 14,25% ao ano, no maior n\u00edvel desde outubro de 2006.<\/p>\n<p>No segundo semestre do ano passado, o pa\u00eds fechou 176 mil postos de trabalho com carteira assinada. Nos seis primeiros meses deste ano, o fechamento aumentou para 345 mil vagas. Para o Cofecon, a maior extin\u00e7\u00e3o de emprego indica que o reajuste da taxa Selic foi maior que o ideal, passando a sufocar a economia.<\/p>\n<p>\u201cOs ajustes de curto prazo da pol\u00edtica econ\u00f4mica t\u00eam tido reflexo direto nas condi\u00e7\u00f5es de vida de grande parte da popula\u00e7\u00e3o, concomitante \u00e0 aus\u00eancia de um projeto que contemple pol\u00edticas capazes de pavimentar uma trajet\u00f3ria sustentada de crescimento\u201d, destacou o Cofecon em nota.<\/p>\n<p>Para a entidade, a redu\u00e7\u00e3o da taxa Selic representa apenas uma parte do processo para revigorar o mercado de trabalho. Entre as outras medidas defendidas pelo Conselho Federal de Economia est\u00e3o investimentos em infraestrutura, com destaque para a retomada do programa de concess\u00f5es; simplifica\u00e7\u00e3o tribut\u00e1ria; redu\u00e7\u00e3o da burocracia; condi\u00e7\u00f5es favor\u00e1veis de cr\u00e9dito a setores que sejam grandes geradores de emprego; al\u00e9m de incentivos \u00e0 ci\u00eancia, tecnologia e inova\u00e7\u00e3o.<\/p>\n<p>O Cofecon tamb\u00e9m defende o aumento da competi\u00e7\u00e3o entre os bancos, com a ado\u00e7\u00e3o de medidas que reduzam o spread banc\u00e1rio \u2013 diferen\u00e7a entre as taxas pelas quais as institui\u00e7\u00f5es captam recursos e as taxas com que emprestam ao consumidor. O indicador \u00e9 considerado a principal fonte de lucro dos bancos. \u201c\u00c9 recomend\u00e1vel a ado\u00e7\u00e3o de medidas que reduzam o spread banc\u00e1rio e estimulem a concorr\u00eancia no setor, na medida em que causa esp\u00e9cie o aumento dos lucros dos bancos em meio \u00e0 gravidade da atual crise\u201d, destaca o comunicado da entidade. (Ag\u00eancia Brasil)<\/p>\n","protected":false},"excerpt":{"rendered":"<p>Com 345 mil postos formais de trabalho extintos nos seis primeiros meses do ano, a economia brasileira deve acelerar a diminui\u00e7\u00e3o de empregos no segundo semestre. Segundo estudo do Conselho Federal de Economia (Cofecon) divulgado nesta semana, o pa\u00eds deve encerrar o ano com 1 milh\u00e3o de vagas com carteira assinada a menos. Com base [&hellip;]<\/p>\n","protected":false},"author":1,"featured_media":35146,"comment_status":"open","ping_status":"closed","sticky":false,"template":"","format":"standard","meta":{"amp_status":"","footnotes":""},"categories":[6,40236],"tags":[53904,19007,53905,19010,53907,19006,53906,53909,41671,53908],"class_list":["post-64702","post","type-post","status-publish","format-standard","has-post-thumbnail","hentry","category-br","category-empregos-2","tag-brasil-deve-perder-1-milhao-de-postos-de-trabalho-em-2015","tag-caged","tag-conselho-federal-de-economia","tag-desemprego","tag-desemprego-no-brasil","tag-emprego","tag-extincao-de-empregos-no-brasil","tag-indice-de-desemprego-no-brasil","tag-mercado-de-trabalho","tag-perda-de-postos-de-trabalho-no-brasil"],"_links":{"self":[{"href":"https:\/\/aconteceunovale.com.br\/portal\/index.php?rest_route=\/wp\/v2\/posts\/64702","targetHints":{"allow":["GET"]}}],"collection":[{"href":"https:\/\/aconteceunovale.com.br\/portal\/index.php?rest_route=\/wp\/v2\/posts"}],"about":[{"href":"https:\/\/aconteceunovale.com.br\/portal\/index.php?rest_route=\/wp\/v2\/types\/post"}],"author":[{"embeddable":true,"href":"https:\/\/aconteceunovale.com.br\/portal\/index.php?rest_route=\/wp\/v2\/users\/1"}],"replies":[{"embeddable":true,"href":"https:\/\/aconteceunovale.com.br\/portal\/index.php?rest_route=%2Fwp%2Fv2%2Fcomments&post=64702"}],"version-history":[{"count":0,"href":"https:\/\/aconteceunovale.com.br\/portal\/index.php?rest_route=\/wp\/v2\/posts\/64702\/revisions"}],"wp:featuredmedia":[{"embeddable":true,"href":"https:\/\/aconteceunovale.com.br\/portal\/index.php?rest_route=\/wp\/v2\/media\/35146"}],"wp:attachment":[{"href":"https:\/\/aconteceunovale.com.br\/portal\/index.php?rest_route=%2Fwp%2Fv2%2Fmedia&parent=64702"}],"wp:term":[{"taxonomy":"category","embeddable":true,"href":"https:\/\/aconteceunovale.com.br\/portal\/index.php?rest_route=%2Fwp%2Fv2%2Fcategories&post=64702"},{"taxonomy":"post_tag","embeddable":true,"href":"https:\/\/aconteceunovale.com.br\/portal\/index.php?rest_route=%2Fwp%2Fv2%2Ftags&post=64702"}],"curies":[{"name":"wp","href":"https:\/\/api.w.org\/{rel}","templated":true}]}}