{"id":64645,"date":"2015-07-31T22:24:13","date_gmt":"2015-08-01T01:24:13","guid":{"rendered":"http:\/\/aconteceunovale.com.br\/portal\/?p=64645"},"modified":"2015-07-31T22:24:13","modified_gmt":"2015-08-01T01:24:13","slug":"carro-particular-na-faixa-de-onibus-vira-infracao-gravissima-com-multa-de-r-574","status":"publish","type":"post","link":"https:\/\/aconteceunovale.com.br\/portal\/?p=64645","title":{"rendered":"Carro particular na faixa de \u00f4nibus vira infra\u00e7\u00e3o grav\u00edssima, com multa de R$ 574"},"content":{"rendered":"<p>A partir de hoje (31), carro particular em corredor de transporte coletivo vira infra\u00e7\u00e3o grav\u00edssima. O motorista pode ter o ve\u00edculo removido, al\u00e9m de acumular 7 pontos na carteira de habilita\u00e7\u00e3o e pagar multa de R$ 574. Antes, a multa era de R$ 85, a infra\u00e7\u00e3o era considerada leve e resultava em 4 pontos na carteira. As altera\u00e7\u00f5es no C\u00f3digo de Tr\u00e2nsito Brasileiro foram publicadas hoje, no Di\u00e1rio Oficial da Uni\u00e3o.<\/p>\n<p>Al\u00e9m disso, condutores que exercem atividade remunerada, habilitados nas categorias C, D ou E, ser\u00e3o convocados pelo \u00f3rg\u00e3o executivo de tr\u00e2nsito estadual para participar de cursos preventivos<\/p>\n<p>de reciclagem sempre que, no per\u00edodo de um ano, atingirem 14 pontos na carteira. Conclu\u00eddo o curso, os motoristas ter\u00e3o os pontos zerados. A pessoa jur\u00eddica concession\u00e1ria ou permission\u00e1ria de servi\u00e7o p\u00fablico tem o direito de ser informada dos pontos dos motoristas que integrem seu quadro funcional, exercendo atividade remunerada ao volante.<\/p>\n<p>Outra mudan\u00e7a na lei diz que motoristas que exercem atividade remunerada ser\u00e3o multados se fizerem a cobran\u00e7a da tarifa com o ve\u00edculo em movimento. A infra\u00e7\u00e3o \u00e9 considerada m\u00e9dia. (Ag\u00eancia Brasil)<\/p>\n","protected":false},"excerpt":{"rendered":"<p>A partir de hoje (31), carro particular em corredor de transporte coletivo vira infra\u00e7\u00e3o grav\u00edssima. O motorista pode ter o ve\u00edculo removido, al\u00e9m de acumular 7 pontos na carteira de habilita\u00e7\u00e3o e pagar multa de R$ 574. Antes, a multa era de R$ 85, a infra\u00e7\u00e3o era considerada leve e resultava em 4 pontos na [&hellip;]<\/p>\n","protected":false},"author":1,"featured_media":64646,"comment_status":"open","ping_status":"closed","sticky":false,"template":"","format":"standard","meta":{"amp_status":"","footnotes":""},"categories":[6],"tags":[53813,53811,53814,53816,53818,23554,53812,53815,53817],"class_list":["post-64645","post","type-post","status-publish","format-standard","has-post-thumbnail","hentry","category-br","tag-carro-particular-na-faixa-de-onibus-vira-infracao-gravissima","tag-carro-particular-na-faixa-de-onibus-vira-infracao-gravissima-com-multa-de-r-574","tag-codigo-de-transito","tag-controle","tag-infracao","tag-mudancas","tag-multa-para-carro-particular-em-corredor-de-onibus","tag-multas","tag-pontos"],"_links":{"self":[{"href":"https:\/\/aconteceunovale.com.br\/portal\/index.php?rest_route=\/wp\/v2\/posts\/64645","targetHints":{"allow":["GET"]}}],"collection":[{"href":"https:\/\/aconteceunovale.com.br\/portal\/index.php?rest_route=\/wp\/v2\/posts"}],"about":[{"href":"https:\/\/aconteceunovale.com.br\/portal\/index.php?rest_route=\/wp\/v2\/types\/post"}],"author":[{"embeddable":true,"href":"https:\/\/aconteceunovale.com.br\/portal\/index.php?rest_route=\/wp\/v2\/users\/1"}],"replies":[{"embeddable":true,"href":"https:\/\/aconteceunovale.com.br\/portal\/index.php?rest_route=%2Fwp%2Fv2%2Fcomments&post=64645"}],"version-history":[{"count":0,"href":"https:\/\/aconteceunovale.com.br\/portal\/index.php?rest_route=\/wp\/v2\/posts\/64645\/revisions"}],"wp:featuredmedia":[{"embeddable":true,"href":"https:\/\/aconteceunovale.com.br\/portal\/index.php?rest_route=\/wp\/v2\/media\/64646"}],"wp:attachment":[{"href":"https:\/\/aconteceunovale.com.br\/portal\/index.php?rest_route=%2Fwp%2Fv2%2Fmedia&parent=64645"}],"wp:term":[{"taxonomy":"category","embeddable":true,"href":"https:\/\/aconteceunovale.com.br\/portal\/index.php?rest_route=%2Fwp%2Fv2%2Fcategories&post=64645"},{"taxonomy":"post_tag","embeddable":true,"href":"https:\/\/aconteceunovale.com.br\/portal\/index.php?rest_route=%2Fwp%2Fv2%2Ftags&post=64645"}],"curies":[{"name":"wp","href":"https:\/\/api.w.org\/{rel}","templated":true}]}}