{"id":64642,"date":"2015-07-31T22:19:18","date_gmt":"2015-08-01T01:19:18","guid":{"rendered":"http:\/\/aconteceunovale.com.br\/portal\/?p=64642"},"modified":"2015-07-31T22:19:18","modified_gmt":"2015-08-01T01:19:18","slug":"oito-em-cada-dez-brasileiros-tem-medo-de-ser-assassinados-diz-pesquisa","status":"publish","type":"post","link":"https:\/\/aconteceunovale.com.br\/portal\/?p=64642","title":{"rendered":"Oito em cada dez brasileiros t\u00eam medo de ser assassinados, diz pesquisa"},"content":{"rendered":"<p>Os moradores das cidades brasileiras t\u00eam medo de morrer assassinados. \u00c9 o que constata pesquisa divulgada hoje (31) pelo F\u00f3rum Brasileiro de Seguran\u00e7a P\u00fablica, mostrando que essa possibilidade preocupa 81% da popula\u00e7\u00e3o com mais de 16 anos.<\/p>\n<p>A informa\u00e7\u00e3o consta de levantamento encomendado pelo f\u00f3rum ao Instituto Datafolha, que ouviu 1.307 pessoas em 84 munic\u00edpios com mais de 100 mil habitantes na \u00faltima ter\u00e7a-feira. (28). A margem de erro \u00e9 de 3 pontos percentuais para mais ou para menos.<\/p>\n<p>\u201cSessenta e tr\u00eas por cento das pessoas t\u00eam muito medo [de morrer assassinadas] e 49%, com medo, acham que podem ser v\u00edtimas j\u00e1 no pr\u00f3ximo ano\u201d, disse o vice-presidente do f\u00f3rum, Renato S\u00e9rgio de Lima, que apresentou os dados. \u201cOu seja, temos uma popula\u00e7\u00e3o atemorizada\u201d, destacou.<\/p>\n<p>Em 2012, o n\u00famero de pessoas com medo de morrer assassinadas era menor. Naquele ano, levantamento do Datafolha feito em cidades com 15 mil habitantes mostrava que 65% tinham medo. Em 2015, o medo \u00e9 maior entre mulheres, pessoas de cor preta e do Nordeste.<\/p>\n<p>O levantamento tamb\u00e9m mostra que 62% da popula\u00e7\u00e3o tem medo da Pol\u00edcia Militar, especialmente pessoas entre 16 e 24 anos, que recebem at\u00e9 dois sal\u00e1rios m\u00ednimos (68%) e s\u00e3o pretas (71%). No caso da Pol\u00edcia Civil, o medo foi manifestado por 53% dos entrevistados, a maioria mulheres. \u201cEssa \u00e9 uma informa\u00e7\u00e3o [sobre as policias] que requer reflex\u00e3o, destacou Renato de Lima.<\/p>\n<p>Outro dado revelador foi a constata\u00e7\u00e3o de que mais da metade dos brasileiros \u2013 52% \u2013 t\u00eam um conhecido ou parente que foi v\u00edtima de homic\u00eddio e de que 20% deles j\u00e1 foram v\u00edtimas de amea\u00e7a de homic\u00eddio. \u201cIsso diz que a popula\u00e7\u00e3o n\u00e3o est\u00e1 com medo \u00e0 toa, a viol\u00eancia faz parte do cotidiano\u201d, afirmou.<\/p>\n<p>Para enfrentar o problema, que coloca o Brasil na lista dos pa\u00edses que concentram homic\u00eddios no mundo e est\u00e1 no s\u00e9timo lugar em n\u00famero de assassinatos na Am\u00e9rica Latina, segundo as Na\u00e7\u00f5es Unidas, a popula\u00e7\u00e3o quer a\u00e7\u00f5es integradas de governos que n\u00e3o passem por abordagens agressivas com suspeitos, conforme apontam tamb\u00e9m os dados do Datafolha. (Ag\u00eancia Brasil)<\/p>\n","protected":false},"excerpt":{"rendered":"<p>Os moradores das cidades brasileiras t\u00eam medo de morrer assassinados. \u00c9 o que constata pesquisa divulgada hoje (31) pelo F\u00f3rum Brasileiro de Seguran\u00e7a P\u00fablica, mostrando que essa possibilidade preocupa 81% da popula\u00e7\u00e3o com mais de 16 anos. A informa\u00e7\u00e3o consta de levantamento encomendado pelo f\u00f3rum ao Instituto Datafolha, que ouviu 1.307 pessoas em 84 munic\u00edpios [&hellip;]<\/p>\n","protected":false},"author":1,"featured_media":64643,"comment_status":"open","ping_status":"closed","sticky":false,"template":"","format":"standard","meta":{"amp_status":"","footnotes":""},"categories":[6],"tags":[20327,53805,53808,13985,53809,53810,53806,53807,169,44069],"class_list":["post-64642","post","type-post","status-publish","format-standard","has-post-thumbnail","hentry","category-br","tag-brasileiros","tag-brasileiros-tem-medo-de-ser-assassinados","tag-crimes-no-brasil","tag-datafolha","tag-medo-da-violencia-no-brasil","tag-medo-de-morrer-assassinado","tag-medo-de-ser-assassinados","tag-oito-em-cada-dez-brasileiros-tem-medo-de-morrer-assassinados","tag-policia-militar","tag-violencia-no-brasil"],"_links":{"self":[{"href":"https:\/\/aconteceunovale.com.br\/portal\/index.php?rest_route=\/wp\/v2\/posts\/64642","targetHints":{"allow":["GET"]}}],"collection":[{"href":"https:\/\/aconteceunovale.com.br\/portal\/index.php?rest_route=\/wp\/v2\/posts"}],"about":[{"href":"https:\/\/aconteceunovale.com.br\/portal\/index.php?rest_route=\/wp\/v2\/types\/post"}],"author":[{"embeddable":true,"href":"https:\/\/aconteceunovale.com.br\/portal\/index.php?rest_route=\/wp\/v2\/users\/1"}],"replies":[{"embeddable":true,"href":"https:\/\/aconteceunovale.com.br\/portal\/index.php?rest_route=%2Fwp%2Fv2%2Fcomments&post=64642"}],"version-history":[{"count":0,"href":"https:\/\/aconteceunovale.com.br\/portal\/index.php?rest_route=\/wp\/v2\/posts\/64642\/revisions"}],"wp:featuredmedia":[{"embeddable":true,"href":"https:\/\/aconteceunovale.com.br\/portal\/index.php?rest_route=\/wp\/v2\/media\/64643"}],"wp:attachment":[{"href":"https:\/\/aconteceunovale.com.br\/portal\/index.php?rest_route=%2Fwp%2Fv2%2Fmedia&parent=64642"}],"wp:term":[{"taxonomy":"category","embeddable":true,"href":"https:\/\/aconteceunovale.com.br\/portal\/index.php?rest_route=%2Fwp%2Fv2%2Fcategories&post=64642"},{"taxonomy":"post_tag","embeddable":true,"href":"https:\/\/aconteceunovale.com.br\/portal\/index.php?rest_route=%2Fwp%2Fv2%2Ftags&post=64642"}],"curies":[{"name":"wp","href":"https:\/\/api.w.org\/{rel}","templated":true}]}}