{"id":64639,"date":"2015-07-31T22:07:09","date_gmt":"2015-08-01T01:07:09","guid":{"rendered":"http:\/\/aconteceunovale.com.br\/portal\/?p=64639"},"modified":"2015-07-31T22:07:09","modified_gmt":"2015-08-01T01:07:09","slug":"dolar-ultrapassa-r-340-e-fecha-o-mes-julho-com-alta-de-10","status":"publish","type":"post","link":"https:\/\/aconteceunovale.com.br\/portal\/?p=64639","title":{"rendered":"D\u00f3lar ultrapassa R$ 3,40 e fecha o m\u00eas julho com alta de 10%"},"content":{"rendered":"<p>Em mais um dia de turbul\u00eancia no mercado financeiro, a moeda norte-americana teve forte alta e, pela primeira vez em 12 anos, fechou acima de R$ 3,40. O d\u00f3lar comercial subiu R$ 0,054 (1,59%) e encerrou o m\u00eas vendido a R$ 3,425, no maior valor desde 20 de mar\u00e7o de 2003 (R$ 3,478).<\/p>\n<p>Com a sess\u00e3o de hoje (31\/07), o d\u00f3lar acumula em 2015 alta de 28,8%. Apenas em julho, a cota\u00e7\u00e3o subiu 10,2%, na maior alta mensal desde mar\u00e7o, quando a divisa tinha subido 11,7%.<\/p>\n<p>Desde que a equipe econ\u00f4mica anunciou, na semana passada, a redu\u00e7\u00e3o para 0,15% do Produto Interno Bruto (PIB, soma das riquezas produzidas no pa\u00eds) da meta de super\u00e1vit prim\u00e1rio (economia para pagar os juros da d\u00edvida p\u00fablica), o d\u00f3lar passou a subir. Segundo economistas ouvidos pela Ag\u00eancia Brasil, a possibilidade de o pa\u00eds perder o grau de investimento das ag\u00eancias de classifica\u00e7\u00e3o de risco tem pressionado o c\u00e2mbio.<\/p>\n<p>A alta do d\u00f3lar ocorreu no dia em que o Banco Central divulgou que as contas do setor p\u00fablico (Uni\u00e3o, estados, munic\u00edpios e estatais) registrou d\u00e9ficit prim\u00e1rio de R$ 9,3 bilh\u00f5es em junho, o pior resultado para o m\u00eas. No primeiro semestre, o super\u00e1vit prim\u00e1rio acumulado ficou em R$ 16,2 bilh\u00f5es, o resultado mais baixo para o per\u00edodo, obtido exclusivamente pelo esfor\u00e7o fiscal dos estados e dos munic\u00edpios.<\/p>\n<p>Diferentemente dos \u00faltimos dias, em que fatores externos contribu\u00edram para a alta do d\u00f3lar, a cota\u00e7\u00e3o n\u00e3o subiu em rela\u00e7\u00e3o \u00e0s principais moedas do mundo. Nesta sexta-feira (31), o d\u00f3lar caiu em rela\u00e7\u00e3o ao euro, depois de terem sido publicados dados econ\u00f4micos que mostram a estabilidade da infla\u00e7\u00e3o na zona do euro e a redu\u00e7\u00e3o do ritmo de subida dos sal\u00e1rios nos Estados Unidos. (Ag\u00eancia Brasil \/ Ag\u00eancia Lusa)<\/p>\n","protected":false},"excerpt":{"rendered":"<p>Em mais um dia de turbul\u00eancia no mercado financeiro, a moeda norte-americana teve forte alta e, pela primeira vez em 12 anos, fechou acima de R$ 3,40. O d\u00f3lar comercial subiu R$ 0,054 (1,59%) e encerrou o m\u00eas vendido a R$ 3,425, no maior valor desde 20 de mar\u00e7o de 2003 (R$ 3,478). Com a [&hellip;]<\/p>\n","protected":false},"author":1,"featured_media":53483,"comment_status":"open","ping_status":"closed","sticky":false,"template":"","format":"standard","meta":{"amp_status":"","footnotes":""},"categories":[6],"tags":[26239,36073,21718,20088,20087,53803,27000,53801,44683,33391,53802,53804,21717,30962],"class_list":["post-64639","post","type-post","status-publish","format-standard","has-post-thumbnail","hentry","category-br","tag-alta","tag-aumento-do-dolar","tag-cotacao","tag-cotacao-do-dolar","tag-dolar","tag-dolar-acumula-em-2015-alta-de-28","tag-dolar-comercial","tag-dolar-ultrapassa-r-3-40-e-fecha-o-mes-julho-com-alta-de-10","tag-mercado","tag-moeda-norte-americana","tag-moeda-norte-americana-teve-forte-alta","tag-subida-do-dolar","tag-turbulencia","tag-valor-do-dolar"],"_links":{"self":[{"href":"https:\/\/aconteceunovale.com.br\/portal\/index.php?rest_route=\/wp\/v2\/posts\/64639","targetHints":{"allow":["GET"]}}],"collection":[{"href":"https:\/\/aconteceunovale.com.br\/portal\/index.php?rest_route=\/wp\/v2\/posts"}],"about":[{"href":"https:\/\/aconteceunovale.com.br\/portal\/index.php?rest_route=\/wp\/v2\/types\/post"}],"author":[{"embeddable":true,"href":"https:\/\/aconteceunovale.com.br\/portal\/index.php?rest_route=\/wp\/v2\/users\/1"}],"replies":[{"embeddable":true,"href":"https:\/\/aconteceunovale.com.br\/portal\/index.php?rest_route=%2Fwp%2Fv2%2Fcomments&post=64639"}],"version-history":[{"count":0,"href":"https:\/\/aconteceunovale.com.br\/portal\/index.php?rest_route=\/wp\/v2\/posts\/64639\/revisions"}],"wp:featuredmedia":[{"embeddable":true,"href":"https:\/\/aconteceunovale.com.br\/portal\/index.php?rest_route=\/wp\/v2\/media\/53483"}],"wp:attachment":[{"href":"https:\/\/aconteceunovale.com.br\/portal\/index.php?rest_route=%2Fwp%2Fv2%2Fmedia&parent=64639"}],"wp:term":[{"taxonomy":"category","embeddable":true,"href":"https:\/\/aconteceunovale.com.br\/portal\/index.php?rest_route=%2Fwp%2Fv2%2Fcategories&post=64639"},{"taxonomy":"post_tag","embeddable":true,"href":"https:\/\/aconteceunovale.com.br\/portal\/index.php?rest_route=%2Fwp%2Fv2%2Ftags&post=64639"}],"curies":[{"name":"wp","href":"https:\/\/api.w.org\/{rel}","templated":true}]}}