{"id":64490,"date":"2015-07-30T09:19:31","date_gmt":"2015-07-30T12:19:31","guid":{"rendered":"http:\/\/aconteceunovale.com.br\/portal\/?p=64490"},"modified":"2015-07-30T09:19:31","modified_gmt":"2015-07-30T12:19:31","slug":"previsao-do-tempo-para-minas-gerais-nesta-quinta-feira-30-de-julho","status":"publish","type":"post","link":"https:\/\/aconteceunovale.com.br\/portal\/?p=64490","title":{"rendered":"Previs\u00e3o do tempo para Minas Gerais, nesta quinta-feira, 30 de julho"},"content":{"rendered":"<h4><strong><em>Ar seco inibe forma\u00e7\u00e3o de nuvens e mant\u00e9m temperatura em eleva\u00e7\u00e3o. Umidade relativa do ar atinge \u00edndices abaixo de 30% em praticamente todo o estado.<\/em><\/strong><\/h4>\n<p>Nesta quinta-feira (30\/7), o ar seco inibe a forma\u00e7\u00e3o de nuvens em praticamente todas as regi\u00f5es mineiras. Somente na faixa leste do estado, o c\u00e9u fica com nebulosidade vari\u00e1vel em fun\u00e7\u00e3o dos ventos \u00famidos oriundos do mar.<\/p>\n<p>A temperatura m\u00ednima fica em ligeiro decl\u00ednio no Centro, Sul, Sudeste, Sudoeste e Oeste mineiro. E as temperaturas m\u00e1ximas ficam elevadas em boa parte do estado. Baixos \u00edndices de umidade relativa do ar \u00e0 tarde, abaixo de 30% em praticamente todo o estado.<\/p>\n<p>Na Regi\u00e3o Metropolitana de Belo Horizonte, o tempo fica ensolarado. Na capital mineira, as temperaturas oscilam entre 15\u00b0C e 28\u00b0C e a umidade do ar \u00e0 tarde deve ficar na casa dos 30%.<\/p>\n","protected":false},"excerpt":{"rendered":"<p>Ar seco inibe forma\u00e7\u00e3o de nuvens e mant\u00e9m temperatura em eleva\u00e7\u00e3o. Umidade relativa do ar atinge \u00edndices abaixo de 30% em praticamente todo o estado. Nesta quinta-feira (30\/7), o ar seco inibe a forma\u00e7\u00e3o de nuvens em praticamente todas as regi\u00f5es mineiras. Somente na faixa leste do estado, o c\u00e9u fica com nebulosidade vari\u00e1vel em [&hellip;]<\/p>\n","protected":false},"author":1,"featured_media":51728,"comment_status":"open","ping_status":"closed","sticky":false,"template":"","format":"standard","meta":{"amp_status":"","footnotes":""},"categories":[123],"tags":[53570,37346,1956,53408,1839,29257,53571],"class_list":["post-64490","post","type-post","status-publish","format-standard","has-post-thumbnail","hentry","category-gerais","tag-30-de-julho","tag-nesta-quinta-feira","tag-previsao-do-tempo","tag-previsao-do-tempo-para-minas","tag-previsao-do-tempo-para-minas-gerais","tag-previsao-do-tempo-para-minas-gerais-nesta-quinta-feira","tag-previsao-do-tempo-para-minas-gerais-nesta-quinta-feira-30-de-julho"],"_links":{"self":[{"href":"https:\/\/aconteceunovale.com.br\/portal\/index.php?rest_route=\/wp\/v2\/posts\/64490","targetHints":{"allow":["GET"]}}],"collection":[{"href":"https:\/\/aconteceunovale.com.br\/portal\/index.php?rest_route=\/wp\/v2\/posts"}],"about":[{"href":"https:\/\/aconteceunovale.com.br\/portal\/index.php?rest_route=\/wp\/v2\/types\/post"}],"author":[{"embeddable":true,"href":"https:\/\/aconteceunovale.com.br\/portal\/index.php?rest_route=\/wp\/v2\/users\/1"}],"replies":[{"embeddable":true,"href":"https:\/\/aconteceunovale.com.br\/portal\/index.php?rest_route=%2Fwp%2Fv2%2Fcomments&post=64490"}],"version-history":[{"count":0,"href":"https:\/\/aconteceunovale.com.br\/portal\/index.php?rest_route=\/wp\/v2\/posts\/64490\/revisions"}],"wp:featuredmedia":[{"embeddable":true,"href":"https:\/\/aconteceunovale.com.br\/portal\/index.php?rest_route=\/wp\/v2\/media\/51728"}],"wp:attachment":[{"href":"https:\/\/aconteceunovale.com.br\/portal\/index.php?rest_route=%2Fwp%2Fv2%2Fmedia&parent=64490"}],"wp:term":[{"taxonomy":"category","embeddable":true,"href":"https:\/\/aconteceunovale.com.br\/portal\/index.php?rest_route=%2Fwp%2Fv2%2Fcategories&post=64490"},{"taxonomy":"post_tag","embeddable":true,"href":"https:\/\/aconteceunovale.com.br\/portal\/index.php?rest_route=%2Fwp%2Fv2%2Ftags&post=64490"}],"curies":[{"name":"wp","href":"https:\/\/api.w.org\/{rel}","templated":true}]}}