{"id":64482,"date":"2015-07-29T23:19:13","date_gmt":"2015-07-30T02:19:13","guid":{"rendered":"http:\/\/aconteceunovale.com.br\/portal\/?p=64482"},"modified":"2015-07-29T23:19:13","modified_gmt":"2015-07-30T02:19:13","slug":"ciencia-sem-fronteiras-deve-ampliar-bolsas-na-pos-graduacao-diz-capes","status":"publish","type":"post","link":"https:\/\/aconteceunovale.com.br\/portal\/?p=64482","title":{"rendered":"Ci\u00eancia sem Fronteiras deve ampliar bolsas na p\u00f3s-gradua\u00e7\u00e3o, diz Capes"},"content":{"rendered":"<p>Ap\u00f3s conceder 101.446 bolsas de interc\u00e2mbio para estudantes brasileiros, o Programa Ci\u00eancia sem Fronteiras passa por reformula\u00e7\u00e3o. Segundo o presidente da Coordena\u00e7\u00e3o de Aperfei\u00e7oamento de Pessoal de N\u00edvel Superior (Capes), Carlos Afonso Nobre, o governo brasileiro est\u00e1 estudando diretrizes para a segunda edi\u00e7\u00e3o do programa.<\/p>\n<p>A tend\u00eancia, segundo ele, \u00e9 aumentar as bolsas para a p\u00f3s-gradua\u00e7\u00e3o.Muitos dos alunos que participaram do Ci\u00eancia sem Fronteira, no est\u00e1gio da gradua\u00e7\u00e3o sandu\u00edche, se interessaram em continuar os estudos e ir para a p\u00f3s-gradua\u00e7\u00e3o, acrescentou. Portanto, &#8220;\u00e9 natural, at\u00e9 para dar vaz\u00e3o ao interesse que o programa gerou nesses estudantes, que o Ci\u00eancia sem Fronteiras 2 tenha oportunidades de p\u00f3s-gradua\u00e7\u00e3o&#8221;, disse Nobre.<\/p>\n<p>O presidente explica que o Ci\u00eancia sem Fronteiras permitiu o interc\u00e2mbio acad\u00eamico ainda na gradua\u00e7\u00e3o, algo que antes era financiado pela Capes apenas na p\u00f3s-gradua\u00e7\u00e3o. Na primeira fase do programa, 78,9% das bolsas foram concedidas a graduandos. &#8220;A tend\u00eancia \u00e9 aumentar as bolsas para a p\u00f3s-gradua\u00e7\u00e3o, mas os par\u00e2metros finais ainda n\u00e3o foram definidos&#8221;, mas ele acredita que as diretrizes sejam fixadas &#8220;nos pr\u00f3ximos meses&#8221;.<\/p>\n<p>A segunda edi\u00e7\u00e3o do Ci\u00eancia sem Fronteiras foi anunciada em meados do ano passado, pela presidenta Dilma Rousseff, que prometeu mais 100 mil bolsas de 2015 a 2018. Com o contingenciamento no Or\u00e7amento, o programa tamb\u00e9m sofrer\u00e1 cortes, de acordo com o Minist\u00e9rio da Educa\u00e7\u00e3o. Nenhum edital da nova edi\u00e7\u00e3o foi lan\u00e7ado ainda.<\/p>\n<p>O Ci\u00eancia sem Fronteiras foi lan\u00e7ado em 2011 com a meta de conceder inicialmente 101 mil bolsas &#8211; 75 mil bancadas pelo setor p\u00fablico e 26 mil por empresas privadas. As bolsas s\u00e3o voltadas para as \u00e1reas de ci\u00eancias exatas, matem\u00e1tica, qu\u00edmica e biologia, engenharias, \u00e1reas tecnol\u00f3gicas e de sa\u00fade. O objetivo \u00e9 promover a mobilidade internacional de estudantes e pesquisadores, e incentivar a visita de jovens pesquisadores altamente qualificados e professores seniores ao Brasil. (Ag\u00eancia Brasil)<\/p>\n","protected":false},"excerpt":{"rendered":"<p>Ap\u00f3s conceder 101.446 bolsas de interc\u00e2mbio para estudantes brasileiros, o Programa Ci\u00eancia sem Fronteiras passa por reformula\u00e7\u00e3o. Segundo o presidente da Coordena\u00e7\u00e3o de Aperfei\u00e7oamento de Pessoal de N\u00edvel Superior (Capes), Carlos Afonso Nobre, o governo brasileiro est\u00e1 estudando diretrizes para a segunda edi\u00e7\u00e3o do programa. A tend\u00eancia, segundo ele, \u00e9 aumentar as bolsas para a [&hellip;]<\/p>\n","protected":false},"author":1,"featured_media":53712,"comment_status":"open","ping_status":"closed","sticky":false,"template":"","format":"standard","meta":{"amp_status":"","footnotes":""},"categories":[6,40238],"tags":[53559,53560,53562,53563,24259,31881,53561],"class_list":["post-64482","post","type-post","status-publish","format-standard","has-post-thumbnail","hentry","category-br","category-educacao-2","tag-ampliacao","tag-bolsas","tag-bolsas-de-pos-graduacao-capes","tag-bolsas-de-pos-graduacao-ciencia-sem-fronteiras","tag-capes","tag-ciencias-sem-fronteiras","tag-pos-graduacao"],"_links":{"self":[{"href":"https:\/\/aconteceunovale.com.br\/portal\/index.php?rest_route=\/wp\/v2\/posts\/64482","targetHints":{"allow":["GET"]}}],"collection":[{"href":"https:\/\/aconteceunovale.com.br\/portal\/index.php?rest_route=\/wp\/v2\/posts"}],"about":[{"href":"https:\/\/aconteceunovale.com.br\/portal\/index.php?rest_route=\/wp\/v2\/types\/post"}],"author":[{"embeddable":true,"href":"https:\/\/aconteceunovale.com.br\/portal\/index.php?rest_route=\/wp\/v2\/users\/1"}],"replies":[{"embeddable":true,"href":"https:\/\/aconteceunovale.com.br\/portal\/index.php?rest_route=%2Fwp%2Fv2%2Fcomments&post=64482"}],"version-history":[{"count":0,"href":"https:\/\/aconteceunovale.com.br\/portal\/index.php?rest_route=\/wp\/v2\/posts\/64482\/revisions"}],"wp:featuredmedia":[{"embeddable":true,"href":"https:\/\/aconteceunovale.com.br\/portal\/index.php?rest_route=\/wp\/v2\/media\/53712"}],"wp:attachment":[{"href":"https:\/\/aconteceunovale.com.br\/portal\/index.php?rest_route=%2Fwp%2Fv2%2Fmedia&parent=64482"}],"wp:term":[{"taxonomy":"category","embeddable":true,"href":"https:\/\/aconteceunovale.com.br\/portal\/index.php?rest_route=%2Fwp%2Fv2%2Fcategories&post=64482"},{"taxonomy":"post_tag","embeddable":true,"href":"https:\/\/aconteceunovale.com.br\/portal\/index.php?rest_route=%2Fwp%2Fv2%2Ftags&post=64482"}],"curies":[{"name":"wp","href":"https:\/\/api.w.org\/{rel}","templated":true}]}}