{"id":64478,"date":"2015-07-29T21:30:13","date_gmt":"2015-07-30T00:30:13","guid":{"rendered":"http:\/\/aconteceunovale.com.br\/portal\/?p=64478"},"modified":"2015-07-29T21:30:13","modified_gmt":"2015-07-30T00:30:13","slug":"ufvjm-suspende-inicio-das-aulas-no-campus-de-teofilo-otoni-por-causa-da-greve","status":"publish","type":"post","link":"https:\/\/aconteceunovale.com.br\/portal\/?p=64478","title":{"rendered":"UFVJM suspende in\u00edcio das aulas no campus de Te\u00f3filo Otoni por causa da greve"},"content":{"rendered":"<p>O in\u00edcio do segundo semestre letivo no campus Te\u00f3filo Otoni da Universidade Federal dos Vales do Jequitinhonha e do Mucuri (UFVJM), marcado para o dia 10 de agosto, foi suspenso por causa da greve dos professores e dos servidores t\u00e9cnico-administrativos.<\/p>\n<p>Segundo a Pr\u00f3-Reitoria de gradua\u00e7\u00e3o da UFVJM, n\u00e3o h\u00e1 previs\u00e3o para que as atividades sejam retomadas. O campus de Te\u00f3filo Otoni tem 123 professores e 75 servidores t\u00e9cnico-administrativos. <\/p>\n<p>Os docentes aderiram \u00e0 greve nacional em junho. Entre as reivindica\u00e7\u00f5es est\u00e3o melhores condi\u00e7\u00f5es de trabalho e estrutura das universidades; revis\u00e3o da pol\u00edtica salarial e reajuste salarial.<\/p>\n<p>De acordo com a UFJVM, o calend\u00e1rio acad\u00eamico dos campi de Diamantina, Una\u00ed e Jana\u00faba est\u00e1 mantido porque os professores destes locais n\u00e3o aderiram \u00e0 paralisa\u00e7\u00e3o. J\u00e1 os servidores t\u00e9cnico-administrativos da universidade est\u00e3o em greve.<\/p>\n","protected":false},"excerpt":{"rendered":"<p>O in\u00edcio do segundo semestre letivo no campus Te\u00f3filo Otoni da Universidade Federal dos Vales do Jequitinhonha e do Mucuri (UFVJM), marcado para o dia 10 de agosto, foi suspenso por causa da greve dos professores e dos servidores t\u00e9cnico-administrativos. Segundo a Pr\u00f3-Reitoria de gradua\u00e7\u00e3o da UFVJM, n\u00e3o h\u00e1 previs\u00e3o para que as atividades sejam [&hellip;]<\/p>\n","protected":false},"author":1,"featured_media":39619,"comment_status":"open","ping_status":"closed","sticky":false,"template":"","format":"standard","meta":{"amp_status":"","footnotes":""},"categories":[122],"tags":[53550,46706,164,250,53551,53552,53548,53549],"class_list":["post-64478","post","type-post","status-publish","format-standard","has-post-thumbnail","hentry","category-mucuri","tag-campus-mucuri-da-ufvjm","tag-greve-ufvjm","tag-teofilo-otoni","tag-ufvjm","tag-ufvjm-campus-mucuri","tag-ufvjm-suspende-inicio-das-aulas-no-campus-de-teofilo-otoni","tag-ufvjm-suspende-inicio-das-aulas-no-campus-de-teofilo-otoni-por-causa-da-greve","tag-volta-as-aulas-na-ufvjm"],"_links":{"self":[{"href":"https:\/\/aconteceunovale.com.br\/portal\/index.php?rest_route=\/wp\/v2\/posts\/64478","targetHints":{"allow":["GET"]}}],"collection":[{"href":"https:\/\/aconteceunovale.com.br\/portal\/index.php?rest_route=\/wp\/v2\/posts"}],"about":[{"href":"https:\/\/aconteceunovale.com.br\/portal\/index.php?rest_route=\/wp\/v2\/types\/post"}],"author":[{"embeddable":true,"href":"https:\/\/aconteceunovale.com.br\/portal\/index.php?rest_route=\/wp\/v2\/users\/1"}],"replies":[{"embeddable":true,"href":"https:\/\/aconteceunovale.com.br\/portal\/index.php?rest_route=%2Fwp%2Fv2%2Fcomments&post=64478"}],"version-history":[{"count":0,"href":"https:\/\/aconteceunovale.com.br\/portal\/index.php?rest_route=\/wp\/v2\/posts\/64478\/revisions"}],"wp:featuredmedia":[{"embeddable":true,"href":"https:\/\/aconteceunovale.com.br\/portal\/index.php?rest_route=\/wp\/v2\/media\/39619"}],"wp:attachment":[{"href":"https:\/\/aconteceunovale.com.br\/portal\/index.php?rest_route=%2Fwp%2Fv2%2Fmedia&parent=64478"}],"wp:term":[{"taxonomy":"category","embeddable":true,"href":"https:\/\/aconteceunovale.com.br\/portal\/index.php?rest_route=%2Fwp%2Fv2%2Fcategories&post=64478"},{"taxonomy":"post_tag","embeddable":true,"href":"https:\/\/aconteceunovale.com.br\/portal\/index.php?rest_route=%2Fwp%2Fv2%2Ftags&post=64478"}],"curies":[{"name":"wp","href":"https:\/\/api.w.org\/{rel}","templated":true}]}}