{"id":64470,"date":"2015-07-29T20:10:30","date_gmt":"2015-07-29T23:10:30","guid":{"rendered":"http:\/\/aconteceunovale.com.br\/portal\/?p=64470"},"modified":"2015-07-29T20:12:13","modified_gmt":"2015-07-29T23:12:13","slug":"vereador-denuncia-transporte-irregular-em-van-da-secretaria-de-saude-de-felisburgo","status":"publish","type":"post","link":"https:\/\/aconteceunovale.com.br\/portal\/?p=64470","title":{"rendered":"Vereador denuncia transporte irregular em van da Secretaria de Sa\u00fade de Felisburgo"},"content":{"rendered":"<p>Um vereador de Felisburgo, no Vale do Jequitinhonha, procurou a Pol\u00edcia Militar (PM) no in\u00edcio da tarde desta quarta-feira, 29 de julho, para denunciar o uso de um ve\u00edculo da Secretaria de Sa\u00fade do seu munic\u00edpio para o transporte ilegal de passageiros. <\/p>\n<p>Jo\u00e3o Batista Pereira Barbosa (PSC) relatou aos militares que uma van estaria transportando moradores de Felisburgo at\u00e9 o pr\u00e9dio do cart\u00f3rio eleitoral de Jequitinhonha para confec\u00e7\u00e3o de t\u00edtulo eleitoral.<\/p>\n<p>Diante da den\u00fancia, uma guarni\u00e7\u00e3o policial deslocou at\u00e9 o cart\u00f3rio eleitoral, onde uma funcion\u00e1ria confirmou que onze pessoas da cidade de Felisburgo fizeram o documento no local, mas n\u00e3o teria presenciado em qual ve\u00edculo elas chegaram.<\/p>\n<p>Os militares iniciaram rastreamentos e localizaram o motorista do referido ve\u00edculo. Ele informou que realmente fez o transporte das pessoas. Tr\u00eas dos onze moradores tamb\u00e9m foram localizados e confirmaram a den\u00fancia do vereador.<\/p>\n<p>A Pol\u00edcia Militar registrou um boletim de ocorr\u00eancia. <\/p>\n","protected":false},"excerpt":{"rendered":"<p>Um vereador de Felisburgo, no Vale do Jequitinhonha, procurou a Pol\u00edcia Militar (PM) no in\u00edcio da tarde desta quarta-feira, 29 de julho, para denunciar o uso de um ve\u00edculo da Secretaria de Sa\u00fade do seu munic\u00edpio para o transporte ilegal de passageiros. Jo\u00e3o Batista Pereira Barbosa (PSC) relatou aos militares que uma van estaria transportando [&hellip;]<\/p>\n","protected":false},"author":1,"featured_media":64472,"comment_status":"open","ping_status":"closed","sticky":false,"template":"","format":"standard","meta":{"amp_status":"","footnotes":""},"categories":[120],"tags":[136,53543,53542,53544,53541,53545,53540],"class_list":["post-64470","post","type-post","status-publish","format-standard","has-post-thumbnail","hentry","category-jequi","tag-felisburgo","tag-joao-batista-pereira-barbosa","tag-transporte-ilegal-em-van-da-secretaria-de-saude-de-felisburgo","tag-transporte-ilegal-felisburgo","tag-transporte-irregular-em-van-da-secretaria-de-saude-de-felisburgo","tag-transporte-irregular-felisburgo","tag-vereador-denuncia-transporte-irregular-em-van-da-secretaria-de-saude-de-felisburgo"],"_links":{"self":[{"href":"https:\/\/aconteceunovale.com.br\/portal\/index.php?rest_route=\/wp\/v2\/posts\/64470","targetHints":{"allow":["GET"]}}],"collection":[{"href":"https:\/\/aconteceunovale.com.br\/portal\/index.php?rest_route=\/wp\/v2\/posts"}],"about":[{"href":"https:\/\/aconteceunovale.com.br\/portal\/index.php?rest_route=\/wp\/v2\/types\/post"}],"author":[{"embeddable":true,"href":"https:\/\/aconteceunovale.com.br\/portal\/index.php?rest_route=\/wp\/v2\/users\/1"}],"replies":[{"embeddable":true,"href":"https:\/\/aconteceunovale.com.br\/portal\/index.php?rest_route=%2Fwp%2Fv2%2Fcomments&post=64470"}],"version-history":[{"count":0,"href":"https:\/\/aconteceunovale.com.br\/portal\/index.php?rest_route=\/wp\/v2\/posts\/64470\/revisions"}],"wp:featuredmedia":[{"embeddable":true,"href":"https:\/\/aconteceunovale.com.br\/portal\/index.php?rest_route=\/wp\/v2\/media\/64472"}],"wp:attachment":[{"href":"https:\/\/aconteceunovale.com.br\/portal\/index.php?rest_route=%2Fwp%2Fv2%2Fmedia&parent=64470"}],"wp:term":[{"taxonomy":"category","embeddable":true,"href":"https:\/\/aconteceunovale.com.br\/portal\/index.php?rest_route=%2Fwp%2Fv2%2Fcategories&post=64470"},{"taxonomy":"post_tag","embeddable":true,"href":"https:\/\/aconteceunovale.com.br\/portal\/index.php?rest_route=%2Fwp%2Fv2%2Ftags&post=64470"}],"curies":[{"name":"wp","href":"https:\/\/api.w.org\/{rel}","templated":true}]}}