{"id":64430,"date":"2015-07-29T14:44:14","date_gmt":"2015-07-29T17:44:14","guid":{"rendered":"http:\/\/aconteceunovale.com.br\/portal\/?p=64430"},"modified":"2015-07-29T14:44:14","modified_gmt":"2015-07-29T17:44:14","slug":"homem-de-45-anos-morre-em-acidente-na-br-381-em-governador-valadares-2","status":"publish","type":"post","link":"https:\/\/aconteceunovale.com.br\/portal\/?p=64430","title":{"rendered":"Homem de 45 anos morre em acidente na BR-381, em Governador Valadares"},"content":{"rendered":"<p>Um homem de 45 anos morreu em um acidente na tarde desta ter\u00e7a-feira, 28 de julho, na BR-381, pr\u00f3ximo ao Distrito Industrial, em Governador Valadares (MG). A Pol\u00edcia Rodovi\u00e1ria Federal (PRF) informou que o motorista Maur\u00edcio Oliveira dos Santos bateu o ve\u00edculo no meio fio e caiu em um buraco, ap\u00f3s perder o controle da dire\u00e7\u00e3o em uma reta. O homem foi arremessado para fora do ve\u00edculo e morreu no local.<\/p>\n<p>O corpo do motorista foi encaminhado para o Instituto M\u00e9dico Legal (IML) de Governador Valadares. Segundo informa\u00e7\u00f5es, a v\u00edtima residia no distrito de Chonin de Baixo. (G1)<\/p>\n","protected":false},"excerpt":{"rendered":"<p>Um homem de 45 anos morreu em um acidente na tarde desta ter\u00e7a-feira, 28 de julho, na BR-381, pr\u00f3ximo ao Distrito Industrial, em Governador Valadares (MG). A Pol\u00edcia Rodovi\u00e1ria Federal (PRF) informou que o motorista Maur\u00edcio Oliveira dos Santos bateu o ve\u00edculo no meio fio e caiu em um buraco, ap\u00f3s perder o controle da [&hellip;]<\/p>\n","protected":false},"author":1,"featured_media":32816,"comment_status":"open","ping_status":"closed","sticky":false,"template":"","format":"standard","meta":{"amp_status":"","footnotes":""},"categories":[121],"tags":[247,53463,53464],"class_list":["post-64430","post","type-post","status-publish","format-standard","has-post-thumbnail","hentry","category-leste","tag-governador-valadares","tag-homem-de-45-anos-morre-em-acidente-na-br-381-em-governador-valadares","tag-mauricio-oliveira-dos-santos"],"_links":{"self":[{"href":"https:\/\/aconteceunovale.com.br\/portal\/index.php?rest_route=\/wp\/v2\/posts\/64430","targetHints":{"allow":["GET"]}}],"collection":[{"href":"https:\/\/aconteceunovale.com.br\/portal\/index.php?rest_route=\/wp\/v2\/posts"}],"about":[{"href":"https:\/\/aconteceunovale.com.br\/portal\/index.php?rest_route=\/wp\/v2\/types\/post"}],"author":[{"embeddable":true,"href":"https:\/\/aconteceunovale.com.br\/portal\/index.php?rest_route=\/wp\/v2\/users\/1"}],"replies":[{"embeddable":true,"href":"https:\/\/aconteceunovale.com.br\/portal\/index.php?rest_route=%2Fwp%2Fv2%2Fcomments&post=64430"}],"version-history":[{"count":0,"href":"https:\/\/aconteceunovale.com.br\/portal\/index.php?rest_route=\/wp\/v2\/posts\/64430\/revisions"}],"wp:featuredmedia":[{"embeddable":true,"href":"https:\/\/aconteceunovale.com.br\/portal\/index.php?rest_route=\/wp\/v2\/media\/32816"}],"wp:attachment":[{"href":"https:\/\/aconteceunovale.com.br\/portal\/index.php?rest_route=%2Fwp%2Fv2%2Fmedia&parent=64430"}],"wp:term":[{"taxonomy":"category","embeddable":true,"href":"https:\/\/aconteceunovale.com.br\/portal\/index.php?rest_route=%2Fwp%2Fv2%2Fcategories&post=64430"},{"taxonomy":"post_tag","embeddable":true,"href":"https:\/\/aconteceunovale.com.br\/portal\/index.php?rest_route=%2Fwp%2Fv2%2Ftags&post=64430"}],"curies":[{"name":"wp","href":"https:\/\/api.w.org\/{rel}","templated":true}]}}