{"id":64424,"date":"2015-07-29T14:25:31","date_gmt":"2015-07-29T17:25:31","guid":{"rendered":"http:\/\/aconteceunovale.com.br\/portal\/?p=64424"},"modified":"2015-07-29T14:25:31","modified_gmt":"2015-07-29T17:25:31","slug":"timoteo-sediara-o-1o-encontro-regional-de-politicas-sobre-drogas-do-estado-de-minas-gerais","status":"publish","type":"post","link":"https:\/\/aconteceunovale.com.br\/portal\/?p=64424","title":{"rendered":"Tim\u00f3teo sediar\u00e1 o 1\u00ba Encontro Regional de Pol\u00edticas sobre Drogas do Estado de Minas Gerais"},"content":{"rendered":"<h4><strong><em>Encontros Regionais de Pol\u00edticas Sobre Drogas discutem teoria e pr\u00e1tica das a\u00e7\u00f5es de preven\u00e7\u00e3o. Primeira rodada ser\u00e1 em Tim\u00f3teo e previs\u00e3o \u00e9 que 102 munic\u00edpios da regi\u00e3o do Rio Doce participem. Ideia \u00e9 integrar a\u00e7\u00f5es municipais e estaduais.<\/em><\/strong><\/h4>\n<p>A\u00a0Secretaria de Estado de Defesa Social (Seds)\u00a0lan\u00e7a no pr\u00f3ximo dia 13 de agosto, na cidade de Tim\u00f3teo, o 1\u00ba Encontro Regional de Pol\u00edticas sobre Drogas do Estado de Minas Gerais. A previs\u00e3o \u00e9 que 102 munic\u00edpios da macrorregi\u00e3o do Rio Doce participem do ciclo de debates.<\/p>\n<p>O projeto idealizado pela Subsecretaria de Pol\u00edticas sobre Drogas (Supod) pretende unir as esferas estaduais e municipais para o desenvolvimento de uma pol\u00edtica p\u00fablica eficiente no Estado. Os encontros s\u00e3o instrumentos de participa\u00e7\u00e3o social nas atividades de planejamento, gest\u00e3o e controle nas a\u00e7\u00f5es ao combate do uso de drogas.<\/p>\n<p>O tema \u2018Preven\u00e7\u00e3o: A\u00e7\u00e3o ou Teoria\u2019 foi proposto tendo como par\u00e2metro resultados de pesquisada realizada com dependentes qu\u00edmicos do Centro de Refer\u00eancia Estadual em \u00c1lcool e Drogas (CREAD). O levantamento tra\u00e7ou o \u00a0perfil dos usu\u00e1rios que buscam atendimento no local.<\/p>\n<p>\u201cCom base nos dados verificamos que os usu\u00e1rios come\u00e7am a se envolver com a as drogas muito cedo, entre 9 a 12 anos. Este estudo foi fundamental para nortear as pol\u00edticas e a\u00e7\u00f5es da\u00a0 Subsecretaria de Pol\u00edticas Sobre Drogas (Supod) no combate \u00e0s drogas em Minas Gerais\u201d, diz a diretora do Observat\u00f3rio\u00a0 Mineiro de Informa\u00e7\u00f5es Sobre Drogas (Omid), Fl\u00e1via Braga.<\/p>\n<p>Segundo Fl\u00e1via, uma das propostas foi a cria\u00e7\u00e3o dos Encontros Regionais para promover a participa\u00e7\u00e3o da sociedade. \u201cA preven\u00e7\u00e3o \u00e9 o melhor caminho\u201d, afirma a diretora do Omid.<\/p>\n<p><strong>Parceria<\/strong><\/p>\n<p>O objetivo dos Encontros Regionais de Pol\u00edticas Sobre Drogas \u00e9 fortalecer os Conselhos Municipais de Pol\u00edticas sobre Drogas (Comad) em cada cidade mineira, promovendo a implanta\u00e7\u00e3o de pol\u00edticas institucionalizadas em parceria com as prefeituras.<\/p>\n<p>Ser\u00e3o realizadas 12 etapas regionais, abrangendo mais de 400 munic\u00edpios em todo o estado. Depois de Tim\u00f3teo, o encontro ocorrer\u00e1 em Montes Claros, no dia 27 de agosto. Tamb\u00e9m debater\u00e3o sobre o assunto os munic\u00edpios de Juiz de Fora, Varginha, Lavras, Belo Horizonte, Itabira, Tr\u00eas Marias, Uberl\u00e2ndia, Te\u00f3filo Otoni, Paracatu e Sacramento.<\/p>\n<p>Segundo o superintendente de Municipaliza\u00e7\u00e3o e Rela\u00e7\u00f5es Institucionais da Subsecretaria de Pol\u00edticas sobre Drogas (Supod), Mauro Anderson de Oliveira Felipe, o estado possui hoje 134 conselhos ativos e a inten\u00e7\u00e3o \u00e9 aumentar este n\u00famero para 400.<\/p>\n<p><strong>Din\u00e2mica<\/strong><\/p>\n<p>Os munic\u00edpios que sediar\u00e3o os encontros foram selecionados pela Subsecretaria de Politicas Sobre Drogas e s\u00e3o os respons\u00e1veis em fornecer o espa\u00e7o para o evento. As palestras ser\u00e3o ministradas de prefer\u00eancia por palestrantes da regi\u00e3o e que j\u00e1 conhe\u00e7am a realidade e necessidades locais.<\/p>\n<p>O p\u00fablico alvo ser\u00e1 de gestores municipais envolvidos no tema drogas, conselhos municipais, Minist\u00e9rio P\u00fablico\/Judici\u00e1rio, Defensoria P\u00fablica, comunidades terap\u00eauticas, institui\u00e7\u00f5es afins e sociedade em geral. A cada encontro ser\u00e1 produzido um documento que, ao final, vai virar um diagn\u00f3stico sobre as a\u00e7\u00f5es que ser\u00e3o desenvolvidas.<\/p>\n<p>As inscri\u00e7\u00f5es para o Encontro Regional na Cidade de Tim\u00f3teo j\u00e1 est\u00e3o abertas, e podem ser feitas pelo site Observat\u00f3rio Mineiro de Pol\u00edticas Sobre Drogas (OMID)\u00a0<a href=\"http:\/\/www.omid.mg.gov.br\/\">http:\/\/www.omid.mg.gov.br\/<\/a>.<\/p>\n<p><img decoding=\"async\" src=\"http:\/\/agenciaminas.mg.gov.br\/media\/uploads\/2015\/07\/29\/forumdrogas.png\" alt=\"\" \/><\/p>\n","protected":false},"excerpt":{"rendered":"<p>Encontros Regionais de Pol\u00edticas Sobre Drogas discutem teoria e pr\u00e1tica das a\u00e7\u00f5es de preven\u00e7\u00e3o. Primeira rodada ser\u00e1 em Tim\u00f3teo e previs\u00e3o \u00e9 que 102 munic\u00edpios da regi\u00e3o do Rio Doce participem. Ideia \u00e9 integrar a\u00e7\u00f5es municipais e estaduais. A\u00a0Secretaria de Estado de Defesa Social (Seds)\u00a0lan\u00e7a no pr\u00f3ximo dia 13 de agosto, na cidade de Tim\u00f3teo, [&hellip;]<\/p>\n","protected":false},"author":1,"featured_media":64425,"comment_status":"open","ping_status":"closed","sticky":false,"template":"","format":"standard","meta":{"amp_status":"","footnotes":""},"categories":[121],"tags":[53461,194,53462,202,206,207,212,1505,164,1105,53460,1533,221,223],"class_list":["post-64424","post","type-post","status-publish","format-standard","has-post-thumbnail","hentry","category-leste","tag-1o-encontro-regional-de-politicas-sobre-drogas-do-estado-de-minas-gerais","tag-belo-horizonte","tag-encontro-regional-de-politicas-sobre-drogas-do-estado-de-minas-gerais","tag-itabira","tag-juiz-de-fora","tag-lavras","tag-paracatu","tag-sacramento","tag-teofilo-otoni","tag-timoteo","tag-timoteo-sediara-o-1o-encontro-regional-de-politicas-sobre-drogas-do-estado-de-minas-gerais","tag-tres-marias","tag-uberlandia","tag-varginha"],"_links":{"self":[{"href":"https:\/\/aconteceunovale.com.br\/portal\/index.php?rest_route=\/wp\/v2\/posts\/64424","targetHints":{"allow":["GET"]}}],"collection":[{"href":"https:\/\/aconteceunovale.com.br\/portal\/index.php?rest_route=\/wp\/v2\/posts"}],"about":[{"href":"https:\/\/aconteceunovale.com.br\/portal\/index.php?rest_route=\/wp\/v2\/types\/post"}],"author":[{"embeddable":true,"href":"https:\/\/aconteceunovale.com.br\/portal\/index.php?rest_route=\/wp\/v2\/users\/1"}],"replies":[{"embeddable":true,"href":"https:\/\/aconteceunovale.com.br\/portal\/index.php?rest_route=%2Fwp%2Fv2%2Fcomments&post=64424"}],"version-history":[{"count":0,"href":"https:\/\/aconteceunovale.com.br\/portal\/index.php?rest_route=\/wp\/v2\/posts\/64424\/revisions"}],"wp:featuredmedia":[{"embeddable":true,"href":"https:\/\/aconteceunovale.com.br\/portal\/index.php?rest_route=\/wp\/v2\/media\/64425"}],"wp:attachment":[{"href":"https:\/\/aconteceunovale.com.br\/portal\/index.php?rest_route=%2Fwp%2Fv2%2Fmedia&parent=64424"}],"wp:term":[{"taxonomy":"category","embeddable":true,"href":"https:\/\/aconteceunovale.com.br\/portal\/index.php?rest_route=%2Fwp%2Fv2%2Fcategories&post=64424"},{"taxonomy":"post_tag","embeddable":true,"href":"https:\/\/aconteceunovale.com.br\/portal\/index.php?rest_route=%2Fwp%2Fv2%2Ftags&post=64424"}],"curies":[{"name":"wp","href":"https:\/\/api.w.org\/{rel}","templated":true}]}}