{"id":64397,"date":"2015-07-29T11:38:18","date_gmt":"2015-07-29T14:38:18","guid":{"rendered":"http:\/\/aconteceunovale.com.br\/portal\/?p=64397"},"modified":"2015-07-29T11:38:18","modified_gmt":"2015-07-29T14:38:18","slug":"curso-ministrado-por-educadores-indigenas-reforca-identidade-cultural-do-povo-xacriaba","status":"publish","type":"post","link":"https:\/\/aconteceunovale.com.br\/portal\/?p=64397","title":{"rendered":"Curso ministrado por educadores ind\u00edgenas refor\u00e7a identidade cultural do povo Xacriab\u00e1"},"content":{"rendered":"<h4><strong><em>Curso de Magist\u00e9rio Ind\u00edgena ofertado pela Secretaria de Estado de Educa\u00e7\u00e3o auxilia 80 educadores em sua pr\u00e1tica pedag\u00f3gica.<\/em><\/strong><\/h4>\n<p>Edna Alves de Barros \u00e9 professora dos anos iniciais da Escola Estadual Ind\u00edgena Manyk\u00e3. Localizada na aldeia Riacho do Brejo, no territ\u00f3rio Xacriab\u00e1 no munic\u00edpio de S\u00e3o Jo\u00e3o das Miss\u00f5es, no Norte de Minas Gerais, a escola atende a cerca de 220 alunos. H\u00e1 seis anos, quando come\u00e7ou a lecionar, a educadora contava apenas com a forma\u00e7\u00e3o no ensino m\u00e9dio. Hoje ela tem a oportunidade de expandir seus conhecimentos a partir do curso de magist\u00e9rio ind\u00edgena.<\/p>\n<p>A iniciativa da Secretaria de Estado de Educa\u00e7\u00e3o (SEE) teve in\u00edcio neste m\u00eas de julho e conta com a participa\u00e7\u00e3o de 80 alunos. O curso \u00e9 realizado na Escola Estadual Ind\u00edgena Bukimuju, na comunidade Xacriab\u00e1 e \u00e9 voltado, prioritariamente, a professores ind\u00edgenas xacriab\u00e1s que lecionam, mas n\u00e3o possuem habilita\u00e7\u00e3o m\u00ednima.<\/p>\n<p>\u201cA maior dificuldade que eu encontrava como professora era o fato de n\u00e3o ter a forma\u00e7\u00e3o completa. Entramos em sala de aula apenas com ensino m\u00e9dio e hoje temos a oportunidade de concluir o magist\u00e9rio para refor\u00e7ar em sala de aula\u201d, ressalta Edna.<\/p>\n<p>Do conte\u00fado que j\u00e1 viu no primeiro m\u00eas de curso, a professora destaca a forma l\u00fadica de se trabalhar. \u201c\u00c9 um curso voltado para a nossa cultura e vai nos ajudar muito em sala de aula. Muitas coisas que estou vendo j\u00e1 penso em levar para os alunos, como brincadeiras, hist\u00f3rias e formas de trabalhar as pinturas\u201d, conclui.<\/p>\n<p>Essa \u00e9 a primeira vez que os professores formadores do curso ser\u00e3o os pr\u00f3prios professores ind\u00edgenas. A forma\u00e7\u00e3o tem dura\u00e7\u00e3o de um ano e meio e \u00e9 dividida em tr\u00eas eixos: Terra, territ\u00f3rio e direitos ind\u00edgenas; M\u00faltiplas linguagens e l\u00edngua ind\u00edgena; e Pedagogia Ind\u00edgena.<\/p>\n<p>Elisama Gomes \u00e9 da aldeia Morro Vermelho. Ela \u00e9 professora dos anos iniciais em uma escola vinculada \u00e0 Escola Estadual Ind\u00edgena Kuhin\u00e3n Xacriab\u00e1 e \u00e9 uma das tutoras do curso de magist\u00e9rio. A educadora ressalta a import\u00e2ncia de o curso ser realizado dentro do territ\u00f3rio ind\u00edgena.<\/p>\n<p>\u201cA vantagem \u00e9 que a gente trabalha com professores ind\u00edgenas e o curso acontece dentro do territ\u00f3rio ind\u00edgena. \u00c9 um momento de fortalecimento da nossa cultura. A din\u00e2mica \u00e9 totalmente diferente de voc\u00ea pegar um material did\u00e1tico diferente da realidade do povo. Ent\u00e3o a gente trabalha com o que a gente tem. Estamos em um processo de constru\u00e7\u00e3o do nosso material did\u00e1tico. Em arte e literatura, por exemplo, os alunos produzem versos e m\u00fasicas\u201d, afirma a educadora.<\/p>\n<p><img decoding=\"async\" src=\"http:\/\/aconteceunovale.com.br\/portal\/wp-content\/uploads\/2015\/07\/curso-ministrado-por-educadores-indigenas-reforca-identidade-cultural-do-povo-xacriaba.jpg\" alt=\"\" \/><em>Maca\u00e9 Evaristo visita o territ\u00f3rio Xacriab\u00e1 &#8211; Foto: Marcelo Sant&#8217;Anna\/Imprensa MG<\/em><br \/>\n<\/br><\/p>\n<p>Em visita ao territ\u00f3rio Xacriab\u00e1, a secret\u00e1ria de Estado de Educa\u00e7\u00e3o, Maca\u00e9 Evaristo, destacou que \u201ca realiza\u00e7\u00e3o do curso na localidade demonstra a for\u00e7a da educa\u00e7\u00e3o ind\u00edgena na comunidade, n\u00e3o s\u00f3 pelos seus efeitos na \u00e1rea educacional, mas porque demonstra o poder da educa\u00e7\u00e3o no desenvolvimento da popula\u00e7\u00e3o\u201d.<\/p>\n<p>A Secretaria de Estado de Educa\u00e7\u00e3o j\u00e1 ofertou o curso de magist\u00e9rio ind\u00edgena em tr\u00eas turmas (nos anos 1996 a 1999, 2000 a 2004 e 2004 a 2008). O curso, de n\u00edvel m\u00e9dio, foi respons\u00e1vel pela forma\u00e7\u00e3o de 213 professores ind\u00edgenas de v\u00e1rias etnias e foi ofertado concomitantemente \u00e0 forma\u00e7\u00e3o do ensino m\u00e9dio.<\/p>\n<p><strong>Educa\u00e7\u00e3o ind\u00edgena no Estado<\/strong><\/p>\n<p>Minas Gerais conta com, aproximadamente, 3.500 mil alunos ind\u00edgenas das etnias Kaxix\u00f3, Krenak, Maxakali, Patax\u00f3, Pankararu, Xacriab\u00e1, Xucuru-Kariri e Mokurin. O Estado tem 17 escolas ind\u00edgenas e duas turmas vinculadas a escolas n\u00e3o ind\u00edgenas. O atendimento escolar ind\u00edgena \u00e9 feito em 64 endere\u00e7os. As escolas est\u00e3o localizadas em sete munic\u00edpios. (Ag\u00eancia Minas)<\/p>\n","protected":false},"excerpt":{"rendered":"<p>Curso de Magist\u00e9rio Ind\u00edgena ofertado pela Secretaria de Estado de Educa\u00e7\u00e3o auxilia 80 educadores em sua pr\u00e1tica pedag\u00f3gica. Edna Alves de Barros \u00e9 professora dos anos iniciais da Escola Estadual Ind\u00edgena Manyk\u00e3. Localizada na aldeia Riacho do Brejo, no territ\u00f3rio Xacriab\u00e1 no munic\u00edpio de S\u00e3o Jo\u00e3o das Miss\u00f5es, no Norte de Minas Gerais, a escola [&hellip;]<\/p>\n","protected":false},"author":1,"featured_media":64398,"comment_status":"open","ping_status":"closed","sticky":false,"template":"","format":"standard","meta":{"amp_status":"","footnotes":""},"categories":[40238,1236],"tags":[53419,53418,53415,53420,53424,53421,53417,52792,25872,52793,52796,53423,3735,41170,53416,53422,1810,52794,52795],"class_list":["post-64397","post","type-post","status-publish","format-standard","has-post-thumbnail","hentry","category-educacao-2","category-norte_de_minas","tag-curso-de-magisterio-indigena","tag-curso-ministrado-por-educadores-indigenas","tag-curso-ministrado-por-educadores-indigenas-reforca-identidade-cultural-do-povo-xacriaba","tag-edna-alves-de-barros","tag-escola-estadual-indigena-kuhinan-xacriaba","tag-escola-estadual-indigena-manyka","tag-identidade-cultural-do-povo-xacriaba","tag-kaxixo","tag-krenak","tag-maxakali","tag-mokurin","tag-no-territorio-xacriaba-no-municipio-de-sao-joao-das-missoes","tag-pankararu","tag-pataxo","tag-povo-xacriaba","tag-riacho-do-brejo","tag-sao-joao-das-missoes","tag-xacriaba","tag-xucuru-kariri"],"_links":{"self":[{"href":"https:\/\/aconteceunovale.com.br\/portal\/index.php?rest_route=\/wp\/v2\/posts\/64397","targetHints":{"allow":["GET"]}}],"collection":[{"href":"https:\/\/aconteceunovale.com.br\/portal\/index.php?rest_route=\/wp\/v2\/posts"}],"about":[{"href":"https:\/\/aconteceunovale.com.br\/portal\/index.php?rest_route=\/wp\/v2\/types\/post"}],"author":[{"embeddable":true,"href":"https:\/\/aconteceunovale.com.br\/portal\/index.php?rest_route=\/wp\/v2\/users\/1"}],"replies":[{"embeddable":true,"href":"https:\/\/aconteceunovale.com.br\/portal\/index.php?rest_route=%2Fwp%2Fv2%2Fcomments&post=64397"}],"version-history":[{"count":0,"href":"https:\/\/aconteceunovale.com.br\/portal\/index.php?rest_route=\/wp\/v2\/posts\/64397\/revisions"}],"wp:featuredmedia":[{"embeddable":true,"href":"https:\/\/aconteceunovale.com.br\/portal\/index.php?rest_route=\/wp\/v2\/media\/64398"}],"wp:attachment":[{"href":"https:\/\/aconteceunovale.com.br\/portal\/index.php?rest_route=%2Fwp%2Fv2%2Fmedia&parent=64397"}],"wp:term":[{"taxonomy":"category","embeddable":true,"href":"https:\/\/aconteceunovale.com.br\/portal\/index.php?rest_route=%2Fwp%2Fv2%2Fcategories&post=64397"},{"taxonomy":"post_tag","embeddable":true,"href":"https:\/\/aconteceunovale.com.br\/portal\/index.php?rest_route=%2Fwp%2Fv2%2Ftags&post=64397"}],"curies":[{"name":"wp","href":"https:\/\/api.w.org\/{rel}","templated":true}]}}