{"id":64280,"date":"2015-07-27T21:07:17","date_gmt":"2015-07-28T00:07:17","guid":{"rendered":"http:\/\/aconteceunovale.com.br\/portal\/?p=64280"},"modified":"2015-07-27T21:07:17","modified_gmt":"2015-07-28T00:07:17","slug":"filha-de-ex-gerente-bancario-em-coronel-murta-e-sepultada-em-belo-horizonte","status":"publish","type":"post","link":"https:\/\/aconteceunovale.com.br\/portal\/?p=64280","title":{"rendered":"Filha de ex-gerente banc\u00e1rio em Coronel Murta \u00e9 sepultada em Belo Horizonte"},"content":{"rendered":"<p>Tristeza e dor marcaram o sepultamento da jovem Graziela Dias Freire, 26 anos, nesta segunda-feira (27\/07), em Belo Horizonte. Familiares, amigos e colegas compareceram \u00e0 cerim\u00f4nia.<\/p>\n<p>A rec\u00e9m-formada em Direito morreu em um grave acidente na manh\u00e3 de domingo, 26 de julho, na altura do quil\u00f4metro 464 da BR-040. Ela estava sozinha e conduzia uma caminhonete Fiat Strada de Paraopeba para Sete Lagoas.<\/p>\n<p><img decoding=\"async\" src=\"http:\/\/aconteceunovale.com.br\/portal\/wp-content\/uploads\/2015\/07\/acidente_graziela_1.jpg\" alt=\"\" \/><em>Graziela Dias era formada em direito e sonhava em ser ju\u00edza &#8211; Foto: Reprodu\u00e7\u00e3o\/Facebook<\/em><br \/>\n<\/br><\/p>\n<p>O acidente ocorreu no local conhecido como Gineta. Segundo a Pol\u00edcia Rodovi\u00e1ria Federal, a caminhonete invadiu o canteiro central da rodovia. Ao tentar retornar para a pista, a advogada perdeu o controle da dire\u00e7\u00e3o, saiu da pista e bateu em uma \u00e1rvore. Ela morreu no local do acidente.<\/p>\n<p>Na noite anterior, Graziela havia participado da comemora\u00e7\u00e3o dos seus 26 anos, e no dia do acidente se reuniria com familiares para dar continuidade \u00e0 festa.<\/p>\n<p>Ela era filha do casal Geraldo Magela Freire e Emilene Dias, de Coronel Murta. O pai, natural de Comercinho, tamb\u00e9m no Vale do Jequitinhonha, foi gerente da ag\u00eancia do Bemge (atual Banco Ita\u00fa) em Coronel Murta.<\/p>\n<p><img decoding=\"async\" src=\"http:\/\/aconteceunovale.com.br\/portal\/wp-content\/uploads\/2015\/07\/acidente_graziela_2.jpg\" alt=\"\" \/><em>O carro que era conduzido por Graziela ficou destru\u00eddo &#8211; Foto: Reprodu\u00e7\u00e3o\/Facebook<\/em><br \/>\n<\/br><\/p>\n<p><em>(Fonte: Gazeta de Ara\u00e7ua\u00ed)<\/em><\/p>\n","protected":false},"excerpt":{"rendered":"<p>Tristeza e dor marcaram o sepultamento da jovem Graziela Dias Freire, 26 anos, nesta segunda-feira (27\/07), em Belo Horizonte. Familiares, amigos e colegas compareceram \u00e0 cerim\u00f4nia. A rec\u00e9m-formada em Direito morreu em um grave acidente na manh\u00e3 de domingo, 26 de julho, na altura do quil\u00f4metro 464 da BR-040. Ela estava sozinha e conduzia uma [&hellip;]<\/p>\n","protected":false},"author":1,"featured_media":64281,"comment_status":"open","ping_status":"closed","sticky":false,"template":"","format":"standard","meta":{"amp_status":"","footnotes":""},"categories":[120],"tags":[53248,426,483,53250,53251,53249,53246,53247,1437,1532],"class_list":["post-64280","post","type-post","status-publish","format-standard","has-post-thumbnail","hentry","category-jequi","tag-acidente-com-graziela-dias-freire","tag-comercinho","tag-coronel-murta","tag-emilene-dias","tag-filha-de-ex-gerente-bancario-em-coronel-murta-e-sepultada","tag-geraldo-magela-freire","tag-graziela-dias-freire","tag-morte-de-graziela-dias-freire","tag-paraopeba","tag-sete-lagoas"],"_links":{"self":[{"href":"https:\/\/aconteceunovale.com.br\/portal\/index.php?rest_route=\/wp\/v2\/posts\/64280","targetHints":{"allow":["GET"]}}],"collection":[{"href":"https:\/\/aconteceunovale.com.br\/portal\/index.php?rest_route=\/wp\/v2\/posts"}],"about":[{"href":"https:\/\/aconteceunovale.com.br\/portal\/index.php?rest_route=\/wp\/v2\/types\/post"}],"author":[{"embeddable":true,"href":"https:\/\/aconteceunovale.com.br\/portal\/index.php?rest_route=\/wp\/v2\/users\/1"}],"replies":[{"embeddable":true,"href":"https:\/\/aconteceunovale.com.br\/portal\/index.php?rest_route=%2Fwp%2Fv2%2Fcomments&post=64280"}],"version-history":[{"count":0,"href":"https:\/\/aconteceunovale.com.br\/portal\/index.php?rest_route=\/wp\/v2\/posts\/64280\/revisions"}],"wp:featuredmedia":[{"embeddable":true,"href":"https:\/\/aconteceunovale.com.br\/portal\/index.php?rest_route=\/wp\/v2\/media\/64281"}],"wp:attachment":[{"href":"https:\/\/aconteceunovale.com.br\/portal\/index.php?rest_route=%2Fwp%2Fv2%2Fmedia&parent=64280"}],"wp:term":[{"taxonomy":"category","embeddable":true,"href":"https:\/\/aconteceunovale.com.br\/portal\/index.php?rest_route=%2Fwp%2Fv2%2Fcategories&post=64280"},{"taxonomy":"post_tag","embeddable":true,"href":"https:\/\/aconteceunovale.com.br\/portal\/index.php?rest_route=%2Fwp%2Fv2%2Ftags&post=64280"}],"curies":[{"name":"wp","href":"https:\/\/api.w.org\/{rel}","templated":true}]}}