{"id":64276,"date":"2015-07-27T20:46:02","date_gmt":"2015-07-27T23:46:02","guid":{"rendered":"http:\/\/aconteceunovale.com.br\/portal\/?p=64276"},"modified":"2015-07-27T20:48:52","modified_gmt":"2015-07-27T23:48:52","slug":"vila-de-biribiri-em-diamantina-renasce-com-novos-moradores","status":"publish","type":"post","link":"https:\/\/aconteceunovale.com.br\/portal\/?p=64276","title":{"rendered":"Vila de Biribiri, em Diamantina, renasce com novos moradores"},"content":{"rendered":"<p>De uma \u201ccidade\u201d quase fantasma no Vale do Jequitinhonha a um condom\u00ednio misto, com resid\u00eancias, hot\u00e9is, restaurantes, museu, lojas e uma futura vin\u00edcola. Esse \u00e9 o novo perfil da buc\u00f3lica vila de Biribiri (buraco fundo, em tupi-guarani), tombada pelo Instituto Estadual do Patrim\u00f4nio Hist\u00f3rico e Art\u00edstico de Minas Gerais (Iepha), a 15 quil\u00f4metros do Centro hist\u00f3rico de Diamantina e a 350 de Belo Horizonte.<\/p>\n<p>A tradicional fam\u00edlia Mascarenhas, do ramo de tecelagem, vendeu 30 das 33 constru\u00e7\u00f5es do povoado, erguido em 1877 para sediar uma f\u00e1brica de fia\u00e7\u00e3o. O projeto vingou, no primeiro momento: havia 1,2 mil moradores no auge da linha de montagem. Mas, em 1973, a empresa n\u00e3o resistiu ao alto custo da produ\u00e7\u00e3o e fechou as portas. O n\u00famero de habitantes despencou: tr\u00eas adultos e uma crian\u00e7a residiam l\u00e1 nos \u00faltimos anos.<\/p>\n<p>Desde ent\u00e3o, os Mascarenhas tentaram negociar Biribiri no atacado. \u00c0 falta de um comprador que desembolsasse alguns milh\u00f5es de d\u00f3lares, a fam\u00edlia optou por vender os im\u00f3veis no varejo. Cada um saiu entre R$ 100 mil e R$ 200 mil. Agora, Biribiri tem mais 30 donos. Apenas a igreja cat\u00f3lica, o galp\u00e3o da f\u00e1brica e a casa-grande (moradia do gerente da empresa) n\u00e3o mudaram de m\u00e3os.<\/p>\n<p>Quem chega \u00e0 vila percebe as mudan\u00e7as. Bet\u00e2nia Novaes e Gl\u00edcia Winders adquiriram o im\u00f3vel que um dia foi dormit\u00f3rio dos oper\u00e1rios. Nele, montaram uma aconchegante e bem equipada pousada, com 12 apartamentos e capacidade para 28 h\u00f3spedes.<\/p>\n<p>\u201cBiribiri ganha nova cara. Um museu ser\u00e1 aberto perto daqui. H\u00e1 um projeto para uma vin\u00edcola e outro para um hotel, com 60 apartamentos\u201d, revela Bet\u00e2nia, que considera positiva a chegada de mais um hotel ao lugar. \u201cAfinal, somos parceiros comerciais.\u201d<\/p>\n<p>Outro empreendimento j\u00e1 em opera\u00e7\u00e3o foi aberto pela fam\u00edlia de Carlos Ferreira. Os pais dele compraram o antigo armaz\u00e9m, que agora \u00e9 um restaurante cujo carro-chefe \u00e9 o frango ao molho pardo. \u201cD\u00e1 para servir seis pessoas e custa R$ 90. Meu pai foi funcion\u00e1rio da f\u00e1brica. Morei aqui quando pequeno. Conhecemos o lugar como poucos. \u00c9 agrad\u00e1vel, bonito&#8230; Tenho forte liga\u00e7\u00e3o com Biribiri\u201d, faz quest\u00e3o de contar o dono do novo neg\u00f3cio. Boa parte dos novos propriet\u00e1rios, ali\u00e1s, tem forte v\u00ednculo afetivo com o lugarejo.<\/p>\n<p>Um deles \u00e9 o administrador Juscelino Brasiliano Roque, que sente orgulho em contar que seu nome homenageia o ex-presidente Juscelino Kubitschek (1902-1976). \u201cJK era amigo da fam\u00edlia. Tenho um telegrama enviado por ele no dia do meu nascimento, 21 de abril de 1960, data da funda\u00e7\u00e3o de Bras\u00edlia\u201d.<\/p>\n<p>O xar\u00e1 do ex-presidente est\u00e1 \u00e0 frente da Associa\u00e7\u00e3o dos Moradores da Vila do Biribiri. Ele adianta outro ponto comercial que ser\u00e1 aberto em breve: \u201cCederemos um espa\u00e7o para uma institui\u00e7\u00e3o de caridade interessada em montar uma lojinha. Dever\u00e1 ter rotatividade (na explora\u00e7\u00e3o do lugar), \u00e9 um contrato por tempo previamente determinado\u201d.<\/p>\n<p>Juscelino garante que os visitantes continuar\u00e3o bem-vindos ao lugarejo, mas pondera a implanta\u00e7\u00e3o de regras, como local reservado ao estacionamento de ve\u00edculos. Tamb\u00e9m est\u00e1 proibido som alto no local. \u201cBiribiri nunca ser\u00e1 fechada para a popula\u00e7\u00e3o, como nunca esteve. Mas agora h\u00e1 regras\u201d. Para os moradores e empres\u00e1rios, ficou definida a manuten\u00e7\u00e3o da fachada dos im\u00f3veis nas cores branca e azul.<\/p>\n<p><img decoding=\"async\" src=\"http:\/\/aconteceunovale.com.br\/portal\/wp-content\/uploads\/2015\/07\/biribiri_dtna_1.jpg\" alt=\"\" \/><em>Vista da Vila de Biribiri, em Diamantina &#8211; Foto: Reprodu\u00e7\u00e3o \/ Facebook<\/em><br \/>\n<\/br><\/p>\n<p><strong>Inspira\u00e7\u00e3o<\/strong><\/p>\n<p>A escritora \u00c2ngela Lago tamb\u00e9m comprou uma casa no povoado. O contato com a natureza lhe d\u00e1 inspira\u00e7\u00e3o para o novo livro, a ser entregue \u00e0 editora em setembro. \u201cSer\u00e1 baseado na flora.\u201d Ela e os outros moradores desembolsam R$ 200 mensais, a t\u00edtulo de condom\u00ednio. Todos os meses, at\u00e9 dezembro, eles pagar\u00e3o mais R$ 200 mensais para a reforma de um im\u00f3vel que ajudar\u00e1 a fomentar a economia do lugar.<\/p>\n<p>Trata-se do casar\u00e3o que servir\u00e1 de palco para festas, reuni\u00f5es e pequenos eventos. \u201cA primeira coisa que fizemos no povoado foi a capta\u00e7\u00e3o de \u00e1gua e o escoamento. A barragem foi restaurada. Colocamos dois cruzeiros nas montanhas e fixaremos mais seis. O historiador Wander Concei\u00e7\u00e3o, um dos mais importantes do Brasil, est\u00e1 nos ajudando\u201d, finalizou Juscelino.<\/p>\n<p><em>(Fonte: Estado de Minas)<\/em><\/p>\n","protected":false},"excerpt":{"rendered":"<p>De uma \u201ccidade\u201d quase fantasma no Vale do Jequitinhonha a um condom\u00ednio misto, com resid\u00eancias, hot\u00e9is, restaurantes, museu, lojas e uma futura vin\u00edcola. Esse \u00e9 o novo perfil da buc\u00f3lica vila de Biribiri (buraco fundo, em tupi-guarani), tombada pelo Instituto Estadual do Patrim\u00f4nio Hist\u00f3rico e Art\u00edstico de Minas Gerais (Iepha), a 15 quil\u00f4metros do Centro [&hellip;]<\/p>\n","protected":false},"author":1,"featured_media":64277,"comment_status":"open","ping_status":"closed","sticky":false,"template":"","format":"standard","meta":{"amp_status":"","footnotes":""},"categories":[120],"tags":[53242,53239,198,53241,53240,53237,53238,53236,53244,53245,53243],"class_list":["post-64276","post","type-post","status-publish","format-standard","has-post-thumbnail","hentry","category-jequi","tag-angela-lago","tag-betania-novaes","tag-diamantina","tag-escritora-angela-lago","tag-glicia-winders","tag-novos-moradores-da-vila-de-biribiri","tag-renascimento-da-vila-de-biribiri","tag-vila-de-biribiri","tag-vila-de-biribiri-em-diamantina-renasce-com-novos-moradores","tag-vila-de-biribiri-renasce-com-novos-moradores","tag-wander-conceicao"],"_links":{"self":[{"href":"https:\/\/aconteceunovale.com.br\/portal\/index.php?rest_route=\/wp\/v2\/posts\/64276","targetHints":{"allow":["GET"]}}],"collection":[{"href":"https:\/\/aconteceunovale.com.br\/portal\/index.php?rest_route=\/wp\/v2\/posts"}],"about":[{"href":"https:\/\/aconteceunovale.com.br\/portal\/index.php?rest_route=\/wp\/v2\/types\/post"}],"author":[{"embeddable":true,"href":"https:\/\/aconteceunovale.com.br\/portal\/index.php?rest_route=\/wp\/v2\/users\/1"}],"replies":[{"embeddable":true,"href":"https:\/\/aconteceunovale.com.br\/portal\/index.php?rest_route=%2Fwp%2Fv2%2Fcomments&post=64276"}],"version-history":[{"count":0,"href":"https:\/\/aconteceunovale.com.br\/portal\/index.php?rest_route=\/wp\/v2\/posts\/64276\/revisions"}],"wp:featuredmedia":[{"embeddable":true,"href":"https:\/\/aconteceunovale.com.br\/portal\/index.php?rest_route=\/wp\/v2\/media\/64277"}],"wp:attachment":[{"href":"https:\/\/aconteceunovale.com.br\/portal\/index.php?rest_route=%2Fwp%2Fv2%2Fmedia&parent=64276"}],"wp:term":[{"taxonomy":"category","embeddable":true,"href":"https:\/\/aconteceunovale.com.br\/portal\/index.php?rest_route=%2Fwp%2Fv2%2Fcategories&post=64276"},{"taxonomy":"post_tag","embeddable":true,"href":"https:\/\/aconteceunovale.com.br\/portal\/index.php?rest_route=%2Fwp%2Fv2%2Ftags&post=64276"}],"curies":[{"name":"wp","href":"https:\/\/api.w.org\/{rel}","templated":true}]}}