{"id":64269,"date":"2015-07-27T19:43:22","date_gmt":"2015-07-27T22:43:22","guid":{"rendered":"http:\/\/aconteceunovale.com.br\/portal\/?p=64269"},"modified":"2015-07-27T19:43:22","modified_gmt":"2015-07-27T22:43:22","slug":"inscricoes-para-o-fies-comecam-na-proxima-semana","status":"publish","type":"post","link":"https:\/\/aconteceunovale.com.br\/portal\/?p=64269","title":{"rendered":"Inscri\u00e7\u00f5es para o Fies come\u00e7am na pr\u00f3xima semana"},"content":{"rendered":"<p>As inscri\u00e7\u00f5es para o processo seletivo da segunda edi\u00e7\u00e3o de 2015 do Fundo de Financiamento Estudantil (Fies) ser\u00e3o abertas na pr\u00f3xima segunda-feira (3), pela internet. Os candidatos ter\u00e3o at\u00e9 quinta-feira (6) para fazer a inscri\u00e7\u00e3o. O cronograma e as regras desta edi\u00e7\u00e3o do Fies est\u00e3o em edital publicado na edi\u00e7\u00e3o de hoje (27) do Di\u00e1rio Oficial da Uni\u00e3o.<\/p>\n<p>O resultado da pr\u00e9-sele\u00e7\u00e3o ser\u00e1 divulgado no dia 10 de agosto, em chamada \u00fanica. Os estudantes pr\u00e9-selecionados dever\u00e3o concluir a inscri\u00e7\u00e3o na internet e completar o processo no estabelecimento de ensino e na institui\u00e7\u00e3o financeira. Quem n\u00e3o for pr\u00e9-selecionado passa a integrar a lista de espera.<\/p>\n<p>No final de junho, o ministro da Educa\u00e7\u00e3o, Renato Janine Ribeiro, anunciou que nesta edi\u00e7\u00e3o seriam ofertadas 61,5 mil vagas , com prioridade para os cursos das \u00e1reas de engenharia, sa\u00fade e a forma\u00e7\u00e3o de professores e para as regi\u00f5es Norte, Nordeste e Cento-Oeste, exclu\u00eddo o Distrito Federal.<\/p>\n<p><strong>Taxa de juros<\/strong><\/p>\n<p>Nesta edi\u00e7\u00e3o, entram em vigor as novas regras para o Fies anunciadas pelo Minist\u00e9rio da Educa\u00e7\u00e3o, e os estudantes passam a ser selecionados de acordo com a nota obtida no Exame Nacional do Ensino M\u00e9dio (Enem). Para os novos contratos, passa a valer a taxa de juros de 6,5%.<\/p>\n<p>De acordo com o edital, o estudante poder\u00e1 se inscrever em um \u00fanico curso e turno de gradua\u00e7\u00e3o dentre aqueles com vagas ofertadas no processo seletivo. Durante o per\u00edodo de inscri\u00e7\u00e3o, o estudante poder\u00e1 alterar a op\u00e7\u00e3o de vaga.<\/p>\n<p>Podem se inscrever no processo seletivo do Fies, conforme o edital, os candidatos que n\u00e3o tenham conclu\u00eddo curso superior, tenham participado do Enem a partir da edi\u00e7\u00e3o de 2010, obtido m\u00e9dia a partir de 450 pontos no exame e n\u00e3o tenham tirado nota 0 na reda\u00e7\u00e3o.<\/p>\n<p>Outro crit\u00e9rio \u00e9 que o candidato tenha renda familiar mensal bruta per capita de at\u00e9 2,5 sal\u00e1rios m\u00ednimos. Quem concluiu o ensino m\u00e9dio antes de 2010 pode participar mesmo que n\u00e3o tenha feito prova do Enem. Nesse caso, o crit\u00e9rio para a classifica\u00e7\u00e3o seguir\u00e1 uma f\u00f3rmula que leva em conta itens com renda familiar e ra\u00e7a.<\/p>\n<p><img decoding=\"async\" src=\"http:\/\/agenciabrasil.ebc.com.br\/sites\/_agenciabrasil2013\/files\/styles\/node_gallery_display\/public\/info_agencia_novo_fies.png\" alt=\"\" \/><\/p>\n","protected":false},"excerpt":{"rendered":"<p>As inscri\u00e7\u00f5es para o processo seletivo da segunda edi\u00e7\u00e3o de 2015 do Fundo de Financiamento Estudantil (Fies) ser\u00e3o abertas na pr\u00f3xima segunda-feira (3), pela internet. Os candidatos ter\u00e3o at\u00e9 quinta-feira (6) para fazer a inscri\u00e7\u00e3o. O cronograma e as regras desta edi\u00e7\u00e3o do Fies est\u00e3o em edital publicado na edi\u00e7\u00e3o de hoje (27) do Di\u00e1rio [&hellip;]<\/p>\n","protected":false},"author":1,"featured_media":64270,"comment_status":"open","ping_status":"closed","sticky":false,"template":"","format":"standard","meta":{"amp_status":"","footnotes":""},"categories":[6,40238],"tags":[524,35532,19660,665,39687,28879,34642,53229,53228,49899,53227,53230,19152,53226],"class_list":["post-64269","post","type-post","status-publish","format-standard","has-post-thumbnail","hentry","category-br","category-educacao-2","tag-enem","tag-engenharia","tag-estudantes","tag-fies","tag-inscrever-no-fies","tag-inscricoes","tag-inscricoes-para-o-fies","tag-matriculas","tag-mudanca-na-taxa-de-juros-do-fies","tag-mudancas-no-fies","tag-nova-taxa-de-juros-do-fies","tag-o-que-muda-no-fies","tag-saude","tag-taxa-de-juros-do-fies"],"_links":{"self":[{"href":"https:\/\/aconteceunovale.com.br\/portal\/index.php?rest_route=\/wp\/v2\/posts\/64269","targetHints":{"allow":["GET"]}}],"collection":[{"href":"https:\/\/aconteceunovale.com.br\/portal\/index.php?rest_route=\/wp\/v2\/posts"}],"about":[{"href":"https:\/\/aconteceunovale.com.br\/portal\/index.php?rest_route=\/wp\/v2\/types\/post"}],"author":[{"embeddable":true,"href":"https:\/\/aconteceunovale.com.br\/portal\/index.php?rest_route=\/wp\/v2\/users\/1"}],"replies":[{"embeddable":true,"href":"https:\/\/aconteceunovale.com.br\/portal\/index.php?rest_route=%2Fwp%2Fv2%2Fcomments&post=64269"}],"version-history":[{"count":0,"href":"https:\/\/aconteceunovale.com.br\/portal\/index.php?rest_route=\/wp\/v2\/posts\/64269\/revisions"}],"wp:featuredmedia":[{"embeddable":true,"href":"https:\/\/aconteceunovale.com.br\/portal\/index.php?rest_route=\/wp\/v2\/media\/64270"}],"wp:attachment":[{"href":"https:\/\/aconteceunovale.com.br\/portal\/index.php?rest_route=%2Fwp%2Fv2%2Fmedia&parent=64269"}],"wp:term":[{"taxonomy":"category","embeddable":true,"href":"https:\/\/aconteceunovale.com.br\/portal\/index.php?rest_route=%2Fwp%2Fv2%2Fcategories&post=64269"},{"taxonomy":"post_tag","embeddable":true,"href":"https:\/\/aconteceunovale.com.br\/portal\/index.php?rest_route=%2Fwp%2Fv2%2Ftags&post=64269"}],"curies":[{"name":"wp","href":"https:\/\/api.w.org\/{rel}","templated":true}]}}