{"id":64234,"date":"2015-07-27T13:39:53","date_gmt":"2015-07-27T16:39:53","guid":{"rendered":"http:\/\/aconteceunovale.com.br\/portal\/?p=64234"},"modified":"2015-07-27T13:39:53","modified_gmt":"2015-07-27T16:39:53","slug":"dupla-sertaneja-cancela-show-em-minas-e-fas-suspeitam-de-bebedeira","status":"publish","type":"post","link":"https:\/\/aconteceunovale.com.br\/portal\/?p=64234","title":{"rendered":"Dupla sertaneja cancela show em Minas e f\u00e3s suspeitam de bebedeira"},"content":{"rendered":"<p>Milhares de pessoas que esperavam o show de Jads e Jadson no Parque de Exposi\u00e7\u00e3o de Entre Rios de Minas, na Regi\u00e3o Central de Minas, se decepcionaram com o cancelamento da apresenta\u00e7\u00e3o na noite do \u00faltimo s\u00e1bado, 25 de julho. Alegando uma indisposi\u00e7\u00e3o do irm\u00e3o, Jads subiu ao palco sozinho para desculpar-se com os f\u00e3s. Parte do p\u00fablico da cidade na Regi\u00e3o Central do estado n\u00e3o perdoou e recebeu o m\u00fasico com vaias.<\/p>\n<p>Em nota divulgada pela assessoria de imprensa da dupla, os irm\u00e3os cantores explicaram o ocorrido. <em>\u201cGostar\u00edamos de informar ao p\u00fablico, f\u00e3s e ve\u00edculos de comunica\u00e7\u00e3o que o show da dupla Jads &#038; Jadson que aconteceria ontem, dia 25\/07, na cidade de Entre Rios de Minas-MG, n\u00e3o p\u00f4de ser realizado por uma grave rea\u00e7\u00e3o al\u00e9rgica do cantor Jadson, que foi imediatamente hospitalizado e j\u00e1 est\u00e1 se recuperando\u201d<\/em>, relataram. Informaram tamb\u00e9m que o show foi remarcado para a tarde deste domingo, 26.<\/p>\n<p>Entre os f\u00e3s que participavam do show, o clima era de muita revolta e decep\u00e7\u00e3o com o m\u00fasico, que teria subido ao palco supostamente alcoolizado (veja v\u00eddeo abaixo).<\/p>\n<p><iframe loading=\"lazy\" width=\"640\" height=\"360\" src=\"https:\/\/www.youtube.com\/embed\/ma-QxV2hh2g\" frameborder=\"0\" allowfullscreen><\/iframe><\/p>\n<p><em>(Fonte: Divirta-se do UAI)<\/em><\/p>\n","protected":false},"excerpt":{"rendered":"<p>Milhares de pessoas que esperavam o show de Jads e Jadson no Parque de Exposi\u00e7\u00e3o de Entre Rios de Minas, na Regi\u00e3o Central de Minas, se decepcionaram com o cancelamento da apresenta\u00e7\u00e3o na noite do \u00faltimo s\u00e1bado, 25 de julho. Alegando uma indisposi\u00e7\u00e3o do irm\u00e3o, Jads subiu ao palco sozinho para desculpar-se com os f\u00e3s. [&hellip;]<\/p>\n","protected":false},"author":1,"featured_media":64235,"comment_status":"open","ping_status":"closed","sticky":false,"template":"","format":"standard","meta":{"amp_status":"","footnotes":""},"categories":[125],"tags":[53118,53119,53112,53115,53116,53117,53114,53111,53113],"class_list":["post-64234","post","type-post","status-publish","format-standard","has-post-thumbnail","hentry","category-noticias","tag-bebedeira-de-jads-e-jadson","tag-dupla-sertaneja-cancela-show-em-minas-e-fas-suspeitam-de-bebedeira","tag-jads-e-jadson","tag-jads-e-jadson-abandona-palco","tag-jads-e-jadson-abandona-show","tag-jads-e-jadson-bebedeira","tag-jads-e-jadson-em-entre-rios-de-minas","tag-show-de-jads-e-jadson","tag-show-de-jads-e-jadson-em-entre-rios-de-minas"],"_links":{"self":[{"href":"https:\/\/aconteceunovale.com.br\/portal\/index.php?rest_route=\/wp\/v2\/posts\/64234","targetHints":{"allow":["GET"]}}],"collection":[{"href":"https:\/\/aconteceunovale.com.br\/portal\/index.php?rest_route=\/wp\/v2\/posts"}],"about":[{"href":"https:\/\/aconteceunovale.com.br\/portal\/index.php?rest_route=\/wp\/v2\/types\/post"}],"author":[{"embeddable":true,"href":"https:\/\/aconteceunovale.com.br\/portal\/index.php?rest_route=\/wp\/v2\/users\/1"}],"replies":[{"embeddable":true,"href":"https:\/\/aconteceunovale.com.br\/portal\/index.php?rest_route=%2Fwp%2Fv2%2Fcomments&post=64234"}],"version-history":[{"count":0,"href":"https:\/\/aconteceunovale.com.br\/portal\/index.php?rest_route=\/wp\/v2\/posts\/64234\/revisions"}],"wp:featuredmedia":[{"embeddable":true,"href":"https:\/\/aconteceunovale.com.br\/portal\/index.php?rest_route=\/wp\/v2\/media\/64235"}],"wp:attachment":[{"href":"https:\/\/aconteceunovale.com.br\/portal\/index.php?rest_route=%2Fwp%2Fv2%2Fmedia&parent=64234"}],"wp:term":[{"taxonomy":"category","embeddable":true,"href":"https:\/\/aconteceunovale.com.br\/portal\/index.php?rest_route=%2Fwp%2Fv2%2Fcategories&post=64234"},{"taxonomy":"post_tag","embeddable":true,"href":"https:\/\/aconteceunovale.com.br\/portal\/index.php?rest_route=%2Fwp%2Fv2%2Ftags&post=64234"}],"curies":[{"name":"wp","href":"https:\/\/api.w.org\/{rel}","templated":true}]}}