{"id":63820,"date":"2015-07-21T19:09:13","date_gmt":"2015-07-21T22:09:13","guid":{"rendered":"http:\/\/aconteceunovale.com.br\/portal\/?p=63820"},"modified":"2015-07-21T19:10:17","modified_gmt":"2015-07-21T22:10:17","slug":"greve-ameaca-adiar-inicio-das-aulas-do-segundo-semestre-em-17-instituicoes-federais-de-mg","status":"publish","type":"post","link":"https:\/\/aconteceunovale.com.br\/portal\/?p=63820","title":{"rendered":"Greve amea\u00e7a volta \u00e0s aulas em 17 institui\u00e7\u00f5es federais de Minas Gerais"},"content":{"rendered":"<p>Em Minas, a ades\u00e3o \u00e0 greve dos servidores t\u00e9cnico-administrativos nas institui\u00e7\u00f5es federais de ensino \u00e9 total, segundo o Sindicato dos Trabalhadores de Institui\u00e7\u00f5es Federais (Sindifes). S\u00e3o 17 institui\u00e7\u00f5es fomentadas pelo Governo Federal, incluindo 11 universidades federais, em todo o Estado. J\u00e1 no Brasil, s\u00e3o 66 institui\u00e7\u00f5es federais paralisadas, o que deve contribuir para adiar o calend\u00e1rio letivo nas universidades federais.<\/p>\n<p>Em reuni\u00e3o com o Minist\u00e9rio do Planejamento em Bras\u00edlia nessa segunda-feira (20), o governo federal manteve a proposta de um reajuste total de cerca de 21% dividido em quatro anos. A categoria est\u00e1 mais inclinada a rejeitar a proposta do que aceit\u00e1-la, uma vez que anualmente a fra\u00e7\u00e3o deste valor n\u00e3o cobriria sequer a infla\u00e7\u00e3o, segundo o sindicato.<\/p>\n<p>Al\u00e9m de manter a proposta de reajuste de 21,3% dividido por quatro anos, alegando que a infla\u00e7\u00e3o este ano fecharia em 5,5%, houve tamb\u00e9m a proposta de um reajuste nos benef\u00edcios de alimenta\u00e7\u00e3o, sa\u00fade e aux\u00edlio creche.  Somados, os tr\u00eas reajustes significariam um impacto anual or\u00e7ament\u00e1rio de R$ 1,3 bilh\u00e3o. Considerando que, este ano, a expectativa \u00e9 que a infla\u00e7\u00e3o atinja 6,5%, estourando a meta de 4,5%, os servidores n\u00e3o veriam o ganho real do reajuste.<\/p>\n<p>Outra sugest\u00e3o do secret\u00e1rio de Rela\u00e7\u00f5es de Trabalho no Servi\u00e7o P\u00fablico do Minist\u00e9rio do Planejamento, Or\u00e7amento e Gest\u00e3o (MP) S\u00e9rgio Mendon\u00e7a \u00e9 a respeito da ado\u00e7\u00e3o de uma cl\u00e1usula de revis\u00e3o na proposta de reajuste plurianual (quatro anos), para preservar o poder aquisitivo. \u201cSe errarmos na previs\u00e3o de infla\u00e7\u00e3o futura, estamos dispostos a sentar novamente \u00e0 mesa e renegociar o acordo\u201d, esclareceu.<\/p>\n<p>Os servidores alegam que em 2011 e 2012 n\u00e3o houve reajuste, e em 2013, 2014 e 2015 este reajuste foi de cerca de 5%, ou seja, sempre abaixo da infla\u00e7\u00e3o. Segundo c\u00e1lculos do Sindifes, desde 2011 a categoria perdeu 27,3% do poder de compra devido a falta ou a inefici\u00eancia do reajuste em contraste com a infla\u00e7\u00e3o.<\/p>\n<p>Por isso, a principal reivindica\u00e7\u00e3o da categoria \u00e9 que haja esse \u00edndice de recomposi\u00e7\u00e3o das perdas salariais e, para tanto, o reajuste deveria estar acima da infla\u00e7\u00e3o. O sindicato ainda problematiza que a perda do poder de compra pode chegar a 50% at\u00e9 o fim deste per\u00edodo.<\/p>\n<p>J\u00e1 as outras propostas s\u00e3o para reajustar o aux\u00edlio alimenta\u00e7\u00e3o, atualmente de R$ 373,00 para R$ 458,00, e um reajuste no aux\u00edlio sa\u00fade de cerca de 22,8%. Quanto ao aux\u00edlio creche seria ajustado para R$ 369.<\/p>\n<p><strong>In\u00edcio do semestre adiado<\/strong><\/p>\n<p>No caso da Universidade Federal de Ouro Preto (UFOP), o in\u00edcio das aulas que segundo o calend\u00e1rio acad\u00eamico deveria acontecer no dia 3 de agosto, foi adiado por tempo indeterminado.<\/p>\n<p>\u00c0s 9h desta quinta-feira (23) o Sindifes ir\u00e1 reunir a categoria na Faculdade de Medicina da UFMG para deliberar sobre o proposta e considerar se far\u00e3o uma contra-proposta para voltar a negociar com o governo federal. Ao sindicato, o Minist\u00e9rio do Planejamento prometeu uma nova reuni\u00e3o para daqui a cerca de 10 dias.<\/p>\n<p>Segundo o Minist\u00e9rio da Educa\u00e7\u00e3o (MEC), s\u00f3 em Minas s\u00e3o 17 institui\u00e7\u00f5es fomentadas pelo Governo Federal, incluindo 11 universidades federais. O que no total afeta 160.564 alunos matriculados em todas as institui\u00e7\u00f5es.<\/p>\n<p><strong>Veja a lista das institui\u00e7\u00f5es e universidades em greve no Estado:<\/strong><\/p>\n<p>-Universidade Federal de Minas Gerais (UFMG)<br \/>\n&#8211; Universidade Federal dos Vales Jequitinhonha e Mucuri (UFVJM)<br \/>\n&#8211; Universidade Federal de Juiz de Fora (UFJF)<br \/>\n&#8211; Universidade Federal de Vi\u00e7osa (UFV)<br \/>\n&#8211; Universidade Federal de Uberl\u00e2ndia (UFU)<br \/>\n&#8211; Uberada &#8211; Universidade Federal do Tri\u00e2ngulo Mineiro (UFTM)<br \/>\n&#8211; Universidade Federal de S\u00e3o Jo\u00e3o Del Rei (UFSJ)<br \/>\n&#8211; Universidade Federal de Ouro Preto (UFOP)<br \/>\n&#8211; Universidade Federal de Lavras (UFLA)<br \/>\n&#8211; Universidade Federal de Alfenas  (UNIFAL)<br \/>\n&#8211; Universidade Federal de Itajuba (UNIFEI)<br \/>\n&#8211; Centro Federal de Educa\u00e7\u00e3o Tecnol\u00f3gica de Minas Gerais (CEFET-MG)<br \/>\n&#8211; Instituto Federal de Minas Gerais (IFMG)<br \/>\n&#8211; Instituto Federal do Norte de Minas (IFNMG)<br \/>\n&#8211; Instituto Federal do Sul de Minas (IFSULDEMINAS)<br \/>\n&#8211; Instituto Federal Sudeste de Minas (IFSUDESTEMG)<br \/>\n&#8211; Instituto Federal do Tri\u00e2ngulo Mineiro (IFTM)<\/p>\n<p><em>(Fonte: O Tempo)<\/em><\/p>\n","protected":false},"excerpt":{"rendered":"<p>Em Minas, a ades\u00e3o \u00e0 greve dos servidores t\u00e9cnico-administrativos nas institui\u00e7\u00f5es federais de ensino \u00e9 total, segundo o Sindicato dos Trabalhadores de Institui\u00e7\u00f5es Federais (Sindifes). S\u00e3o 17 institui\u00e7\u00f5es fomentadas pelo Governo Federal, incluindo 11 universidades federais, em todo o Estado. J\u00e1 no Brasil, s\u00e3o 66 institui\u00e7\u00f5es federais paralisadas, o que deve contribuir para adiar o [&hellip;]<\/p>\n","protected":false},"author":1,"featured_media":60172,"comment_status":"open","ping_status":"closed","sticky":false,"template":"","format":"standard","meta":{"amp_status":"","footnotes":""},"categories":[40238,123],"tags":[1018,52414,52415,52426,52423,46609,45144,52424,52416,52418,52417,52419,52420,52425,52422,52421],"class_list":["post-63820","post","type-post","status-publish","format-standard","has-post-thumbnail","hentry","category-educacao-2","category-gerais","tag-destaque","tag-greve-ameaca-adiar-aulas-em-17-instituicoes-federais-no-estado-de-minas","tag-greve-ameaca-adiar-inicio-das-aulas-do-segundo-semestre-em-17-instituicoes-federais-de-mg","tag-greve-ameaca-volta-as-aulas-em-17-instituicoes-federais-de-minas-gerais","tag-greve-federal","tag-greve-nas-universidades-federais","tag-greve-nos-institutos-federais","tag-greve-tecnicos-administrativos","tag-inicio-das-aulas-do-segundo-semestre","tag-inicio-das-aulas-do-segundo-semestre-nas-universidades-federais","tag-inicio-das-aulas-do-segundo-semestre-no-ifmg","tag-inicio-das-aulas-nas-universidades-federais","tag-inicio-das-aulas-nos-institutos-federais","tag-lista-das-instituicoes-federais-em-greve-no-estado-de-minas-gerais","tag-sindicato-dos-trabalhadores-de-instituicoes-federais","tag-sindifes"],"_links":{"self":[{"href":"https:\/\/aconteceunovale.com.br\/portal\/index.php?rest_route=\/wp\/v2\/posts\/63820","targetHints":{"allow":["GET"]}}],"collection":[{"href":"https:\/\/aconteceunovale.com.br\/portal\/index.php?rest_route=\/wp\/v2\/posts"}],"about":[{"href":"https:\/\/aconteceunovale.com.br\/portal\/index.php?rest_route=\/wp\/v2\/types\/post"}],"author":[{"embeddable":true,"href":"https:\/\/aconteceunovale.com.br\/portal\/index.php?rest_route=\/wp\/v2\/users\/1"}],"replies":[{"embeddable":true,"href":"https:\/\/aconteceunovale.com.br\/portal\/index.php?rest_route=%2Fwp%2Fv2%2Fcomments&post=63820"}],"version-history":[{"count":0,"href":"https:\/\/aconteceunovale.com.br\/portal\/index.php?rest_route=\/wp\/v2\/posts\/63820\/revisions"}],"wp:featuredmedia":[{"embeddable":true,"href":"https:\/\/aconteceunovale.com.br\/portal\/index.php?rest_route=\/wp\/v2\/media\/60172"}],"wp:attachment":[{"href":"https:\/\/aconteceunovale.com.br\/portal\/index.php?rest_route=%2Fwp%2Fv2%2Fmedia&parent=63820"}],"wp:term":[{"taxonomy":"category","embeddable":true,"href":"https:\/\/aconteceunovale.com.br\/portal\/index.php?rest_route=%2Fwp%2Fv2%2Fcategories&post=63820"},{"taxonomy":"post_tag","embeddable":true,"href":"https:\/\/aconteceunovale.com.br\/portal\/index.php?rest_route=%2Fwp%2Fv2%2Ftags&post=63820"}],"curies":[{"name":"wp","href":"https:\/\/api.w.org\/{rel}","templated":true}]}}