{"id":63818,"date":"2015-07-21T18:54:08","date_gmt":"2015-07-21T21:54:08","guid":{"rendered":"http:\/\/aconteceunovale.com.br\/portal\/?p=63818"},"modified":"2015-07-21T18:54:08","modified_gmt":"2015-07-21T21:54:08","slug":"abastecimento-de-agua-volta-a-ser-motivo-de-preocupacao-em-governador-valadares","status":"publish","type":"post","link":"https:\/\/aconteceunovale.com.br\/portal\/?p=63818","title":{"rendered":"Abastecimento de \u00e1gua volta a ser motivo de preocupa\u00e7\u00e3o em Governador Valadares"},"content":{"rendered":"<p>O abastecimento de \u00e1gua voltou a ser motivo de preocupa\u00e7\u00e3o em Governador Valadares, no Leste do Estado. Na segunda-feira (20) o n\u00edvel do Rio Doce chegou \u00e0 marca de 20 cent\u00edmetros negativos e nesta ter\u00e7a-feira (21) atingiu a marca de 32 cent\u00edmetros negativos. Os bairros est\u00e3o sendo abastecidos por meio de revezamento, mas se a popula\u00e7\u00e3o n\u00e3o economizar, pode faltar \u00e1gua.<\/p>\n<p>De acordo com o Servi\u00e7o Aut\u00f4nomo de \u00c1gua e Esgoto (SAAE), com o n\u00edvel do rio normal a vaz\u00e3o de \u00e1gua \u00e9 de 1.023 litros por segundo (l\/s), mas atualmente est\u00e1 em 879 l\/s. Para evitar o desabastecimento, o SAAE refor\u00e7ou a capta\u00e7\u00e3o da Esta\u00e7\u00e3o de Tratamento de \u00c1gua (ETA) Central com a utiliza\u00e7\u00e3o da bomba submersa, instalada em meados do ano passado, no meio do rio. <\/p>\n<p>E pede \u00e0 popula\u00e7\u00e3o que economize \u00e1gua. \u201c\u00c9 preciso que a popula\u00e7\u00e3o se conscientize e adote as medidas de economia, para que n\u00e3o passemos por desabastecimento\u201d, alerta o diretor adjunto do SAAE, Vilmar Rios. A prefeitura vai voltar hoje com campanhas de conscientiza\u00e7\u00e3o pelas redes sociais.<\/p>\n<p>Em junho a vaz\u00e3o m\u00e9dia do rio Doce em Valadares era de 356 metros c\u00fabicos por segundo e na primeira semana desse m\u00eas estava em 167 metros c\u00fabicos por segundo, segundo o ambientalista Henrique Lobo, membro do comit\u00ea da Bacia Hidrogr\u00e1fica do Rio Doce que estuda o manancial h\u00e1 32 anos. (Hoje em Dia)<\/p>\n","protected":false},"excerpt":{"rendered":"<p>O abastecimento de \u00e1gua voltou a ser motivo de preocupa\u00e7\u00e3o em Governador Valadares, no Leste do Estado. Na segunda-feira (20) o n\u00edvel do Rio Doce chegou \u00e0 marca de 20 cent\u00edmetros negativos e nesta ter\u00e7a-feira (21) atingiu a marca de 32 cent\u00edmetros negativos. Os bairros est\u00e3o sendo abastecidos por meio de revezamento, mas se a [&hellip;]<\/p>\n","protected":false},"author":1,"featured_media":40624,"comment_status":"open","ping_status":"closed","sticky":false,"template":"","format":"standard","meta":{"amp_status":"","footnotes":""},"categories":[121],"tags":[52411,52410,52413,32386,247,52412],"class_list":["post-63818","post","type-post","status-publish","format-standard","has-post-thumbnail","hentry","category-leste","tag-abastecimento-de-agua-em-governador-valadares","tag-abastecimento-de-agua-volta-a-ser-motivo-de-preocupacao-em-governador-valadares","tag-escassez-de-agua-em-governador-valadares","tag-falta-de-agua-em-governador-valadares","tag-governador-valadares","tag-nivel-do-rio-doce"],"_links":{"self":[{"href":"https:\/\/aconteceunovale.com.br\/portal\/index.php?rest_route=\/wp\/v2\/posts\/63818","targetHints":{"allow":["GET"]}}],"collection":[{"href":"https:\/\/aconteceunovale.com.br\/portal\/index.php?rest_route=\/wp\/v2\/posts"}],"about":[{"href":"https:\/\/aconteceunovale.com.br\/portal\/index.php?rest_route=\/wp\/v2\/types\/post"}],"author":[{"embeddable":true,"href":"https:\/\/aconteceunovale.com.br\/portal\/index.php?rest_route=\/wp\/v2\/users\/1"}],"replies":[{"embeddable":true,"href":"https:\/\/aconteceunovale.com.br\/portal\/index.php?rest_route=%2Fwp%2Fv2%2Fcomments&post=63818"}],"version-history":[{"count":0,"href":"https:\/\/aconteceunovale.com.br\/portal\/index.php?rest_route=\/wp\/v2\/posts\/63818\/revisions"}],"wp:featuredmedia":[{"embeddable":true,"href":"https:\/\/aconteceunovale.com.br\/portal\/index.php?rest_route=\/wp\/v2\/media\/40624"}],"wp:attachment":[{"href":"https:\/\/aconteceunovale.com.br\/portal\/index.php?rest_route=%2Fwp%2Fv2%2Fmedia&parent=63818"}],"wp:term":[{"taxonomy":"category","embeddable":true,"href":"https:\/\/aconteceunovale.com.br\/portal\/index.php?rest_route=%2Fwp%2Fv2%2Fcategories&post=63818"},{"taxonomy":"post_tag","embeddable":true,"href":"https:\/\/aconteceunovale.com.br\/portal\/index.php?rest_route=%2Fwp%2Fv2%2Ftags&post=63818"}],"curies":[{"name":"wp","href":"https:\/\/api.w.org\/{rel}","templated":true}]}}