{"id":63695,"date":"2015-07-19T18:32:22","date_gmt":"2015-07-19T21:32:22","guid":{"rendered":"http:\/\/aconteceunovale.com.br\/portal\/?p=63695"},"modified":"2015-07-19T18:32:22","modified_gmt":"2015-07-19T21:32:22","slug":"funcionario-da-usiminas-morre-em-acidente-na-br-381","status":"publish","type":"post","link":"https:\/\/aconteceunovale.com.br\/portal\/?p=63695","title":{"rendered":"Funcion\u00e1rio da Usiminas morre em acidente na BR-381"},"content":{"rendered":"<h4><strong><em>Colis\u00e3o entre carro e moto aconteceu no KM 220, pr\u00f3ximo a Cenibra. Jos\u00e9 Geraldo Barreto, de 50 anos, veio a \u00f3bito no local.<\/em><\/strong><\/h4>\n<p>Um homem de 50 anos morreu em um acidente envolvendo uma moto e um carro de passeio por volta das 7h30 da manh\u00e3 deste domingo, 19 de julho, na BR-381, no munic\u00edpio de Belo Oriente, no Leste de Minas Gerais. A v\u00edtima usava um crach\u00e1 da Usiminas. <\/p>\n<p>De acordo com informa\u00e7\u00f5es, Jos\u00e9 Geraldo Barreto trafegava no sentido Ipatinga\/Belo Oriente, quando colidiu frontalmente contra um Fiat Siena, na altura do quil\u00f4metro 220, pr\u00f3ximo ao trevo de Perp\u00e9tuo Socorro. Com o impacto do acidente, o motociclista ficou gravemente ferido e veio a \u00f3bito no local. Os cinco ocupantes do carro n\u00e3o ficaram feridos.<\/p>\n<p>A Per\u00edcia T\u00e9cnica da Pol\u00edcia Civil foi acionada e ap\u00f3s os trabalhos de praxe, o corpo foi removido ao Instituto M\u00e9dico Legal (IML) de Ipatinga. As causas do acidente s\u00e3o apuradas pela Pol\u00edcia.<\/p>\n<p><img decoding=\"async\" src=\"http:\/\/aconteceunovale.com.br\/portal\/wp-content\/uploads\/2015\/07\/acidente_metalurgico_usiminas_1.jpg\" alt=\"\" \/><em>Colis\u00e3o entre carro e moto aconteceu pr\u00f3ximo a Cenibra &#8211; Foto: Internauta\/Via WhatsApp<\/em><br \/>\n<\/br><\/p>\n<p><img decoding=\"async\" src=\"http:\/\/aconteceunovale.com.br\/portal\/wp-content\/uploads\/2015\/07\/acidente_metalurgico_usiminas_2.jpg\" alt=\"\" \/><em>Colis\u00e3o entre carro e moto aconteceu pr\u00f3ximo a Cenibra &#8211; Foto: Internauta\/Via WhatsApp<\/em><\/p>\n","protected":false},"excerpt":{"rendered":"<p>Colis\u00e3o entre carro e moto aconteceu no KM 220, pr\u00f3ximo a Cenibra. Jos\u00e9 Geraldo Barreto, de 50 anos, veio a \u00f3bito no local. Um homem de 50 anos morreu em um acidente envolvendo uma moto e um carro de passeio por volta das 7h30 da manh\u00e3 deste domingo, 19 de julho, na BR-381, no munic\u00edpio [&hellip;]<\/p>\n","protected":false},"author":1,"featured_media":63697,"comment_status":"open","ping_status":"closed","sticky":false,"template":"","format":"standard","meta":{"amp_status":"","footnotes":""},"categories":[121],"tags":[52200,16176,52201,350,52199,201,52203,52202],"class_list":["post-63695","post","type-post","status-publish","format-standard","has-post-thumbnail","hentry","category-leste","tag-acidente-com-funcionario-da-usiminas-na-381","tag-acidente-em-belo-oriente","tag-acidente-na-br-381-em-belo-oriente","tag-belo-oriente","tag-funcionario-da-usiminas-morre-em-acidente-na-br-381","tag-ipatinga","tag-jose-geraldo-barreto","tag-morte-de-funcionario-da-usiminas"],"_links":{"self":[{"href":"https:\/\/aconteceunovale.com.br\/portal\/index.php?rest_route=\/wp\/v2\/posts\/63695","targetHints":{"allow":["GET"]}}],"collection":[{"href":"https:\/\/aconteceunovale.com.br\/portal\/index.php?rest_route=\/wp\/v2\/posts"}],"about":[{"href":"https:\/\/aconteceunovale.com.br\/portal\/index.php?rest_route=\/wp\/v2\/types\/post"}],"author":[{"embeddable":true,"href":"https:\/\/aconteceunovale.com.br\/portal\/index.php?rest_route=\/wp\/v2\/users\/1"}],"replies":[{"embeddable":true,"href":"https:\/\/aconteceunovale.com.br\/portal\/index.php?rest_route=%2Fwp%2Fv2%2Fcomments&post=63695"}],"version-history":[{"count":0,"href":"https:\/\/aconteceunovale.com.br\/portal\/index.php?rest_route=\/wp\/v2\/posts\/63695\/revisions"}],"wp:featuredmedia":[{"embeddable":true,"href":"https:\/\/aconteceunovale.com.br\/portal\/index.php?rest_route=\/wp\/v2\/media\/63697"}],"wp:attachment":[{"href":"https:\/\/aconteceunovale.com.br\/portal\/index.php?rest_route=%2Fwp%2Fv2%2Fmedia&parent=63695"}],"wp:term":[{"taxonomy":"category","embeddable":true,"href":"https:\/\/aconteceunovale.com.br\/portal\/index.php?rest_route=%2Fwp%2Fv2%2Fcategories&post=63695"},{"taxonomy":"post_tag","embeddable":true,"href":"https:\/\/aconteceunovale.com.br\/portal\/index.php?rest_route=%2Fwp%2Fv2%2Ftags&post=63695"}],"curies":[{"name":"wp","href":"https:\/\/api.w.org\/{rel}","templated":true}]}}