{"id":63686,"date":"2015-07-18T22:59:46","date_gmt":"2015-07-19T01:59:46","guid":{"rendered":"http:\/\/aconteceunovale.com.br\/portal\/?p=63686"},"modified":"2015-07-18T23:16:12","modified_gmt":"2015-07-19T02:16:12","slug":"homem-morre-apos-ser-atropelado-por-veiculo-em-capelinha","status":"publish","type":"post","link":"https:\/\/aconteceunovale.com.br\/portal\/?p=63686","title":{"rendered":"Homem morre ap\u00f3s ser atropelado por ve\u00edculo em Capelinha"},"content":{"rendered":"<h4><strong><em>Acidente aconteceu na LMG-723, na sa\u00edda para Aricanduva. V\u00edtima seguia em dire\u00e7\u00e3o a Comunidade de S\u00e3o Felipe.<\/em><\/strong><\/h4>\n<p>Um homem morreu ap\u00f3s ser atropelado neste s\u00e1bado, 18 de julho, na LMG-723, na sa\u00edda de Capelinha para Aricanduva, no Vale do Jequitinhonha. De acordo com informa\u00e7\u00f5es, Deusdete Alves da Cruz transitava pela rodovia em dire\u00e7\u00e3o \u00e0 comunidade de S\u00e3o Felipe, quando foi atingido por um carro pr\u00f3ximo ao pr\u00e9dio do Latic\u00ednio Capelinha.<\/p>\n<p>A v\u00edtima chegou a ser socorrida por uma equipe do Servi\u00e7o de Atendimento M\u00f3vel de Urg\u00eancia (SAMU), mas n\u00e3o resistiu aos graves ferimentos e veio a \u00f3bito. As causas do acidente s\u00e3o apuradas pela Pol\u00edcia.<\/p>\n","protected":false},"excerpt":{"rendered":"<p>Acidente aconteceu na LMG-723, na sa\u00edda para Aricanduva. V\u00edtima seguia em dire\u00e7\u00e3o a Comunidade de S\u00e3o Felipe. Um homem morreu ap\u00f3s ser atropelado neste s\u00e1bado, 18 de julho, na LMG-723, na sa\u00edda de Capelinha para Aricanduva, no Vale do Jequitinhonha. De acordo com informa\u00e7\u00f5es, Deusdete Alves da Cruz transitava pela rodovia em dire\u00e7\u00e3o \u00e0 comunidade [&hellip;]<\/p>\n","protected":false},"author":1,"featured_media":42404,"comment_status":"open","ping_status":"closed","sticky":false,"template":"","format":"standard","meta":{"amp_status":"","footnotes":""},"categories":[120],"tags":[4598,551,52192,132,52194,52195,52193,52191],"class_list":["post-63686","post","type-post","status-publish","format-standard","has-post-thumbnail","hentry","category-jequi","tag-acidente-em-capelinha","tag-aricanduva","tag-atropelado-por-carro-em-capelinha","tag-capelinha","tag-deusdete-alves-da-cruz","tag-deusdethi-alves-da-cruz","tag-homem-morre-apos-ser-atropelado-por-veiculo-em-capelinha","tag-homem-morre-atropelado-por-carro-em-capelinha"],"_links":{"self":[{"href":"https:\/\/aconteceunovale.com.br\/portal\/index.php?rest_route=\/wp\/v2\/posts\/63686","targetHints":{"allow":["GET"]}}],"collection":[{"href":"https:\/\/aconteceunovale.com.br\/portal\/index.php?rest_route=\/wp\/v2\/posts"}],"about":[{"href":"https:\/\/aconteceunovale.com.br\/portal\/index.php?rest_route=\/wp\/v2\/types\/post"}],"author":[{"embeddable":true,"href":"https:\/\/aconteceunovale.com.br\/portal\/index.php?rest_route=\/wp\/v2\/users\/1"}],"replies":[{"embeddable":true,"href":"https:\/\/aconteceunovale.com.br\/portal\/index.php?rest_route=%2Fwp%2Fv2%2Fcomments&post=63686"}],"version-history":[{"count":0,"href":"https:\/\/aconteceunovale.com.br\/portal\/index.php?rest_route=\/wp\/v2\/posts\/63686\/revisions"}],"wp:featuredmedia":[{"embeddable":true,"href":"https:\/\/aconteceunovale.com.br\/portal\/index.php?rest_route=\/wp\/v2\/media\/42404"}],"wp:attachment":[{"href":"https:\/\/aconteceunovale.com.br\/portal\/index.php?rest_route=%2Fwp%2Fv2%2Fmedia&parent=63686"}],"wp:term":[{"taxonomy":"category","embeddable":true,"href":"https:\/\/aconteceunovale.com.br\/portal\/index.php?rest_route=%2Fwp%2Fv2%2Fcategories&post=63686"},{"taxonomy":"post_tag","embeddable":true,"href":"https:\/\/aconteceunovale.com.br\/portal\/index.php?rest_route=%2Fwp%2Fv2%2Ftags&post=63686"}],"curies":[{"name":"wp","href":"https:\/\/api.w.org\/{rel}","templated":true}]}}