{"id":63642,"date":"2015-07-17T21:47:13","date_gmt":"2015-07-18T00:47:13","guid":{"rendered":"http:\/\/aconteceunovale.com.br\/portal\/?p=63642"},"modified":"2015-07-17T21:47:13","modified_gmt":"2015-07-18T00:47:13","slug":"colisao-entre-carro-e-moto-deixa-quatro-pessoas-feridas-em-montes-claros","status":"publish","type":"post","link":"https:\/\/aconteceunovale.com.br\/portal\/?p=63642","title":{"rendered":"Colis\u00e3o entre carro e moto deixa quatro pessoas feridas em Montes Claros"},"content":{"rendered":"<p>Quatro pessoas ficaram feridas em um acidente envolvendo um carro e uma moto na tarde desta sexta-feira (17\/07) em Montes Claros, no Norte de Minas. Testemunhas afirmaram que o condutor e o passageiro da motocicleta aguardavam a abertura  do sem\u00e1foro da Avenida Sidney Chaves, esquina com a Rua Ipanema, no Bairro Edgar Pereira, quando foram atingidos pelo carro.<\/p>\n<p>Com a batida, o carro subiu na cal\u00e7ada e atingiu a estrutura de sustenta\u00e7\u00e3o do sem\u00e1foro e s\u00f3 parou ap\u00f3s bater na grade de prote\u00e7\u00e3o do C\u00f3rrego da Avenida. De acordo como Samu, o passageiro do carro apresentava sinais de embriaguez.<\/p>\n<p>\u201cEle apresentava les\u00f5es na face e ainda n\u00edveis de consci\u00eancia rebaixados. Ele mesmo afirmou ter feito ingest\u00e3o de bebida alco\u00f3lica. J\u00e1 o motorista, apesar de pequeno n\u00edvel de sonol\u00eancia, afirmou n\u00e3o ter ingerido bebida alco\u00f3lica e tamb\u00e9m n\u00e3o apresentava h\u00e1lito et\u00edlico\u201d, afirmou a enfermeira do Samu, Camila Suelen Costa.<\/p>\n<p>Ainda de acordo com o Samu, condutor da motocicleta apresentava sinais de fratura na perna e o passageiro sofreu escoria\u00e7\u00f5es.<\/p>\n<p><img decoding=\"async\" src=\"http:\/\/aconteceunovale.com.br\/portal\/wp-content\/uploads\/2015\/07\/acidente_moc_17.jpg\" alt=\"\" \/><em>Carro bateu em moto e atingiu a estrutura de sustenta\u00e7\u00e3o do sem\u00e1foro (Foto: P\u00e1gina Eventos Moc)<\/em><br \/>\n<\/br><\/p>\n<p><em>(Fonte: Inter TV Grande Minas \/ G1)<\/em><\/p>\n","protected":false},"excerpt":{"rendered":"<p>Quatro pessoas ficaram feridas em um acidente envolvendo um carro e uma moto na tarde desta sexta-feira (17\/07) em Montes Claros, no Norte de Minas. Testemunhas afirmaram que o condutor e o passageiro da motocicleta aguardavam a abertura do sem\u00e1foro da Avenida Sidney Chaves, esquina com a Rua Ipanema, no Bairro Edgar Pereira, quando foram [&hellip;]<\/p>\n","protected":false},"author":1,"featured_media":63643,"comment_status":"open","ping_status":"closed","sticky":false,"template":"","format":"standard","meta":{"amp_status":"","footnotes":""},"categories":[1236],"tags":[16673,52130,52129,210],"class_list":["post-63642","post","type-post","status-publish","format-standard","has-post-thumbnail","hentry","category-norte_de_minas","tag-acidente-em-montes-claros","tag-batida-entre-carro-e-moto-em-montes-claros","tag-colisao-entre-carro-e-moto-deixa-quatro-pessoas-feridas-em-montes-claros","tag-montes-claros"],"_links":{"self":[{"href":"https:\/\/aconteceunovale.com.br\/portal\/index.php?rest_route=\/wp\/v2\/posts\/63642","targetHints":{"allow":["GET"]}}],"collection":[{"href":"https:\/\/aconteceunovale.com.br\/portal\/index.php?rest_route=\/wp\/v2\/posts"}],"about":[{"href":"https:\/\/aconteceunovale.com.br\/portal\/index.php?rest_route=\/wp\/v2\/types\/post"}],"author":[{"embeddable":true,"href":"https:\/\/aconteceunovale.com.br\/portal\/index.php?rest_route=\/wp\/v2\/users\/1"}],"replies":[{"embeddable":true,"href":"https:\/\/aconteceunovale.com.br\/portal\/index.php?rest_route=%2Fwp%2Fv2%2Fcomments&post=63642"}],"version-history":[{"count":0,"href":"https:\/\/aconteceunovale.com.br\/portal\/index.php?rest_route=\/wp\/v2\/posts\/63642\/revisions"}],"wp:featuredmedia":[{"embeddable":true,"href":"https:\/\/aconteceunovale.com.br\/portal\/index.php?rest_route=\/wp\/v2\/media\/63643"}],"wp:attachment":[{"href":"https:\/\/aconteceunovale.com.br\/portal\/index.php?rest_route=%2Fwp%2Fv2%2Fmedia&parent=63642"}],"wp:term":[{"taxonomy":"category","embeddable":true,"href":"https:\/\/aconteceunovale.com.br\/portal\/index.php?rest_route=%2Fwp%2Fv2%2Fcategories&post=63642"},{"taxonomy":"post_tag","embeddable":true,"href":"https:\/\/aconteceunovale.com.br\/portal\/index.php?rest_route=%2Fwp%2Fv2%2Ftags&post=63642"}],"curies":[{"name":"wp","href":"https:\/\/api.w.org\/{rel}","templated":true}]}}