{"id":63636,"date":"2015-07-17T21:17:18","date_gmt":"2015-07-18T00:17:18","guid":{"rendered":"http:\/\/aconteceunovale.com.br\/portal\/?p=63636"},"modified":"2015-07-17T21:17:18","modified_gmt":"2015-07-18T00:17:18","slug":"ex-delegado-regional-de-capelinha-assume-o-8o-departamento-em-governador-valadares","status":"publish","type":"post","link":"https:\/\/aconteceunovale.com.br\/portal\/?p=63636","title":{"rendered":"Ex-delegado regional de Capelinha assume o 8\u00ba Departamento em Governador Valadares"},"content":{"rendered":"<h4><strong><em>R\u00f4mulo Quintino era respons\u00e1vel pela Delegacia Regional de Capelinha. Cerim\u00f4nia de posse ocorreu na manh\u00e3 desta sexta-feira (17).<\/em><\/strong><\/h4>\n<p>Foi realizada nesta sexta-feira, 17 de julho, a cerim\u00f4nia de posse do novo comando da Pol\u00edcia Civil de Governador Valadares, no Vale do Rio Doce. O delegado A\u00edlton Lacerda, que ocupou o cargo nos \u00faltimos quatro anos, vai para Belo Horizonte e representar a Pol\u00edcia Civil na Secretaria de Estado de Defesa Social.<\/p>\n<p>O novo chefe \u00e9 o delegado R\u00f4mulo Quintino da Silva, que atuava como delegado regional em Capelinha, no Vale do Jequitinhonha. A cerim\u00f4nia contou com a presen\u00e7a de autoridades pol\u00edticas, delegados e policiais.<\/p>\n<p>O 8\u00ba Departamento abrange 64 munic\u00edpios, com 289 servidores, e atende \u00e0s delegacias regionais de Governador Valadares e Guanh\u00e3es.<\/p>\n<p><img decoding=\"async\" src=\"http:\/\/aconteceunovale.com.br\/portal\/wp-content\/uploads\/2015\/07\/delegado_regional_gv.jpg\" alt=\"\" \/><em>R\u00f4mulo Quintino assumiu o 8\u00ba Departamento de Pol\u00edcia Civil &#8211; Foto: Inter TV<\/em><br \/>\n<\/br><\/p>\n<p><em>(Fonte: Inter TV dos Vales \/ G1)<\/em><\/p>\n","protected":false},"excerpt":{"rendered":"<p>R\u00f4mulo Quintino era respons\u00e1vel pela Delegacia Regional de Capelinha. Cerim\u00f4nia de posse ocorreu na manh\u00e3 desta sexta-feira (17). Foi realizada nesta sexta-feira, 17 de julho, a cerim\u00f4nia de posse do novo comando da Pol\u00edcia Civil de Governador Valadares, no Vale do Rio Doce. O delegado A\u00edlton Lacerda, que ocupou o cargo nos \u00faltimos quatro anos, [&hellip;]<\/p>\n","protected":false},"author":1,"featured_media":63637,"comment_status":"open","ping_status":"closed","sticky":false,"template":"","format":"standard","meta":{"amp_status":"","footnotes":""},"categories":[121],"tags":[52123,52122,52124,132,52121,52120,247,25348],"class_list":["post-63636","post","type-post","status-publish","format-standard","has-post-thumbnail","hentry","category-leste","tag-8o-departamento-de-policia-civil-em-governador-valadares","tag-8o-departamento-em-governador-valadares","tag-ailton-lacerda","tag-capelinha","tag-ex-delegado-regional-de-capelinha","tag-ex-delegado-regional-de-capelinha-assume-o-8o-departamento-em-governador-valadares","tag-governador-valadares","tag-romulo-quintino-da-silva"],"_links":{"self":[{"href":"https:\/\/aconteceunovale.com.br\/portal\/index.php?rest_route=\/wp\/v2\/posts\/63636","targetHints":{"allow":["GET"]}}],"collection":[{"href":"https:\/\/aconteceunovale.com.br\/portal\/index.php?rest_route=\/wp\/v2\/posts"}],"about":[{"href":"https:\/\/aconteceunovale.com.br\/portal\/index.php?rest_route=\/wp\/v2\/types\/post"}],"author":[{"embeddable":true,"href":"https:\/\/aconteceunovale.com.br\/portal\/index.php?rest_route=\/wp\/v2\/users\/1"}],"replies":[{"embeddable":true,"href":"https:\/\/aconteceunovale.com.br\/portal\/index.php?rest_route=%2Fwp%2Fv2%2Fcomments&post=63636"}],"version-history":[{"count":0,"href":"https:\/\/aconteceunovale.com.br\/portal\/index.php?rest_route=\/wp\/v2\/posts\/63636\/revisions"}],"wp:featuredmedia":[{"embeddable":true,"href":"https:\/\/aconteceunovale.com.br\/portal\/index.php?rest_route=\/wp\/v2\/media\/63637"}],"wp:attachment":[{"href":"https:\/\/aconteceunovale.com.br\/portal\/index.php?rest_route=%2Fwp%2Fv2%2Fmedia&parent=63636"}],"wp:term":[{"taxonomy":"category","embeddable":true,"href":"https:\/\/aconteceunovale.com.br\/portal\/index.php?rest_route=%2Fwp%2Fv2%2Fcategories&post=63636"},{"taxonomy":"post_tag","embeddable":true,"href":"https:\/\/aconteceunovale.com.br\/portal\/index.php?rest_route=%2Fwp%2Fv2%2Ftags&post=63636"}],"curies":[{"name":"wp","href":"https:\/\/api.w.org\/{rel}","templated":true}]}}