{"id":63580,"date":"2015-07-17T10:54:03","date_gmt":"2015-07-17T13:54:03","guid":{"rendered":"http:\/\/aconteceunovale.com.br\/portal\/?p=63580"},"modified":"2015-07-17T10:54:03","modified_gmt":"2015-07-17T13:54:03","slug":"motorista-morre-apos-carreta-tombar-na-br-116-no-municipio-padre-paraiso","status":"publish","type":"post","link":"https:\/\/aconteceunovale.com.br\/portal\/?p=63580","title":{"rendered":"Motorista morre ap\u00f3s carreta tombar na BR-116, no munic\u00edpio Padre Para\u00edso"},"content":{"rendered":"<h4><strong><em>Acidente aconteceu em uma curva na altura do KM 161. Gustavo Medeiros Pereira, de 35 anos, morreu no local.<\/em><\/strong><\/h4>\n<p>Um homem de 35 anos morreu na madrugada dessa quinta-feira, 16 de julho, em um acidente na BR-116, no munic\u00edpio de Padre Para\u00edso, no Vale do Jequitinhonha. Segundo informa\u00e7\u00f5es da Pol\u00edcia Rodovi\u00e1ria Federal (PRF), a v\u00edtima dirigia uma carreta, com placa de Cataguases (MG), quando perdeu o controle da dire\u00e7\u00e3o em uma curva e tombou na altura do quil\u00f4metro 161.<\/p>\n<p>Com o impacto do acidente, o condutor, identificado como Gustavo Medeiros Pereira, n\u00e3o resistiu aos graves ferimentos e morreu no local. A Per\u00edcia T\u00e9cnica da Pol\u00edcia Civil foi acionada e ap\u00f3s os procedimentos de praxe, o corpo foi removido ao Instituto M\u00e9dico Legal (IML) de Te\u00f3filo Otoni. <\/p>\n<p>De acordo com o informe do IML, a v\u00edtima a causa da morte foi um politraumatismo. Gustavo Medeiros residia no munic\u00edpio de Cataguases.<\/p>\n<p><img decoding=\"async\" src=\"http:\/\/aconteceunovale.com.br\/portal\/wp-content\/uploads\/2015\/07\/acidente_padre_paraiso_16.jpg\" alt=\"\" \/><em>Acidente aconteceu no KM 161 &#8211; Foto: Cedida por Micharles Almeida do Auto Socorro Chapolim<\/em><\/p>\n","protected":false},"excerpt":{"rendered":"<p>Acidente aconteceu em uma curva na altura do KM 161. Gustavo Medeiros Pereira, de 35 anos, morreu no local. Um homem de 35 anos morreu na madrugada dessa quinta-feira, 16 de julho, em um acidente na BR-116, no munic\u00edpio de Padre Para\u00edso, no Vale do Jequitinhonha. Segundo informa\u00e7\u00f5es da Pol\u00edcia Rodovi\u00e1ria Federal (PRF), a v\u00edtima [&hellip;]<\/p>\n","protected":false},"author":1,"featured_media":63581,"comment_status":"open","ping_status":"closed","sticky":false,"template":"","format":"standard","meta":{"amp_status":"","footnotes":""},"categories":[120],"tags":[52016,52017,52018,13718,13720,1503,52015,52020,52023,52022,52021,52019],"class_list":["post-63580","post","type-post","status-publish","format-standard","has-post-thumbnail","hentry","category-jequi","tag-acidente-com-carreta-da-furlong","tag-acidente-com-motorista-da-furlong","tag-acidente-com-motorista-de-cataguases","tag-acidente-em-padre-paraiso","tag-acidente-na-br-116-em-padre-paraiso","tag-cataguases","tag-furlong","tag-gustavo-medeiros-pereira","tag-motorista-morre-apos-carreta-tombar-na-br-116","tag-motorista-morre-apos-carreta-tombar-na-br-116-em-padre-paraiso","tag-motorista-morre-apos-carreta-tombar-na-br-116-no-municipio-padre-paraiso","tag-padre-paraisoa"],"_links":{"self":[{"href":"https:\/\/aconteceunovale.com.br\/portal\/index.php?rest_route=\/wp\/v2\/posts\/63580","targetHints":{"allow":["GET"]}}],"collection":[{"href":"https:\/\/aconteceunovale.com.br\/portal\/index.php?rest_route=\/wp\/v2\/posts"}],"about":[{"href":"https:\/\/aconteceunovale.com.br\/portal\/index.php?rest_route=\/wp\/v2\/types\/post"}],"author":[{"embeddable":true,"href":"https:\/\/aconteceunovale.com.br\/portal\/index.php?rest_route=\/wp\/v2\/users\/1"}],"replies":[{"embeddable":true,"href":"https:\/\/aconteceunovale.com.br\/portal\/index.php?rest_route=%2Fwp%2Fv2%2Fcomments&post=63580"}],"version-history":[{"count":0,"href":"https:\/\/aconteceunovale.com.br\/portal\/index.php?rest_route=\/wp\/v2\/posts\/63580\/revisions"}],"wp:featuredmedia":[{"embeddable":true,"href":"https:\/\/aconteceunovale.com.br\/portal\/index.php?rest_route=\/wp\/v2\/media\/63581"}],"wp:attachment":[{"href":"https:\/\/aconteceunovale.com.br\/portal\/index.php?rest_route=%2Fwp%2Fv2%2Fmedia&parent=63580"}],"wp:term":[{"taxonomy":"category","embeddable":true,"href":"https:\/\/aconteceunovale.com.br\/portal\/index.php?rest_route=%2Fwp%2Fv2%2Fcategories&post=63580"},{"taxonomy":"post_tag","embeddable":true,"href":"https:\/\/aconteceunovale.com.br\/portal\/index.php?rest_route=%2Fwp%2Fv2%2Ftags&post=63580"}],"curies":[{"name":"wp","href":"https:\/\/api.w.org\/{rel}","templated":true}]}}