{"id":63575,"date":"2015-07-17T10:15:28","date_gmt":"2015-07-17T13:15:28","guid":{"rendered":"http:\/\/aconteceunovale.com.br\/portal\/?p=63575"},"modified":"2015-07-17T10:15:28","modified_gmt":"2015-07-17T13:15:28","slug":"homem-e-morto-com-facada-no-peito-apos-briga-na-zona-rural-de-carai","status":"publish","type":"post","link":"https:\/\/aconteceunovale.com.br\/portal\/?p=63575","title":{"rendered":"Homem \u00e9 morto com facada no peito ap\u00f3s briga na zona rural de Cara\u00ed"},"content":{"rendered":"<h4><strong><em>Crime aconteceu no Povoado de Ribeir\u00e3o de Santana. Autor do crime \u00e9 procurado pela Pol\u00edcia.<\/em><\/strong><\/h4>\n<p>Um trabalhador bra\u00e7al foi assassinado a facadas na noite dessa quinta-feira, 16 de julho, no Povoado de Ribeir\u00e3o de Santana, munic\u00edpio de Cara\u00ed, no Vale do Jequitinhonha. De acordo com a Pol\u00edcia Militar (PM), populares relataram que ap\u00f3s um desentendimento, um homem conhecido como Celinho desferiu um golpe de faca contra Jo\u00e3o Oswaldo.<\/p>\n<p>Quando os militares chegaram ao local, a v\u00edtima estava ca\u00edda no meio da rua e apresentava uma perfura\u00e7\u00e3o no t\u00f3rax, na regi\u00e3o do peito. A Per\u00edcia T\u00e9cnica da Pol\u00edcia Civil foi acionada e ap\u00f3s os trabalhos de praxe, o corpo foi removido ao Instituto M\u00e9dico legal (IML) de Te\u00f3filo Otoni. <\/p>\n<p>A Pol\u00edcia Militar iniciou rastreamentos com intuito de localizar e prender o autor do crime, por\u00e9m sem \u00eaxito at\u00e9 \u00e0s 2 horas da madrugada desta sexta-feira (17). A arma do crime foi localizada e apreendida.<\/p>\n","protected":false},"excerpt":{"rendered":"<p>Crime aconteceu no Povoado de Ribeir\u00e3o de Santana. Autor do crime \u00e9 procurado pela Pol\u00edcia. Um trabalhador bra\u00e7al foi assassinado a facadas na noite dessa quinta-feira, 16 de julho, no Povoado de Ribeir\u00e3o de Santana, munic\u00edpio de Cara\u00ed, no Vale do Jequitinhonha. De acordo com a Pol\u00edcia Militar (PM), populares relataram que ap\u00f3s um desentendimento, [&hellip;]<\/p>\n","protected":false},"author":1,"featured_media":42404,"comment_status":"open","ping_status":"closed","sticky":false,"template":"","format":"standard","meta":{"amp_status":"","footnotes":""},"categories":[120],"tags":[48308,32713,52008,490,52007,32714,48307,52009,52010],"class_list":["post-63575","post","type-post","status-publish","format-standard","has-post-thumbnail","hentry","category-jequi","tag-assassinado-em-carai","tag-assassinato-em-carai","tag-briga-na-zona-rural-de-carai","tag-carai","tag-homem-e-morto-com-facada-no-peito-apos-briga-na-zona-rural-de-carai","tag-homicidio-em-carai","tag-morto-em-carai","tag-povoado-de-ribeirao-de-santana","tag-ribeirao-de-santana"],"_links":{"self":[{"href":"https:\/\/aconteceunovale.com.br\/portal\/index.php?rest_route=\/wp\/v2\/posts\/63575","targetHints":{"allow":["GET"]}}],"collection":[{"href":"https:\/\/aconteceunovale.com.br\/portal\/index.php?rest_route=\/wp\/v2\/posts"}],"about":[{"href":"https:\/\/aconteceunovale.com.br\/portal\/index.php?rest_route=\/wp\/v2\/types\/post"}],"author":[{"embeddable":true,"href":"https:\/\/aconteceunovale.com.br\/portal\/index.php?rest_route=\/wp\/v2\/users\/1"}],"replies":[{"embeddable":true,"href":"https:\/\/aconteceunovale.com.br\/portal\/index.php?rest_route=%2Fwp%2Fv2%2Fcomments&post=63575"}],"version-history":[{"count":0,"href":"https:\/\/aconteceunovale.com.br\/portal\/index.php?rest_route=\/wp\/v2\/posts\/63575\/revisions"}],"wp:featuredmedia":[{"embeddable":true,"href":"https:\/\/aconteceunovale.com.br\/portal\/index.php?rest_route=\/wp\/v2\/media\/42404"}],"wp:attachment":[{"href":"https:\/\/aconteceunovale.com.br\/portal\/index.php?rest_route=%2Fwp%2Fv2%2Fmedia&parent=63575"}],"wp:term":[{"taxonomy":"category","embeddable":true,"href":"https:\/\/aconteceunovale.com.br\/portal\/index.php?rest_route=%2Fwp%2Fv2%2Fcategories&post=63575"},{"taxonomy":"post_tag","embeddable":true,"href":"https:\/\/aconteceunovale.com.br\/portal\/index.php?rest_route=%2Fwp%2Fv2%2Ftags&post=63575"}],"curies":[{"name":"wp","href":"https:\/\/api.w.org\/{rel}","templated":true}]}}