{"id":63572,"date":"2015-07-17T09:49:36","date_gmt":"2015-07-17T12:49:36","guid":{"rendered":"http:\/\/aconteceunovale.com.br\/portal\/?p=63572"},"modified":"2015-07-17T09:52:56","modified_gmt":"2015-07-17T12:52:56","slug":"cemig-apresenta-solucoes-simples-podem-reduzir-a-conta-no-inverno","status":"publish","type":"post","link":"https:\/\/aconteceunovale.com.br\/portal\/?p=63572","title":{"rendered":"Cemig apresenta solu\u00e7\u00f5es simples que podem reduzir a conta no inverno"},"content":{"rendered":"<h4><strong><em>Especialista da companhia orienta sobre verifica\u00e7\u00f5es que podem ser feitas para evitar o alto consumo e economizar no uso da energia el\u00e9trica.<\/em><\/strong><\/h4>\n<p>As contas de energia costumam aumentar nesta esta\u00e7\u00e3o do ano, especialmente devido \u00e0 utiliza\u00e7\u00e3o do chuveiro em pot\u00eancia m\u00e1xima e \u00e0 presen\u00e7a das pessoas por mais tempo em casa devido ao frio. Al\u00e9m disso, h\u00e1 o fen\u00f4meno natural que faz os dias escurecerem mais rapidamente, aumentando o tempo de funcionamento da ilumina\u00e7\u00e3o. S\u00e3o nuances que, aliadas a outros fatores de desperd\u00edcio, podem contribuir para elevar o consumo de energia residencial em at\u00e9 20%. Entretanto solu\u00e7\u00f5es simples para o uso correto da energia podem evitar esse aumento, principalmente neste per\u00edodo de condi\u00e7\u00f5es hidrol\u00f3gicas desfavor\u00e1veis, como recomenda Ranieri C\u00e9sar Leite, o analista de Comercializa\u00e7\u00e3o da\u00a0<a href=\"http:\/\/www.cemig.com.br\/\" target=\"_blank\">Companhia Energ\u00e9tica de Minas Gerais (Cemig)<\/a>.<\/p>\n<p>\u201cEm raz\u00e3o de sua elevada pot\u00eancia, os chuveiros s\u00e3o os equipamentos que mais consomem energia, representando cerca de 30%, de uma resid\u00eancia. Al\u00e9m disso, nas f\u00e9rias escolares, a presen\u00e7a das crian\u00e7as e adolescentes em casa aumenta o tempo de utiliza\u00e7\u00e3o de televisores e computadores. Dessa forma, para reduzir a pot\u00eancia sempre que for comprar um equipamento, fa\u00e7a a op\u00e7\u00e3o pelos mais eficientes, etiquetados pelo Inmetro na categoria A e, especialmente, os identificados com o selo Procel, da Eletrobras\u201d, destaca.<\/p>\n<p>Ainda, segundo o especialista, \u00e9 sempre bom verificar o estado da borracha de veda\u00e7\u00e3o de refrigeradores, j\u00e1 que, se as portas n\u00e3o estiverem fechando corretamente, a geladeira ou o freezer ir\u00e3o gastar mais energia para resfriar os alimentos.<\/p>\n<p>Ranieri Leite tamb\u00e9m ressalta que a popula\u00e7\u00e3o deve evitar o maior consumo dos aparelhos mais potentes no hor\u00e1rio de pico, como os aquecedores de ambiente. \u201cN\u00e3o existe pre\u00e7o diferente de energia para a resid\u00eancia ao longo do dia ou do ano, mas, se for poss\u00edvel evitar o consumo maior entre 17h e 20h, isso ir\u00e1 certamente ajudar o pa\u00eds, pois \u00e9 durante esse hor\u00e1rio que ocorre a ponta do sistema el\u00e9trico da Cemig\u201d, alerta.<\/p>\n<p><strong>L\u00e2mpadas incandescentes<\/strong><\/p>\n<p>As l\u00e2mpadas incandescentes de 60 watts deixaram de ser comercializadas no Brasil, desde o in\u00edcio de julho, em conformidade com mais uma fase da legisla\u00e7\u00e3o que restringe a produ\u00e7\u00e3o, importa\u00e7\u00e3o e comercializa\u00e7\u00e3o de l\u00e2mpadas incandescentes. Desde o ano passado, n\u00e3o se podia mais fabricar ou importar as l\u00e2mpadas incandescentes de 60 watts e, agora, esse tipo de l\u00e2mpada, mais tradicional no uso dom\u00e9stico, n\u00e3o poder\u00e1 ser mais vendida pelo com\u00e9rcio. A regulamenta\u00e7\u00e3o consta na Portaria Interministerial n\u00b0 1007\/2010, do Minist\u00e9rio de Minas e Energia.<\/p>\n<p>Com base nessa portaria, as l\u00e2mpadas incandescentes com pot\u00eancia de 15 a 40 watts ainda ter\u00e3o uma sobrevida de um ano, prazo m\u00e1ximo que os varejistas ter\u00e3o para comercializar seus estoques. Essa medida segue o cronograma da Portaria no 1007\/2010, que fixou \u00edndices m\u00ednimos de efici\u00eancia luminosa para fabrica\u00e7\u00e3o, importa\u00e7\u00e3o e comercializa\u00e7\u00e3o das l\u00e2mpadas incandescentes de uso geral em territ\u00f3rio brasileiro. Vale ressaltar que as l\u00e2mpadas incandescentes de pot\u00eancia acima de 75 watts j\u00e1 n\u00e3o estavam sendo comercializadas no Brasil.<\/p>\n<p>A substitui\u00e7\u00e3o desse modelo pode ser feita com vantagens pela l\u00e2mpada fluorescente compacta (LFC) de 15 watts que possui uma durabilidade at\u00e9 oito vezes maior A diferen\u00e7a de pre\u00e7o da LFC \u00e9 amortizada em at\u00e9 tr\u00eas meses, caso a utiliza\u00e7\u00e3o seja de tr\u00eas horas por dia. Essas l\u00e2mpadas tamb\u00e9m poder\u00e3o ser substitu\u00eddas pelas de LED de 10 watts, cuja vida \u00fatil pode chegar a 25 vezes mais que as incandescentes.<\/p>\n<p><strong>Confira algumas dicas para economizar energia:<\/strong><\/p>\n<p><span style=\"text-decoration: underline;\">Reduzir termostatos<\/span>: Seja no chuveiro, aquecedor, condicionador de ar, geladeira ou freezer, reduzir um grau no termostato pode representar uma economia de at\u00e9 5% da sua conta.<\/p>\n<p><span style=\"text-decoration: underline;\">Desligar quando n\u00e3o estiver em uso<\/span>: Equipamentos el\u00e9tricos e eletr\u00f4nicos produzidos no Brasil antes de 2001 tendem a consumir bastante energia mesmo quando em stand by, mas mesmo os aparelhos mais modernos tendem a consumir alguma energia durante todo o tempo em que est\u00e3o ligados na tomada, levando tamb\u00e9m ao desperd\u00edcio.<\/p>\n<p><span style=\"text-decoration: underline;\">Aparelhos de TV por assinatura<\/span>: Uma aten\u00e7\u00e3o especial deve ser dada aos aparelhos de TVs por assinatura, pois, ao desligarmos a TV, erroneamente achamos que esse aparelho tamb\u00e9m foi desligado e na maioria das vezes n\u00e3o foi. Deve\u2013se desligar tamb\u00e9m este aparelho.<\/p>\n<p><span style=\"text-decoration: underline;\">Ilumina\u00e7\u00e3o<\/span>: Evite acender l\u00e2mpadas durante o dia e aproveite ao m\u00e1ximo a ilumina\u00e7\u00e3o natural. Prefira as l\u00e2mpadas fluorescentes compactas, pois elas duram mais e consomem menos. Pinte paredes e tetos com cores claras, que refletem melhor a luz, diminuindo a necessidade de ilumina\u00e7\u00e3o artificial.<\/p>\n<p><span style=\"text-decoration: underline;\">Geladeira<\/span>: Evite abrir a geladeira frequentemente. Retire de uma s\u00f3 vez os alimentos de que precisa. N\u00e3o guarde alimentos ainda quentes. Para saber se a borracha de veda\u00e7\u00e3o est\u00e1 em bom estado, fa\u00e7a o seguinte teste: coloque uma folha de papel entre a porta e a geladeira, feche a porta e tente retirar a folha; se ela sair com facilidade, est\u00e1 na hora de trocar a borracha. Repita o teste em v\u00e1rios pontos da porta da geladeira. Nunca utilize a grade traseira para secar roupas ou cal\u00e7ados.<\/p>\n<p><span style=\"text-decoration: underline;\">Tomadas e fios<\/span>: Tomadas quentes s\u00e3o sin\u00f4nimo de desperd\u00edcio e risco de acidentes. Por isso, evite o uso de benjamins. Emendas mal feitas ou com fios de bitolas diferentes causam perda de energia.<\/p>\n<p><span style=\"text-decoration: underline;\">Celulares e C\u00e2meras<\/span>: Nunca deixe seu aparelho celular &#8220;dormir&#8221; carregando, ou seja, d\u00ea a carga e retire-os da tomada. Para c\u00e2meras digitais que n\u00e3o usam pilhas, aplica-se a mesma regra do celular. S\u00f3 carregue o tempo necess\u00e1rio especificado no manual.<\/p>\n<p><span style=\"text-decoration: underline;\">Computadores<\/span>: Quando n\u00e3o estiver usando, mantenha o computador desligado. D\u00ea prefer\u00eancia aos notebooks, que consomem menos energia. N\u00e3o deixe os acess\u00f3rios do computador (impressora, scanners etc.) ligados sem necessidade.<\/p>\n<p>Para saber mais sobre o uso da energia el\u00e9trica sem desperd\u00edcios, consulte o\u00a0<a href=\"http:\/\/http\/www.cemig.com.br\/pt-br\/atendimento\/Clientes\/Paginas\/evite_o_desperdicio.aspx\" target=\"_blank\">site da Cemig<\/a>.<\/p>\n","protected":false},"excerpt":{"rendered":"<p>Especialista da companhia orienta sobre verifica\u00e7\u00f5es que podem ser feitas para evitar o alto consumo e economizar no uso da energia el\u00e9trica. As contas de energia costumam aumentar nesta esta\u00e7\u00e3o do ano, especialmente devido \u00e0 utiliza\u00e7\u00e3o do chuveiro em pot\u00eancia m\u00e1xima e \u00e0 presen\u00e7a das pessoas por mais tempo em casa devido ao frio. Al\u00e9m [&hellip;]<\/p>\n","protected":false},"author":1,"featured_media":61902,"comment_status":"open","ping_status":"closed","sticky":false,"template":"","format":"standard","meta":{"amp_status":"","footnotes":""},"categories":[123],"tags":[347,52000,52006,52001,46705,52002,346,52005,52003,52004],"class_list":["post-63572","post","type-post","status-publish","format-standard","has-post-thumbnail","hentry","category-gerais","tag-cemig","tag-cemig-apresenta-solucoes-simples-podem-reduzir-a-conta-no-inverno","tag-cemig-apresenta-solucoes-simples-que-podem-reduzir-a-conta-no-inverno","tag-cemig-economia-no-inverno","tag-dicas-para-economizar-energia","tag-economia-de-energia-no-inverno-com-a-cemig","tag-economizar-energia","tag-reduzir-a-conta-da-cemig-no-inverno","tag-reduzir-a-conta-de-energia-no-inverno","tag-reduzir-a-conta-no-inverno"],"_links":{"self":[{"href":"https:\/\/aconteceunovale.com.br\/portal\/index.php?rest_route=\/wp\/v2\/posts\/63572","targetHints":{"allow":["GET"]}}],"collection":[{"href":"https:\/\/aconteceunovale.com.br\/portal\/index.php?rest_route=\/wp\/v2\/posts"}],"about":[{"href":"https:\/\/aconteceunovale.com.br\/portal\/index.php?rest_route=\/wp\/v2\/types\/post"}],"author":[{"embeddable":true,"href":"https:\/\/aconteceunovale.com.br\/portal\/index.php?rest_route=\/wp\/v2\/users\/1"}],"replies":[{"embeddable":true,"href":"https:\/\/aconteceunovale.com.br\/portal\/index.php?rest_route=%2Fwp%2Fv2%2Fcomments&post=63572"}],"version-history":[{"count":0,"href":"https:\/\/aconteceunovale.com.br\/portal\/index.php?rest_route=\/wp\/v2\/posts\/63572\/revisions"}],"wp:featuredmedia":[{"embeddable":true,"href":"https:\/\/aconteceunovale.com.br\/portal\/index.php?rest_route=\/wp\/v2\/media\/61902"}],"wp:attachment":[{"href":"https:\/\/aconteceunovale.com.br\/portal\/index.php?rest_route=%2Fwp%2Fv2%2Fmedia&parent=63572"}],"wp:term":[{"taxonomy":"category","embeddable":true,"href":"https:\/\/aconteceunovale.com.br\/portal\/index.php?rest_route=%2Fwp%2Fv2%2Fcategories&post=63572"},{"taxonomy":"post_tag","embeddable":true,"href":"https:\/\/aconteceunovale.com.br\/portal\/index.php?rest_route=%2Fwp%2Fv2%2Ftags&post=63572"}],"curies":[{"name":"wp","href":"https:\/\/api.w.org\/{rel}","templated":true}]}}