{"id":63570,"date":"2015-07-17T09:35:33","date_gmt":"2015-07-17T12:35:33","guid":{"rendered":"http:\/\/aconteceunovale.com.br\/portal\/?p=63570"},"modified":"2015-07-17T09:35:33","modified_gmt":"2015-07-17T12:35:33","slug":"16-ruas-de-almenara-ficarao-sem-energia-eletrica-no-proximo-domingo","status":"publish","type":"post","link":"https:\/\/aconteceunovale.com.br\/portal\/?p=63570","title":{"rendered":"16 ruas de Almenara ficar\u00e3o sem energia el\u00e9trica no pr\u00f3ximo domingo"},"content":{"rendered":"<p>A Companhia Energ\u00e9tica de Minas Gerais \u2013 Cemig informa que no pr\u00f3ximo domingo (19\/07) realizar\u00e1 obras de modifica\u00e7\u00e3o e extens\u00e3o de rede urbana, com a instala\u00e7\u00e3o de 41 postes equipados com ilumina\u00e7\u00e3o p\u00fablica para atender ao loteamento Jardim Para\u00edso em Almenara.<\/p>\n<p>A Empresa realizar\u00e1 esse trabalho durante o fim de semana, para minimizar o impacto da interrup\u00e7\u00e3o de energia para as atividades atingidas pelo desligamento.<\/p>\n<p>Para executar esses servi\u00e7os com seguran\u00e7a, ser\u00e1 necess\u00e1rio interromper o fornecimento de energia 08h \u00e0s 13h30min nos seguintes endere\u00e7os:<\/p>\n<p>&#8211; Rua Bias Fortes, entre n\u00fameros 780 E 1250<br \/>\n&#8211; Rua Tiradentes, entre n\u00fameros 906 E 959<br \/>\n&#8211; Rua Eurico Soares, entre n\u00fameros 447 E 998<br \/>\n&#8211; Rua Capit\u00e3o Zeca, entre n\u00fameros 195 E 895<br \/>\n&#8211; Rua C\u00e2ndido Mares, entre n\u00fameros 130 E 296<br \/>\n&#8211; Rua Tude Tupy, entre n\u00fameros 80 E 298<br \/>\n&#8211; Rua Rodrigues Seabra, entre n\u00fameros 144 E 185<br \/>\n&#8211; Rua Lindaura Gil, entre n\u00fameros 15 E 225,<br \/>\n&#8211; Rua Edwar Figueiredo, entre n\u00fameros 20 E 164<br \/>\n&#8211; Rua Rodrigues Seabra, entre n\u00fameros 221 E 287<br \/>\n&#8211; Rua Bias Fortes, entre n\u00fameros 1192 E 1805<br \/>\n&#8211; Rua Samuel Alves Oliveira, entre n\u00fameros 510 E 1006<br \/>\n&#8211; Rua Bahia, n\u00famero 232<br \/>\n&#8211; Rua Ant\u00f4nio Jos\u00e9 Santana, entre n\u00fameros 4 E 124<br \/>\n&#8211; Rua Argemiro de Aguilar, entre n\u00fameros 1182 E 1374<br \/>\n&#8211; Rua J\u00falio Sousa Figueiredo, entre n\u00fameros 22 E 608<\/p>\n<p>Durante esse per\u00edodo, caso precise executar algum servi\u00e7o na instala\u00e7\u00e3o el\u00e9trica interna, o consumidor dever\u00e1 desligar antes a chave geral (disjuntor) para sua seguran\u00e7a.<\/p>\n<p>A Cemig esclarece que, em fun\u00e7\u00e3o da complexidade dos servi\u00e7os a serem executados, poder\u00e1 ocorrer atraso no hor\u00e1rio previsto ou cancelamento deste desligamento sem aviso pr\u00e9vio. Por medida de seguran\u00e7a, todos os equipamentos devem ser considerados energizados durante o per\u00edodo mencionado. Caso os servi\u00e7os de melhoria sejam conclu\u00eddos antes do hor\u00e1rio indicado, o fornecimento de energia el\u00e9trica ser\u00e1 restabelecido.<\/p>\n","protected":false},"excerpt":{"rendered":"<p>A Companhia Energ\u00e9tica de Minas Gerais \u2013 Cemig informa que no pr\u00f3ximo domingo (19\/07) realizar\u00e1 obras de modifica\u00e7\u00e3o e extens\u00e3o de rede urbana, com a instala\u00e7\u00e3o de 41 postes equipados com ilumina\u00e7\u00e3o p\u00fablica para atender ao loteamento Jardim Para\u00edso em Almenara. A Empresa realizar\u00e1 esse trabalho durante o fim de semana, para minimizar o impacto [&hellip;]<\/p>\n","protected":false},"author":1,"featured_media":45951,"comment_status":"open","ping_status":"closed","sticky":false,"template":"","format":"standard","meta":{"amp_status":"","footnotes":""},"categories":[120],"tags":[51999,142,51997,347,51992,18567,51998,51995,51996,51993,51994],"class_list":["post-63570","post","type-post","status-publish","format-standard","has-post-thumbnail","hentry","category-jequi","tag-16-ruas-de-almenara-ficarao-sem-energia-eletrica-no-proximo-domingo","tag-almenara","tag-aviso-cemig-almenara","tag-cemig","tag-cemig-comunica-obras-na-rede-eletrica-de-almenara","tag-companhia-energetica-de-minas-gerais","tag-desligamento-programado-de-energia-em-almenara","tag-falta-de-energia-eletrica-em-almenara","tag-interrupcao-no-fornecimento-de-energia-eletrica-em-almenara","tag-obras-na-rede-eletrica-de-almenara","tag-queda-de-energia-em-almenara"],"_links":{"self":[{"href":"https:\/\/aconteceunovale.com.br\/portal\/index.php?rest_route=\/wp\/v2\/posts\/63570","targetHints":{"allow":["GET"]}}],"collection":[{"href":"https:\/\/aconteceunovale.com.br\/portal\/index.php?rest_route=\/wp\/v2\/posts"}],"about":[{"href":"https:\/\/aconteceunovale.com.br\/portal\/index.php?rest_route=\/wp\/v2\/types\/post"}],"author":[{"embeddable":true,"href":"https:\/\/aconteceunovale.com.br\/portal\/index.php?rest_route=\/wp\/v2\/users\/1"}],"replies":[{"embeddable":true,"href":"https:\/\/aconteceunovale.com.br\/portal\/index.php?rest_route=%2Fwp%2Fv2%2Fcomments&post=63570"}],"version-history":[{"count":0,"href":"https:\/\/aconteceunovale.com.br\/portal\/index.php?rest_route=\/wp\/v2\/posts\/63570\/revisions"}],"wp:featuredmedia":[{"embeddable":true,"href":"https:\/\/aconteceunovale.com.br\/portal\/index.php?rest_route=\/wp\/v2\/media\/45951"}],"wp:attachment":[{"href":"https:\/\/aconteceunovale.com.br\/portal\/index.php?rest_route=%2Fwp%2Fv2%2Fmedia&parent=63570"}],"wp:term":[{"taxonomy":"category","embeddable":true,"href":"https:\/\/aconteceunovale.com.br\/portal\/index.php?rest_route=%2Fwp%2Fv2%2Fcategories&post=63570"},{"taxonomy":"post_tag","embeddable":true,"href":"https:\/\/aconteceunovale.com.br\/portal\/index.php?rest_route=%2Fwp%2Fv2%2Ftags&post=63570"}],"curies":[{"name":"wp","href":"https:\/\/api.w.org\/{rel}","templated":true}]}}